{"id":21514,"date":"2023-07-18T22:05:11","date_gmt":"2023-07-19T01:05:11","guid":{"rendered":"https:\/\/revistaepocadigital.com.ar\/?p=21514"},"modified":"2023-07-18T22:05:11","modified_gmt":"2023-07-19T01:05:11","slug":"la-nueva-plaza-de-la-avenida-belgrano","status":"publish","type":"post","link":"https:\/\/revistaepocadigital.com.ar\/?p=21514","title":{"rendered":"LA NUEVA PLAZA DE LA AVENIDA BELGRANO"},"content":{"rendered":"<div class=\"xjkvuk6 xuyqlj2 x1odjw0f\">\n<div class=\"xdj266r x11i5rnm xat24cr x1mh8g0r x1vvkbs\">\n<div dir=\"auto\"><strong><span class=\"x3nfvp2 x1j61x8r x1fcty0u xdj266r xhhsvwb xat24cr xgzva0m xxymvpz xlup9mm x1kky2od\">JUNTO A AUTORIDADES DE LA FUNDACI\u00d3N BAPRO.<!--more--><\/span><\/strong><\/div>\n<div dir=\"auto\"><\/div>\n<\/div>\n<div class=\"x11i5rnm xat24cr x1mh8g0r x1vvkbs xtlvy1s\">\n<div dir=\"auto\">Qued\u00f3 renovada la Plaza de la Avenida\u00a0 Belgrano en Los Cardales, participando en la inauguraci\u00f3n autoridades municipales, candidatos oficialistas en las pr\u00f3ximas PASO yautoridades de la fundaci\u00f3n BAPRO.<\/div>\n<\/div>\n<div class=\"x11i5rnm xat24cr x1mh8g0r x1vvkbs xtlvy1s\">\n<div dir=\"auto\"><\/div>\n<div dir=\"auto\">El espacio cuenta con juegos infantiles como calesita, torre trepador, domo escalador, sube y baja, cuatro hamacas y un cerco de contenci\u00f3n recomendado por las familias TEA. Adem\u00e1s, tiene piso antigolpes y \u00e1rboles nativos provistos por el Ministerio de Ambiente de la Provincia.<\/div>\n<\/div>\n<div class=\"x11i5rnm xat24cr x1mh8g0r x1vvkbs xtlvy1s\">\n<div dir=\"auto\"><\/div>\n<div dir=\"auto\">La renovaci\u00f3n se realiz\u00f3 con el apoyo de la fundaci\u00f3n BAPRO, con el objetivo de fomentar el aprendizaje de los chicos, especialmente en los grupos de edad temprana, a trav\u00e9s de juegos que mejoran la comunicaci\u00f3n, aprenden a relacionarse, desarrollan la creatividad, enriquecen las funciones cognitivas y motoras, entre otros beneficios.<\/div>\n<\/div>\n<\/div>\n<p>&nbsp;<\/p>\n<div class=\"x1gslohp\">\n<div class=\"x1i10hfl xjbqb8w x6umtig x1b1mbwd xaqea5y xav7gou x9f619 x1ypdohk xt0psk2 xe8uvvx xdj266r x11i5rnm xat24cr x1mh8g0r xexx8yu x4uap5 x18d9i69 xkhd6sd x16tdsg8 x1hl2dhg xggy1nq x1a2a7pz xt0b8zv xzsf02u x1s688f\" tabindex=\"0\" role=\"button\"><\/div>\n<\/div>\n<p>&nbsp;<\/p>\n<p>&nbsp;<\/p>\n","protected":false},"excerpt":{"rendered":"<p>JUNTO A AUTORIDADES DE LA FUNDACI\u00d3N BAPRO.<\/p>\n","protected":false},"author":4,"featured_media":21515,"comment_status":"open","ping_status":"open","sticky":false,"template":"","format":"standard","meta":{"footnotes":"","jetpack_publicize_message":"","jetpack_publicize_feature_enabled":true,"jetpack_social_post_already_shared":true,"jetpack_social_options":{"image_generator_settings":{"template":"highway","default_image_id":0,"font":"","enabled":false},"version":2}},"categories":[4],"tags":[2383],"class_list":["post-21514","post","type-post","status-publish","format-standard","has-post-thumbnail","hentry","category-aqui-los-cardales","tag-plaza-avenida-belgrano-cardales"],"jetpack_publicize_connections":[],"jetpack_featured_media_url":"https:\/\/revistaepocadigital.com.ar\/wp-content\/uploads\/2023\/07\/361593410_582926500667661_8023750092752172091_n.jpg","jetpack_likes_enabled":true,"_links":{"self":[{"href":"https:\/\/revistaepocadigital.com.ar\/index.php?rest_route=\/wp\/v2\/posts\/21514","targetHints":{"allow":["GET"]}}],"collection":[{"href":"https:\/\/revistaepocadigital.com.ar\/index.php?rest_route=\/wp\/v2\/posts"}],"about":[{"href":"https:\/\/revistaepocadigital.com.ar\/index.php?rest_route=\/wp\/v2\/types\/post"}],"author":[{"embeddable":true,"href":"https:\/\/revistaepocadigital.com.ar\/index.php?rest_route=\/wp\/v2\/users\/4"}],"replies":[{"embeddable":true,"href":"https:\/\/revistaepocadigital.com.ar\/index.php?rest_route=%2Fwp%2Fv2%2Fcomments&post=21514"}],"version-history":[{"count":0,"href":"https:\/\/revistaepocadigital.com.ar\/index.php?rest_route=\/wp\/v2\/posts\/21514\/revisions"}],"wp:featuredmedia":[{"embeddable":true,"href":"https:\/\/revistaepocadigital.com.ar\/index.php?rest_route=\/wp\/v2\/media\/21515"}],"wp:attachment":[{"href":"https:\/\/revistaepocadigital.com.ar\/index.php?rest_route=%2Fwp%2Fv2%2Fmedia&parent=21514"}],"wp:term":[{"taxonomy":"category","embeddable":true,"href":"https:\/\/revistaepocadigital.com.ar\/index.php?rest_route=%2Fwp%2Fv2%2Fcategories&post=21514"},{"taxonomy":"post_tag","embeddable":true,"href":"https:\/\/revistaepocadigital.com.ar\/index.php?rest_route=%2Fwp%2Fv2%2Ftags&post=21514"}],"curies":[{"name":"wp","href":"https:\/\/api.w.org\/{rel}","templated":true}]}}