{"id":21517,"date":"2023-07-18T22:49:40","date_gmt":"2023-07-19T01:49:40","guid":{"rendered":"https:\/\/revistaepocadigital.com.ar\/?p=21517"},"modified":"2023-07-25T11:25:51","modified_gmt":"2023-07-25T14:25:51","slug":"el-cuestionamiento-de-massa-al-poder-judicial-tiempo-de-elecciones-que-le-dicen","status":"publish","type":"post","link":"https:\/\/revistaepocadigital.com.ar\/?p=21517","title":{"rendered":"EL CUESTIONAMIENTO DE MASSA AL PODER JUDICIAL. TIEMPO DE ELECCIONES QUE LE DICEN"},"content":{"rendered":"<div class=\"modules-container\">\n<p><strong>LA SALUD Y LA SEGURIDAD DE LOS ARGENTINOS, OCUPAN DESDE HACE DEMASIADOS A\u00d1OS, EL PODIO EN LAS PREOCUPACIONES DE LA GENTE SIN QUE LA GENTE PERCIBA ACCIONES EN POS DE PENSAR EN LA GENTE.<\/strong><\/p>\n<p>&nbsp;<\/p>\n<p><em><strong>&#8220;Aquellos que entran por una puerta a una comisar\u00eda no salgan por la otra: que los jueces y fiscales no se hagan los distra\u00eddos<\/strong><\/em>&#8220;, dijo Sergio Massa en su rol de precandidato a presidente.<\/p>\n<p>&nbsp;<\/p>\n<p><strong><!--more--><\/strong><\/p>\n<p>A tales temas centrales, fundamentales en nuestro pa\u00eds, se refiri\u00f3 el Ministro de Econom\u00eda y precandidato a presidente por Uni\u00f3n por Todos, Sergio Massa. Lo hizo en la ciudad de Merlo, durante el acto de entrega de nuevos patrulleros y motoveh\u00edculos par la nueva base Unidad T\u00e1ctica de Operaciones Inmediatas (UTOI), anunciando tambi\u00e9n una transferencia nacional de 13.129 millones de pesos a la provincia de Buenos Aires para avanzar en el equipamientro de la Polic\u00edal.<\/p>\n<p>Massa junto al ministro de Seguridad de la provincia, <strong>Sergio Berni<\/strong>, y el intendente de Merlo, Gustavo Men\u00e9ndez, remarc\u00f3 que<strong><em> &#8220;quer\u00eda estar por lo que simboliza este acto: la salud y seguridad son todo. Cuando no tenemos salud, cuando tenemos miedo, riesgo, no hay nada. No hay casa, trabajo o plata que reemplace el vivir con miedo<\/em><\/strong>&#8220;, asever\u00f3 a tono con la campa\u00f1a electoral que encabez.<\/p>\n<p>En otro pasaje de su discurso, y en l\u00ednea con sus \u00faltimas exposiciones p\u00fablicas, el titular del\u00a0<strong>Palacio de Hacienda\u00a0<\/strong>c<strong>uestion\u00f3 al Poder Judicial por liberar presos<\/strong>. <em>&#8220;Podemos tener la mejor tecnolog\u00eda de inteligencia y los mejores polic\u00edas, pero si la Polic\u00eda detiene y detiene y la Justicia libera y libera, de nada nos sirve el esfuerzo que se hace en la lucha contra la inseguridad&#8221;.<\/em><\/p>\n<p><em>&#8220;Es muy importante que al compromiso de nuestra Polic\u00eda, de los intendentes y del gobernador, lo<strong> acompa\u00f1e el compromiso en el territorio, con presencia, de fiscales y jueces de garant\u00edas que pongan la cara<\/strong>&#8220;<\/em>, reclam\u00f3 y concluy\u00f3:<strong> &#8220;Es compromiso de todos, del Legislativo sancionando las leyes, del Ejecutivo entregando equipos y tecnolog\u00eda y del Judicial condenando a los delincuentes para que quellos que entran por una puerta a una comisar\u00eda no salgan por la otra: que los jueces y fiscales no se hagan los distra\u00eddos<\/strong>&#8220;.<\/p>\n<\/div>\n","protected":false},"excerpt":{"rendered":"<p>LA SALUD Y LA SEGURIDAD DE LOS ARGENTINOS, OCUPAN DESDE HACE DEMASIADOS A\u00d1OS, EL PODIO EN LAS PREOCUPACIONES DE LA GENTE SIN QUE LA GENTE PERCIBA ACCIONES EN POS DE PENSAR EN LA GENTE. &nbsp; &#8220;Aquellos que entran por una puerta a una comisar\u00eda no salgan por la otra: que los jueces y fiscales no [&hellip;]<\/p>\n","protected":false},"author":3,"featured_media":21519,"comment_status":"open","ping_status":"open","sticky":false,"template":"","format":"standard","meta":{"footnotes":"","jetpack_publicize_message":"","jetpack_publicize_feature_enabled":true,"jetpack_social_post_already_shared":true,"jetpack_social_options":{"image_generator_settings":{"template":"highway","default_image_id":0,"font":"","enabled":false},"version":2}},"categories":[13],"tags":[1954,119,149],"class_list":["post-21517","post","type-post","status-publish","format-standard","has-post-thumbnail","hentry","category-interes-general","tag-massa","tag-salud","tag-seguridad"],"jetpack_publicize_connections":[],"jetpack_featured_media_url":"https:\/\/revistaepocadigital.com.ar\/wp-content\/uploads\/2023\/07\/massa-kici-merlo.webp","jetpack_likes_enabled":true,"_links":{"self":[{"href":"https:\/\/revistaepocadigital.com.ar\/index.php?rest_route=\/wp\/v2\/posts\/21517","targetHints":{"allow":["GET"]}}],"collection":[{"href":"https:\/\/revistaepocadigital.com.ar\/index.php?rest_route=\/wp\/v2\/posts"}],"about":[{"href":"https:\/\/revistaepocadigital.com.ar\/index.php?rest_route=\/wp\/v2\/types\/post"}],"author":[{"embeddable":true,"href":"https:\/\/revistaepocadigital.com.ar\/index.php?rest_route=\/wp\/v2\/users\/3"}],"replies":[{"embeddable":true,"href":"https:\/\/revistaepocadigital.com.ar\/index.php?rest_route=%2Fwp%2Fv2%2Fcomments&post=21517"}],"version-history":[{"count":0,"href":"https:\/\/revistaepocadigital.com.ar\/index.php?rest_route=\/wp\/v2\/posts\/21517\/revisions"}],"wp:featuredmedia":[{"embeddable":true,"href":"https:\/\/revistaepocadigital.com.ar\/index.php?rest_route=\/wp\/v2\/media\/21519"}],"wp:attachment":[{"href":"https:\/\/revistaepocadigital.com.ar\/index.php?rest_route=%2Fwp%2Fv2%2Fmedia&parent=21517"}],"wp:term":[{"taxonomy":"category","embeddable":true,"href":"https:\/\/revistaepocadigital.com.ar\/index.php?rest_route=%2Fwp%2Fv2%2Fcategories&post=21517"},{"taxonomy":"post_tag","embeddable":true,"href":"https:\/\/revistaepocadigital.com.ar\/index.php?rest_route=%2Fwp%2Fv2%2Ftags&post=21517"}],"curies":[{"name":"wp","href":"https:\/\/api.w.org\/{rel}","templated":true}]}}