{"id":21521,"date":"2023-07-18T23:15:22","date_gmt":"2023-07-19T02:15:22","guid":{"rendered":"https:\/\/revistaepocadigital.com.ar\/?p=21521"},"modified":"2023-07-18T23:15:22","modified_gmt":"2023-07-19T02:15:22","slug":"subsidios-para-centros-de-jubilados-del-distrito","status":"publish","type":"post","link":"https:\/\/revistaepocadigital.com.ar\/?p=21521","title":{"rendered":"Subsidios para Centros de Jubilados del distrito"},"content":{"rendered":"<div class=\"container ad ad_horizontal d-lg-block d-none\">\n<div class=\"row\">\n<div class=\"col\">\n<div id=\"div-gpt-ad-1641905004437-0\" class=\"d-lg-block d-none div_ad\" data-google-query-id=\"CIXyk6rWmYADFfdU3QIdYD8BVQ\">\n<div id=\"google_ads_iframe_\/21867415041\/nota\/nota_728x90_1_0__container__\"><strong>EL ANUNCIO.<!--more--><\/strong><\/div>\n<\/div>\n<\/div>\n<div>Tuvo lugar en Los Cardales; el intendente Diego Nanni junto a autoridades regionales y locales de PAMI, entregaron subsidios a centros de jubilados y pensionados de Exaltaci\u00f3n de la Cruz.<\/div>\n<\/div>\n<\/div>\n<p>&nbsp;<\/p>\n<div class=\"container\">\n<div class=\"row\">\n<div class=\"col-lg-9 col-md-12\">\n<div class=\"row cuerpo\">\n<div class=\"col\">\n<figure class=\"wp-block-image size-full is-resized\"><a title=\"Nanni entreg\u00f3 subsidios a Centros de Jubilados de todo el distrito\" href=\"https:\/\/www.noticiasd.com\/wp-content\/uploads\/2023\/07\/Nanni-Pami-4.jpg\"><img loading=\"lazy\" decoding=\"async\" class=\"wp-image-665666 loading\" src=\"https:\/\/www.noticiasd.com\/wp-content\/uploads\/2023\/07\/Nanni-Pami-4.jpg\" sizes=\"auto, (max-width: 840px) 100vw, 840px\" srcset=\"https:\/\/www.noticiasd.com\/wp-content\/uploads\/2023\/07\/Nanni-Pami-4.jpg 960w, https:\/\/www.noticiasd.com\/wp-content\/uploads\/2023\/07\/Nanni-Pami-4-300x199.jpg 300w, https:\/\/www.noticiasd.com\/wp-content\/uploads\/2023\/07\/Nanni-Pami-4-768x510.jpg 768w\" alt=\"\" width=\"840\" height=\"558\" data-was-processed=\"true\" \/><\/a><\/figure>\n<pre><em>Junto a las autoridades regionales del PAMI como Mart\u00edn Boragno, <\/em>\r\n<em>Bianca Verzello, Sebasti\u00e1n Barthes y Nieves Vel\u00e1zquez,<\/em>\r\n<em> el jefe comunal encabez\u00f3 un acto en las instalaciones <\/em>\r\n<em>del\u00a0Centro de Jubilados y Pensionados de Los Cardales.<\/em><\/pre>\n<figure class=\"wp-block-image size-full\"><a title=\"Nanni entreg\u00f3 subsidios a Centros de Jubilados de todo el distrito\" href=\"https:\/\/www.noticiasd.com\/wp-content\/uploads\/2023\/07\/Nanni-Pami-2.jpg\"><img loading=\"lazy\" decoding=\"async\" class=\"wp-image-665667 loading\" src=\"https:\/\/www.noticiasd.com\/wp-content\/uploads\/2023\/07\/Nanni-Pami-2.jpg\" sizes=\"auto, (max-width: 960px) 100vw, 960px\" srcset=\"https:\/\/www.noticiasd.com\/wp-content\/uploads\/2023\/07\/Nanni-Pami-2.jpg 960w, https:\/\/www.noticiasd.com\/wp-content\/uploads\/2023\/07\/Nanni-Pami-2-300x199.jpg 300w, https:\/\/www.noticiasd.com\/wp-content\/uploads\/2023\/07\/Nanni-Pami-2-768x510.jpg 768w\" alt=\"\" width=\"960\" height=\"638\" data-was-processed=\"true\" \/><\/a><\/figure>\n<p>Fueron firmados dos convenios por subsidios por m\u00e1s de un mill\u00f3n y medio de pesos para equipamiento, refacciones y mantenimiento de los Centros de Jubilados exaltacruce\u00f1os. \u201cAdem\u00e1s, se realiz\u00f3 la entrega las asignaciones universales por 50.000 pesos mensuales, para cada establecimiento\u201d, remarc\u00f3 el jefe comunal.<\/p>\n<p>\u201cJunto a PAMI, llevamos\u00a0invertidos m\u00e1s de 9 millones de pesos en los Centros de Jubilados de nuestro distrito. Es el mejor trabajo que podemos hacer, tener los centros abiertos, dar talleres y seguir ayudando para que siga siendo su lugar de pertenencia\u201d, destac\u00f3 Nanni y agradeci\u00f3 \u201ccomo siempre a las autoridades de PAMI, Mart\u00edn Boragno, Bianca Verzello, Sebasti\u00e1n Barthes y Nieves Vel\u00e1zquez\u00bb<\/p>\n<\/div>\n<\/div>\n<div class=\"row autor\">\n<div class=\"col\"><\/div>\n<\/div>\n<\/div>\n<\/div>\n<\/div>\n","protected":false},"excerpt":{"rendered":"<p>EL ANUNCIO.<\/p>\n","protected":false},"author":3,"featured_media":21523,"comment_status":"open","ping_status":"open","sticky":false,"template":"","format":"standard","meta":{"footnotes":"","jetpack_publicize_message":"","jetpack_publicize_feature_enabled":true,"jetpack_social_post_already_shared":true,"jetpack_social_options":{"image_generator_settings":{"template":"highway","default_image_id":0,"font":"","enabled":false},"version":2}},"categories":[6],"tags":[2152,2384,1004],"class_list":["post-21521","post","type-post","status-publish","format-standard","has-post-thumbnail","hentry","category-barrios","tag-2152","tag-centros-jubilados","tag-subsidios"],"jetpack_publicize_connections":[],"jetpack_featured_media_url":"https:\/\/revistaepocadigital.com.ar\/wp-content\/uploads\/2023\/07\/Nanni-Pami-4.jpg","jetpack_likes_enabled":true,"_links":{"self":[{"href":"https:\/\/revistaepocadigital.com.ar\/index.php?rest_route=\/wp\/v2\/posts\/21521","targetHints":{"allow":["GET"]}}],"collection":[{"href":"https:\/\/revistaepocadigital.com.ar\/index.php?rest_route=\/wp\/v2\/posts"}],"about":[{"href":"https:\/\/revistaepocadigital.com.ar\/index.php?rest_route=\/wp\/v2\/types\/post"}],"author":[{"embeddable":true,"href":"https:\/\/revistaepocadigital.com.ar\/index.php?rest_route=\/wp\/v2\/users\/3"}],"replies":[{"embeddable":true,"href":"https:\/\/revistaepocadigital.com.ar\/index.php?rest_route=%2Fwp%2Fv2%2Fcomments&post=21521"}],"version-history":[{"count":0,"href":"https:\/\/revistaepocadigital.com.ar\/index.php?rest_route=\/wp\/v2\/posts\/21521\/revisions"}],"wp:featuredmedia":[{"embeddable":true,"href":"https:\/\/revistaepocadigital.com.ar\/index.php?rest_route=\/wp\/v2\/media\/21523"}],"wp:attachment":[{"href":"https:\/\/revistaepocadigital.com.ar\/index.php?rest_route=%2Fwp%2Fv2%2Fmedia&parent=21521"}],"wp:term":[{"taxonomy":"category","embeddable":true,"href":"https:\/\/revistaepocadigital.com.ar\/index.php?rest_route=%2Fwp%2Fv2%2Fcategories&post=21521"},{"taxonomy":"post_tag","embeddable":true,"href":"https:\/\/revistaepocadigital.com.ar\/index.php?rest_route=%2Fwp%2Fv2%2Ftags&post=21521"}],"curies":[{"name":"wp","href":"https:\/\/api.w.org\/{rel}","templated":true}]}}