{"id":21526,"date":"2023-07-18T20:36:33","date_gmt":"2023-07-18T23:36:33","guid":{"rendered":"https:\/\/revistaepocadigital.com.ar\/?p=21526"},"modified":"2023-07-18T23:46:07","modified_gmt":"2023-07-19T02:46:07","slug":"despegar-busca-50-personas-para-la-apertura-de-tiendas-fisicas-en-argentina","status":"publish","type":"post","link":"https:\/\/revistaepocadigital.com.ar\/?p=21526","title":{"rendered":"Despegar busca 50 personas para la apertura de tiendas f\u00edsicas en Argentina"},"content":{"rendered":"<p><strong>Despegar refuerza su estrategia omnicanal con la apertura de tiendas f\u00edsicas y abre convocatoria para talentos que se especialicen en Ventas y Operaciones.<\/strong><!--more--><\/p>\n<p>La empresa de viajes l\u00edder en Latinoam\u00e9rica, Despegar, recientemente anunci\u00f3 que expandir\u00e1 sus servicios con la apertura de tiendas f\u00edsicas, tanto propias como tambi\u00e9n franquiciadas, lo que demuestra la expansi\u00f3n de su oferta omnicanal. En este contexto, la Compa\u00f1\u00eda<strong> inici\u00f3 la b\u00fasqueda de 50 talentos para las \u00e1reas de Ventas y Operaciones<\/strong>.<\/p>\n<p><strong>Las oportunidades son para los cargos de Agentes de Ventas, Supervisor y Manager.<\/strong> La empresa desplegar\u00e1 una red de 50 tiendas, propias y franquicias, la modalidad de trabajo ser\u00e1 presencial en CABA y GBA, e incluye puestos para personas con discapacidad. Los interesados pueden encontrar todos los requisitos directamente en el <a href=\"https:\/\/www.linkedin.com\/posts\/despegar_equipodespegar-activity-7083063150320791552-6O1q\/?utm_source=share&amp;utm_medium=member_desktop\">Linkedin<\/a> de la empresa.<\/p>\n<p><em>&#8220;Estamos en un proceso acelerado de expansi\u00f3n en el pa\u00eds, especialmente con la apertura de tiendas f\u00edsicas prevista para este segundo semestre. Para fines de 2023, tendremos 10 tiendas f\u00edsicas propias en CABA y GBA, por lo que buscamos talentos que se identifiquen con nuestro prop\u00f3sito. En los primeros d\u00edas ya recibimos m\u00e1s de 700 postulaciones, lo que nos entusiasma mucho&#8221;<\/em>, afirma <strong>Paula Cristi, <\/strong>Gerenta General de Despegar para Argentina y Uruguay. &#8220;<em>Somos una empresa innovadora que busca ofrecer experiencias personalizadas a los argentinos y queremos estar presentes en el lugar donde los clientes quieran comprar sus viajes.&#8221;<\/em><\/p>\n<p>Despegar es la empresa de viajes l\u00edder en Latinoam\u00e9rica. Desde hace 23 a\u00f1os revoluciona la industria del turismo a trav\u00e9s de la tecnolog\u00eda, y, con su continua apuesta al desarrollo del sector, hoy forma una empresa consolidada que integra a Best Day,\u00a0 HotelDO, BDExperience, Viajes Falabella, Koin, ViajaNet y Stays.net, convirti\u00e9ndose en una de las compa\u00f1\u00edas m\u00e1s relevantes de la regi\u00f3n y capaz de ofrecer una experiencia personalizada a m\u00e1s de 29 millones de clientes<\/p>\n","protected":false},"excerpt":{"rendered":"<p>Despegar refuerza su estrategia omnicanal con la apertura de tiendas f\u00edsicas y abre convocatoria para talentos que se especialicen en Ventas y Operaciones.<\/p>\n","protected":false},"author":3,"featured_media":21529,"comment_status":"open","ping_status":"open","sticky":false,"template":"","format":"standard","meta":{"footnotes":"","jetpack_publicize_message":"","jetpack_publicize_feature_enabled":true,"jetpack_social_post_already_shared":true,"jetpack_social_options":{"image_generator_settings":{"template":"highway","default_image_id":0,"font":"","enabled":false},"version":2}},"categories":[15],"tags":[2385,1482,37],"class_list":["post-21526","post","type-post","status-publish","format-standard","has-post-thumbnail","hentry","category-lo-que-tenes-que-saber","tag-busqueda-labofal","tag-despegar","tag-destacada"],"jetpack_publicize_connections":[],"jetpack_featured_media_url":"https:\/\/revistaepocadigital.com.ar\/wp-content\/uploads\/2023\/07\/despe-1.jpg","jetpack_likes_enabled":true,"_links":{"self":[{"href":"https:\/\/revistaepocadigital.com.ar\/index.php?rest_route=\/wp\/v2\/posts\/21526","targetHints":{"allow":["GET"]}}],"collection":[{"href":"https:\/\/revistaepocadigital.com.ar\/index.php?rest_route=\/wp\/v2\/posts"}],"about":[{"href":"https:\/\/revistaepocadigital.com.ar\/index.php?rest_route=\/wp\/v2\/types\/post"}],"author":[{"embeddable":true,"href":"https:\/\/revistaepocadigital.com.ar\/index.php?rest_route=\/wp\/v2\/users\/3"}],"replies":[{"embeddable":true,"href":"https:\/\/revistaepocadigital.com.ar\/index.php?rest_route=%2Fwp%2Fv2%2Fcomments&post=21526"}],"version-history":[{"count":0,"href":"https:\/\/revistaepocadigital.com.ar\/index.php?rest_route=\/wp\/v2\/posts\/21526\/revisions"}],"wp:featuredmedia":[{"embeddable":true,"href":"https:\/\/revistaepocadigital.com.ar\/index.php?rest_route=\/wp\/v2\/media\/21529"}],"wp:attachment":[{"href":"https:\/\/revistaepocadigital.com.ar\/index.php?rest_route=%2Fwp%2Fv2%2Fmedia&parent=21526"}],"wp:term":[{"taxonomy":"category","embeddable":true,"href":"https:\/\/revistaepocadigital.com.ar\/index.php?rest_route=%2Fwp%2Fv2%2Fcategories&post=21526"},{"taxonomy":"post_tag","embeddable":true,"href":"https:\/\/revistaepocadigital.com.ar\/index.php?rest_route=%2Fwp%2Fv2%2Ftags&post=21526"}],"curies":[{"name":"wp","href":"https:\/\/api.w.org\/{rel}","templated":true}]}}