{"id":2154,"date":"2019-04-11T15:32:28","date_gmt":"2019-04-11T18:32:28","guid":{"rendered":"https:\/\/revistaepocadigital.com.ar\/?p=2154"},"modified":"2019-04-11T17:32:19","modified_gmt":"2019-04-11T20:32:19","slug":"la-muerte-de-juan-carlos-candido-un-radical-de-alma","status":"publish","type":"post","link":"https:\/\/revistaepocadigital.com.ar\/?p=2154","title":{"rendered":"EL FALLECIMIENTO DE JUAN CARLOS C\u00c1NDIDO, UN RADICAL DE ALMA"},"content":{"rendered":"<p><strong>&#8220;BOINAS BLANCAS&#8221;.<\/strong><!--more--><\/p>\n<p>As\u00ed se llam\u00f3 la lista 27 que encabez\u00f3 en 2016 en las elecciones internas del radicalismo de Exaltaci\u00f3n la Cruz que al ganar, lo convirtieron en presidente del Comit\u00e9 de la UCR, cargo que ejerci\u00f3 hasta el a\u00f1o pasado cuando se produjo la pautada renovaci\u00f3n de autoridades. El nombre reflej\u00f3 la \u00edntima y profunda ligaz\u00f3n que a lo largo de su vida, uni\u00f3 a <strong>Juan Carlos C\u00e1ndido con la UCR.<\/strong><\/p>\n<p><strong>Juan Carlos C\u00e1ndido<\/strong>, fallecido el 10 de abril, fue un exponente claro del pensamiento radical a lo largo de toda su vida. De pasos pausados y fuertes convicciones, mantuvo incolumne su filosof\u00eda pol\u00edtica y la forma de vida.<\/p>\n<p>Un hombre, un vecino que m\u00e1s all\u00e1 de los colores pol\u00edticos que abraz\u00f3 con pasi\u00f3n, supo ganarse el aprecio y respeto; C\u00e1ndido crey\u00f3 desde sus ideales radicales que un pa\u00eds en serio, como en el que merecemos vivir la inmensa mayor\u00eda de los argentinos, es posible.<\/p>\n<p>Desde el Cielo, seguramente,<strong> seguir\u00e1 so\u00f1ando<\/strong> con conseguirlo.<\/p>\n<p>&nbsp;<\/p>\n<p>Foto: gentileza El Lugare\u00f1o.<\/p>\n","protected":false},"excerpt":{"rendered":"<p>&#8220;BOINAS BLANCAS&#8221;.<\/p>\n","protected":false},"author":4,"featured_media":2156,"comment_status":"open","ping_status":"open","sticky":false,"template":"","format":"standard","meta":{"footnotes":"","jetpack_publicize_message":"","jetpack_publicize_feature_enabled":true,"jetpack_social_post_already_shared":false,"jetpack_social_options":{"image_generator_settings":{"template":"highway","default_image_id":0,"font":"","enabled":false},"version":2}},"categories":[17],"tags":[303],"class_list":["post-2154","post","type-post","status-publish","format-standard","has-post-thumbnail","hentry","category-politica","tag-juan-carlos-candido"],"jetpack_publicize_connections":[],"jetpack_featured_media_url":"https:\/\/revistaepocadigital.com.ar\/wp-content\/uploads\/2019\/04\/candi-el-lugare\u00f1o.jpg","jetpack_likes_enabled":true,"_links":{"self":[{"href":"https:\/\/revistaepocadigital.com.ar\/index.php?rest_route=\/wp\/v2\/posts\/2154","targetHints":{"allow":["GET"]}}],"collection":[{"href":"https:\/\/revistaepocadigital.com.ar\/index.php?rest_route=\/wp\/v2\/posts"}],"about":[{"href":"https:\/\/revistaepocadigital.com.ar\/index.php?rest_route=\/wp\/v2\/types\/post"}],"author":[{"embeddable":true,"href":"https:\/\/revistaepocadigital.com.ar\/index.php?rest_route=\/wp\/v2\/users\/4"}],"replies":[{"embeddable":true,"href":"https:\/\/revistaepocadigital.com.ar\/index.php?rest_route=%2Fwp%2Fv2%2Fcomments&post=2154"}],"version-history":[{"count":0,"href":"https:\/\/revistaepocadigital.com.ar\/index.php?rest_route=\/wp\/v2\/posts\/2154\/revisions"}],"wp:featuredmedia":[{"embeddable":true,"href":"https:\/\/revistaepocadigital.com.ar\/index.php?rest_route=\/wp\/v2\/media\/2156"}],"wp:attachment":[{"href":"https:\/\/revistaepocadigital.com.ar\/index.php?rest_route=%2Fwp%2Fv2%2Fmedia&parent=2154"}],"wp:term":[{"taxonomy":"category","embeddable":true,"href":"https:\/\/revistaepocadigital.com.ar\/index.php?rest_route=%2Fwp%2Fv2%2Fcategories&post=2154"},{"taxonomy":"post_tag","embeddable":true,"href":"https:\/\/revistaepocadigital.com.ar\/index.php?rest_route=%2Fwp%2Fv2%2Ftags&post=2154"}],"curies":[{"name":"wp","href":"https:\/\/api.w.org\/{rel}","templated":true}]}}