{"id":21548,"date":"2023-07-21T18:15:32","date_gmt":"2023-07-21T21:15:32","guid":{"rendered":"https:\/\/revistaepocadigital.com.ar\/?p=21548"},"modified":"2023-07-21T18:15:32","modified_gmt":"2023-07-21T21:15:32","slug":"caida-de-arboles-por-tareas-de-poda-ocasiono-danos-a-la-red-electrica","status":"publish","type":"post","link":"https:\/\/revistaepocadigital.com.ar\/?p=21548","title":{"rendered":"CAIDA DE ARBOLES POR TAREAS DE PODA OCASION\u00d3 DA\u00d1OS A LA RED EL\u00c9CTRICA"},"content":{"rendered":"<p><strong>EL INFORME DE CEPRAL. Usuarios de los Barrios\u00a0Indio Cu\u00e1, Comarca del Sol,\u00a0El Remanso 4\u00b0, 2\u00b0 y 1\u00b0 Series y zonas aleda\u00f1as.<\/strong><!--more--><\/p>\n<p>&nbsp;<\/p>\n<table class=\"yiv2735751254rnb-container\" border=\"0\" width=\"100%\" cellspacing=\"0\" cellpadding=\"0\" bgcolor=\"#ffffff\">\n<tbody>\n<tr>\n<td align=\"left\" height=\"\"><\/td>\n<\/tr>\n<tr>\n<td>Inform\u00f3 el Consejo de Adminstraci\u00f3n de Cepral aerca de la contingencia ocurrida el 19 del corriente a las 10:30 horas aproximadamente, originando un c<strong>orte de energ\u00eda que afect\u00f3 a m\u00e1s 1600 usuarios de El Remanso 4\u00b0 Serie y a parte de las 1\u00b0 y 2\u00b0 Series, Comarca del Sol, Indio Cu\u00e1 y zonas aleda\u00f1as<\/strong>.Se debi\u00f3 a la rotura de la red de Media Tensi\u00f3n, <strong>producto de la ca\u00edda de \u00e1rboles por la poda realizada por un vecino del barrio el Remanso.<\/strong><\/p>\n<p><strong>Alrededor de las 13:15 hs. se logr\u00f3 restablecer el servicio, tras una ardua tarea del personal de Cepral.<\/strong><\/p>\n<p>&#8220;Una vez m\u00e1s recordamos a los vecinos acerca de <strong>la importancia de contratar personal id\u00f3neo para las tareas de poda,<\/strong> a fin de evitar estos inconvenientes que afectan la calidad del servicio y perjudican a miles de usuarios, como en este caso&#8221;, remarcaron desde Cepral<\/p>\n<div><\/div>\n<\/td>\n<\/tr>\n<\/tbody>\n<\/table>\n","protected":false},"excerpt":{"rendered":"<p>EL INFORME DE CEPRAL. Usuarios de los Barrios\u00a0Indio Cu\u00e1, Comarca del Sol,\u00a0El Remanso 4\u00b0, 2\u00b0 y 1\u00b0 Series y zonas aleda\u00f1as.<\/p>\n","protected":false},"author":3,"featured_media":21550,"comment_status":"open","ping_status":"open","sticky":false,"template":"","format":"standard","meta":{"footnotes":"","jetpack_publicize_message":"","jetpack_publicize_feature_enabled":true,"jetpack_social_post_already_shared":true,"jetpack_social_options":{"image_generator_settings":{"template":"highway","default_image_id":0,"font":"","enabled":false},"version":2}},"categories":[5],"tags":[2387],"class_list":["post-21548","post","type-post","status-publish","format-standard","has-post-thumbnail","hentry","category-aqui-parada-robles","tag-corte-luz-poda"],"jetpack_publicize_connections":[],"jetpack_featured_media_url":"https:\/\/revistaepocadigital.com.ar\/wp-content\/uploads\/2023\/07\/podas.jpg","jetpack_likes_enabled":true,"_links":{"self":[{"href":"https:\/\/revistaepocadigital.com.ar\/index.php?rest_route=\/wp\/v2\/posts\/21548","targetHints":{"allow":["GET"]}}],"collection":[{"href":"https:\/\/revistaepocadigital.com.ar\/index.php?rest_route=\/wp\/v2\/posts"}],"about":[{"href":"https:\/\/revistaepocadigital.com.ar\/index.php?rest_route=\/wp\/v2\/types\/post"}],"author":[{"embeddable":true,"href":"https:\/\/revistaepocadigital.com.ar\/index.php?rest_route=\/wp\/v2\/users\/3"}],"replies":[{"embeddable":true,"href":"https:\/\/revistaepocadigital.com.ar\/index.php?rest_route=%2Fwp%2Fv2%2Fcomments&post=21548"}],"version-history":[{"count":0,"href":"https:\/\/revistaepocadigital.com.ar\/index.php?rest_route=\/wp\/v2\/posts\/21548\/revisions"}],"wp:featuredmedia":[{"embeddable":true,"href":"https:\/\/revistaepocadigital.com.ar\/index.php?rest_route=\/wp\/v2\/media\/21550"}],"wp:attachment":[{"href":"https:\/\/revistaepocadigital.com.ar\/index.php?rest_route=%2Fwp%2Fv2%2Fmedia&parent=21548"}],"wp:term":[{"taxonomy":"category","embeddable":true,"href":"https:\/\/revistaepocadigital.com.ar\/index.php?rest_route=%2Fwp%2Fv2%2Fcategories&post=21548"},{"taxonomy":"post_tag","embeddable":true,"href":"https:\/\/revistaepocadigital.com.ar\/index.php?rest_route=%2Fwp%2Fv2%2Ftags&post=21548"}],"curies":[{"name":"wp","href":"https:\/\/api.w.org\/{rel}","templated":true}]}}