{"id":21594,"date":"2023-07-16T18:39:40","date_gmt":"2023-07-16T21:39:40","guid":{"rendered":"https:\/\/revistaepocadigital.com.ar\/?p=21594"},"modified":"2023-08-02T01:07:55","modified_gmt":"2023-08-02T04:07:55","slug":"el-ministro-de-defensa-jorge-taiana-se-enfrenta-a-la-oposicion-por-el-proyecto-para-modificar-a-las-fuerzas-armadas-luego-de-mas-de-50-anos","status":"publish","type":"post","link":"https:\/\/revistaepocadigital.com.ar\/?p=21594","title":{"rendered":"\u00a0El ministro de Defensa, Jorge Taiana, se enfrenta a la oposici\u00f3n por el proyecto para modificar a las Fuerzas Armadas luego de m\u00e1s de 50 a\u00f1os"},"content":{"rendered":"<div id=\"page-header-wrapper\" class=\"page-header-wrapper hb\">\n<header id=\"page-header\">\n<section class=\"header-options\">\n<div id=\"section-wrapper-header\" class=\"section-wrapper canvas-width\">\n<div id=\"search-box\" class=\"search-box\"><strong>PARA VARIAR, EL GOBIERNO Y LA OPOSICI\u00d3N ENFRENTADOS.<\/strong><\/div>\n<\/div>\n<\/section>\n<\/header>\n<\/div>\n<p><!--more--><\/p>\n<div id=\"body-wrapper\" class=\"body-wrapper hb noticia-ar congreso\">\n<p><img loading=\"lazy\" decoding=\"async\" id=\"vplfgi_gallery1\" src=\"https:\/\/www.lapoliticaonline.com\/files\/image\/194\/194693\/64aa46f225a47_940_529!.jpg?s=ec50f9ae6b72b8573e504480929d0ed4&amp;d=1690319942\" alt=\"Taiana choca con la oposici\u00f3n por un proyecto para reformar las Fuerzas Armadas\" width=\"940\" height=\"529\" \/><\/p>\n<div class=\"bloque0 nota\">\n<div class=\"bloque1 nota noticia-ar\">\n<div class=\"item\">\n<div class=\"zleft z75\">\n<div class=\"media\">\n<div id=\"vplfgp_gallery1\" class=\"gallery\">\n<div class=\"g_controls\">\n<div class=\"image\">\n<pre class=\"zoom\"><em>Foto gentileza Telam<\/em><\/pre>\n<\/div>\n<\/div>\n<div class=\"media-footer\">\n<div class=\"g_source_author\"><\/div>\n<\/div>\n<\/div>\n<\/div>\n<div class=\"article-toolbar\"><\/div>\n<div class=\"ad_tn\">\n<div class=\"author-date\"><\/div>\n<\/div>\n<div id=\"vsmcontent\" class=\"body vsmcontent\">\n<p>\u00a0El ministro de Defensa, Jorge Taiana, se enfrenta a la oposici\u00f3n por un proyecto para modificar a las Fuerzas Armadas luego de m\u00e1s de cincuenta a\u00f1os.<\/p>\n<p>El Poder Ejecutivo envi\u00f3 a la C\u00e1mara de Senadores el proyecto de Ley de R\u00e9gimen Administrativo y Profesional del Personal Militar de las Fuerzas Armadas, iniciativa que el oficialismo trabaj\u00f3 desde los tiempos de la pandemia y anunciara Alberto Fern\u00e1ndez durante la cena de camarader\u00eda con los uniformados el pasado 10 de julio.<\/p>\n<p>El expediente tiene por objeto &#8220;establecer el marco jur\u00eddico del r\u00e9gimen administrativo y de la carrera profesional del Personal Militar&#8221; del Ej\u00e9rcito, la Armada y la Fuerza A\u00e9rea, seg\u00fan consta en su art\u00edculo 1\u00ba. De aprobarse, reemplazar\u00eda la normativa vigente, sancionada en plena<\/p>\n<p>Aunque sectores de la oposici\u00f3n adelantaron su rechazo y el ex ministro de Defensa Horacio Jaunarena alert\u00f3 que no se consensu\u00f3 el articulado con otros espacios pol\u00edticos, el mensaje que antecede al proyecto aclara que &#8220;la presente iniciativa recoge el producto de las labores de la Comisi\u00f3n de An\u00e1lisis y Redacci\u00f3n de las Leyes de Personal y de Reestructuraci\u00f3n de las Fuerzas Armadas (FFAA), creada en el \u00e1mbito del Ministerio de Defensa mediante la Resoluci\u00f3n N\u00b0 141 del 19 de mayo de 2020&#8221;.<\/p>\n<p>Adem\u00e1s, ese texto consigna que la comisi\u00f3n estuvo compuesta por el propio Jaunarena y la ex ministra Nilda Garr\u00e9, como as\u00ed tambi\u00e9n un integrante designado por el Estado Mayor Conjunto de las FFAA, uno por cada uno de ellas y el secretario de Estrategia y Asuntos Militares del Ministerio de Defensa.<\/p>\n<p>Tambi\u00e9n se cursaron invitaciones a las Comisiones de Defensa del Senado y la C\u00e1mara Baja, para que se sumaran al trabajo presidente y vice de ambos \u00f3rganos. Hasta donde supo este portal, la senadora chubutense Nancy Susana Gonz\u00e1lez, por el PJ, y su par cordob\u00e9s Ernesto F\u00e9lix Mart\u00ednez, en representaci\u00f3n de Juntos por el Cambio, y los diputados Germ\u00e1n Mart\u00ednez (Frente de Todos) y Carlos Fern\u00e1ndez (UCR) participaron de infinidad de reuniones por Zoom.<\/p>\n<p>Fuentes del bloque oficialista en Diputados dijeron a LPO que en 2020 y 2021 se avanz\u00f3 en el proyecto y &#8220;se alcanz\u00f3 un consenso sobre el 85 por ciento&#8221; de su contenido, pero concedieron que el recambio parlamentario tras los comicios de medio t\u00e9rmino y los relevos del gabinete, sobre todo el de Agust\u00edn Rossi por Jorge Taiana en el Edificio Libertador, detuvieron el progreso.<\/p>\n<p>Este medio dialog\u00f3 con el actual titular de la comisi\u00f3n de Defensa, el legislador Alberto Asseff, quien refrend\u00f3 las versiones sobre el consenso alcanzado hasta 2021. &#8220;Le mand\u00e9 una carta a Taiana en julio del a\u00f1o pasado para pedirle que vuelva a convocar a las reuniones pero nunca la respondi\u00f3&#8221;, dijo el diputado de Juntos, y conjetur\u00f3 que se sustrajo el expediente del \u00e1mbito de la elaboraci\u00f3n deliberada para introducir modificaciones que no contar\u00edan con el apoyo opositor.<\/p>\n<p>Al respecto, se\u00f1al\u00f3 que &#8220;el art\u00edculo 43\u00ba otorga facultades al Ministerio de Defensa y al Presidente para modificar ascensos propuestos por las juntas de Calificaci\u00f3n&#8221; militares. Seg\u00fan su mirada, esos aspectos habilitan la intervenci\u00f3n de &#8220;actores pol\u00edticos en lugar de profesionales&#8221; y &#8220;lo que busca el oficialismo es la politizaci\u00f3n&#8221; de las tres fuerzas.<\/p>\n<p>Por su parte, el actual ministro Taiana distribuy\u00f3 una carta a la prensa para desmentir las opiniones divulgadas por la oposici\u00f3n. En la misiva, reivindic\u00f3 el apego del texto a la Constituci\u00f3n Nacional y la Ley de Defensa.<\/p>\n<p>Al tiempo que subray\u00f3 que los criterios y mecanismos contemplados en el nuevo expediente &#8220;son precisamente los establecidos en la Junta de Calificaciones de cada una de las Fuerzas y que lejos de derogarse se fortalecen&#8221;, consider\u00f3 que &#8220;muchas de las afirmaciones fueron realizadas por la oposici\u00f3n de manera irresponsable o sin haber le\u00eddo el contenido&#8221;.<\/p>\n<p>En ese sentido, Taiana destac\u00f3 que, &#8220;luego de 52 a\u00f1os llega al Congreso una Ley integral que recoge la experiencia y la evoluci\u00f3n de la doctrina y el pensamiento estrat\u00e9gico militar&#8221;. &#8220;Descalificar en el debate p\u00fablico no parece ser el camino correcto para que surja una ley consensuada&#8221;, advirti\u00f3.<\/p>\n<p>En la misma sinton\u00eda, un diputado peronista explic\u00f3 que &#8220;JxC est\u00e1 laburando pol\u00edticamente con consignas tramposas, pensando m\u00e1s en los militares retirados que en los cuadros activos porque en los activos hay un 100 por ciento de coincidencias con el Ejecutivo&#8221;. Para graficarlo, coment\u00f3 que Assef acredita una postura identificada con el sector de los retirados.<\/p>\n<p>Ante la traba, interpreta el legislador oficialista, el Ejecutivo manda el proyecto al Congreso para terminar de cosechar los consensos pendientes. Asseff, por su parte, considera que la jugada de la Casa Rosada es de &#8220;imposible concreci\u00f3n&#8221; porque obedece a &#8220;la concepci\u00f3n kirchnerista de cooptaci\u00f3n del poder&#8221;.<\/p>\n<p>El tr\u00e1mite iniciar\u00eda en la Comisi\u00f3n de Defensa del Senado, presidida por el senador salte\u00f1o Sergio Napole\u00f3n Leavy. Su vicepresidente es el senador radical y ex jefe del Edificio Libertador durante el gobierno de Cambiemos, Julio Mart\u00ednez<\/p>\n<\/div>\n<\/div>\n<\/div>\n<\/div>\n<\/div>\n<p>Fuente: nota publicada en lapoliticaonline.com<\/p>\n<\/div>\n","protected":false},"excerpt":{"rendered":"<p>PARA VARIAR, EL GOBIERNO Y LA OPOSICI\u00d3N ENFRENTADOS.<\/p>\n","protected":false},"author":3,"featured_media":21597,"comment_status":"open","ping_status":"open","sticky":false,"template":"","format":"standard","meta":{"footnotes":"","jetpack_publicize_message":"","jetpack_publicize_feature_enabled":true,"jetpack_social_post_already_shared":true,"jetpack_social_options":{"image_generator_settings":{"template":"highway","default_image_id":0,"font":"","enabled":false},"version":2}},"categories":[17],"tags":[2392],"class_list":["post-21594","post","type-post","status-publish","format-standard","has-post-thumbnail","hentry","category-politica","tag-reforma-fuerzas-armadas"],"jetpack_publicize_connections":[],"jetpack_featured_media_url":"https:\/\/revistaepocadigital.com.ar\/wp-content\/uploads\/2023\/07\/taina.jpg","jetpack_likes_enabled":true,"_links":{"self":[{"href":"https:\/\/revistaepocadigital.com.ar\/index.php?rest_route=\/wp\/v2\/posts\/21594","targetHints":{"allow":["GET"]}}],"collection":[{"href":"https:\/\/revistaepocadigital.com.ar\/index.php?rest_route=\/wp\/v2\/posts"}],"about":[{"href":"https:\/\/revistaepocadigital.com.ar\/index.php?rest_route=\/wp\/v2\/types\/post"}],"author":[{"embeddable":true,"href":"https:\/\/revistaepocadigital.com.ar\/index.php?rest_route=\/wp\/v2\/users\/3"}],"replies":[{"embeddable":true,"href":"https:\/\/revistaepocadigital.com.ar\/index.php?rest_route=%2Fwp%2Fv2%2Fcomments&post=21594"}],"version-history":[{"count":0,"href":"https:\/\/revistaepocadigital.com.ar\/index.php?rest_route=\/wp\/v2\/posts\/21594\/revisions"}],"wp:featuredmedia":[{"embeddable":true,"href":"https:\/\/revistaepocadigital.com.ar\/index.php?rest_route=\/wp\/v2\/media\/21597"}],"wp:attachment":[{"href":"https:\/\/revistaepocadigital.com.ar\/index.php?rest_route=%2Fwp%2Fv2%2Fmedia&parent=21594"}],"wp:term":[{"taxonomy":"category","embeddable":true,"href":"https:\/\/revistaepocadigital.com.ar\/index.php?rest_route=%2Fwp%2Fv2%2Fcategories&post=21594"},{"taxonomy":"post_tag","embeddable":true,"href":"https:\/\/revistaepocadigital.com.ar\/index.php?rest_route=%2Fwp%2Fv2%2Ftags&post=21594"}],"curies":[{"name":"wp","href":"https:\/\/api.w.org\/{rel}","templated":true}]}}