{"id":21649,"date":"2023-08-01T21:52:47","date_gmt":"2023-08-02T00:52:47","guid":{"rendered":"https:\/\/revistaepocadigital.com.ar\/?p=21649"},"modified":"2023-08-02T01:20:21","modified_gmt":"2023-08-02T04:20:21","slug":"21649-2","status":"publish","type":"post","link":"https:\/\/revistaepocadigital.com.ar\/?p=21649","title":{"rendered":"CEPRAL SIGUE EXTENDIENDO LA FIBRA \u00d3PTICA Y YA ESTA DISPONIBLE CEPRALBOT, NUEVO ASISTENTE VIRTUALOFRECE"},"content":{"rendered":"<p><img decoding=\"async\" src=\"https:\/\/41sau.img.a.d.sendibm1.com\/im\/2340286\/44bd6ca130781485b49ffee5eee14b4811bcb0e3ac5062f7a185560a4539b45e.jpg?e=vqgizvGq--uPdsqk_Wu_sVIkQqJGCtFy9d7fuEN3NM5BRb0VN_3-BkFDlmWc482CYWDRY3odL4R6vPAOSf8bIy1ni4uk3l85wHPQGBK7Ovk9pA2mbguo_ImTU8ozEmgqVHLsRz7wF3vr6g_5aYNPSAp6tOa_U833GecwB_XvOsE6eOOxOElku-TSNPSn-j-2WF5lBnbLVplu2y1x-tij6C9DZFjnnq4so2LAMA\" border=\"0\" hspace=\"0\" vspace=\"0\" data-imagetype=\"External\" \/><img decoding=\"async\" src=\"https:\/\/41sau.img.a.d.sendibm1.com\/im\/2340286\/03d6e0dfea67f4c8993b6e5230b712120da210a709d57c455bb2d82a9411d058.gif?e=M6xl9wRieC33Ml7DSXtTciabPM6NyIo9E6YhMggxyNN39dX7UHkIOBcrQBj7z3TuwNY7UNY6_enKby4sFzvE_VsGEvWlM3lqpznJ6NeA_riN-dzyw04nNIh0RZJtvXcbSGWsLC9WAJNldNMXbX2y15GJ2ZbaDvTxN9gVILB7awRCheCbdpmRpwnS5FUzA6J_MIoUrI9gTvQLSKzsHTX9wUOyfjHk0rPZyAxXNw\" border=\"0\" hspace=\"0\" vspace=\"0\" data-imagetype=\"External\" \/>INFORME DEL CONSEJO DE ADMINISTRACI\u00d3N DE CEPRAL.<\/p>\n<div aria-hidden=\"true\"><\/div>\n<div><strong>Telecomunicaciones:<\/strong> <strong>Fibra \u00d3ptica en tu Hogar en el barrio Los Pinos. <\/strong><\/div>\n<div aria-hidden=\"true\"><\/div>\n<div>Hasta el momento <strong>se han inscripto 60 nuevos usuarios<\/strong>.\u00a0 Ya\u00a0comenzamos con las firmas de los convenios y con las altas, seg\u00fan el cronograma de inscripci\u00f3n.<strong> Pero es necesario que se inscriban m\u00e1s vecinos, para poder avanzar con la siguiente etapa.\u00a0<\/strong><\/div>\n<div aria-hidden=\"true\"><\/div>\n<div><strong>F\u00e1brica de Columnas de Hormig\u00f3n Pretensado: <\/strong>Recibimos un grupo de importantes empresas que presenciaron el ensayo en el que se\u00a0<strong>certificaron la calidad y resistencia de nuestras columnas<\/strong>.<\/div>\n<div><strong>\u00a0\u00a0<\/strong><\/div>\n<div><strong>Servicio El\u00e9ctrico Domiciliario:<\/strong>\u00a0avanzamos con la obra de reestructuraci\u00f3n y repotenciaci\u00f3n de Red de Media Tensi\u00f3n correspondiente al 1\u00ba tramo del barrio El Remanso.<\/div>\n<div aria-hidden=\"true\"><\/div>\n<div>Como venimos informando desde ediciones anteriores, <strong>es muy importante que se registren en el RASE (Registro de Acceso a los Subsidios a la Energ\u00eda)<\/strong>.<strong> Ya se encuentran vigentes aumentos para dicho servicio definidos por el Gobierno Nacional<\/strong>, que sumados a la paulatina quita de subsidios, hace que se note el impacto en el monto de las facturas.<\/div>\n<div aria-hidden=\"true\"><\/div>\n<div>Recordamos que hay <strong>Nuevas Tarifas Vigentes para el Servicio de Internet<\/strong>. <strong>Por Resoluci\u00f3n 557\/23 del ENACOM<\/strong>, las mismas se ir\u00e1n incrementando en un 4,5% a partir del primer d\u00eda de cada mes posterior a mayo 2023 y hasta diciembre de este a\u00f1o.<br aria-hidden=\"true\" \/><br aria-hidden=\"true\" \/><strong>Los montos ya se ven reflejados desde las facturas de junio e ir\u00e1n increment\u00e1ndose paulatinamente.<\/strong><\/div>\n<div aria-hidden=\"true\"><\/div>\n<p>&nbsp;<\/p>\n<hr \/>\n<p><img decoding=\"async\" src=\"https:\/\/41sau.img.a.d.sendibm1.com\/im\/2340286\/f904fd3f7b7068f173f9167c132f89f25f12346a88e9bfb9f266bc7009aae7e4.jpg?e=VmtElSRjmL30VeOJxuVa1T4jhR2b5xFDgUu_QJb06ZuHde176vOnh3_Xq8yiFCNiLLqd3lqwJTlQRRzmHMRjYH5l4EXolfqgldT7V4kPo0gSumm9PGNtgFAaw3rYoxexlVVS3_1QKlN_8dvsHgI0ls6DMH1PMWMGJOq7wkB4aJzPtZ3jE-n6RLS8QPRMR6KIcMAxjG4Hm5VQ5CH8N_Q2hxHs8eCFdXE0ORDMEg\" border=\"0\" hspace=\"0\" vspace=\"0\" data-imagetype=\"External\" data-inlineimagemanipulating=\"true\" \/><img decoding=\"async\" src=\"https:\/\/41sau.img.a.d.sendibm1.com\/im\/2340286\/74dfec45e9f013fd564308a94370a925718d52728766e26276052864519eaa79.jpg?e=Zq1TlT-b1pX7Et6zoyWprHEP47FGltLdIzw9d-_kXmz3fPML26a-ON5iMxs_HFOdEfF2CXDjP8Bco3--81TDwvLomF6q4HHdJCXgue_qWeh0rAfRkoUQFkubDZGbE1Nl02g_pkT6IwKbg-8FRl4fZds1iFOnrJ7hlmV30O7tQUI0BFzn9vBt6_0FPWhnzGkDllC3nhPHjZBE_ddzLpIwZX8HItJDI_dH7-s1RQ\" border=\"0\" hspace=\"0\" vspace=\"0\" data-imagetype=\"External\" data-inlineimagemanipulating=\"true\" \/><\/p>\n<div><b>FIBRA \u00d3PTICA <\/b><b>EN\u00a0<\/b><b>EL BARRIO PARQUE LOS PINOS<\/b><\/div>\n<div>\n<div aria-hidden=\"true\"><\/div>\n<div><strong>FUERON CONECTAMOS A 28 USUARIOS QUE DISFRUTAN DEL SERVICIO FIBRA \u00d3PTICA EN SUS HOGARES.<\/strong><\/div>\n<div aria-hidden=\"true\"><\/div>\n<div>Tambi\u00e9n hicieron saber desde Cepral que, <em>&#8220;nos encontramos trabajando en la firma de los convenios correspondientes a los usuarios de la\u00a0 <strong>&#8220;Etapa I&#8221; de la obra de cableado de Fibra \u00d3ptica en Tu Hogar&#8221;.<\/strong><\/em><\/div>\n<div aria-hidden=\"true\"><\/div>\n<div>Esta primera etapa habilita a brindar el Servicio de <strong>Fibra \u00d3ptica en Tu Hogar a los vecinos de la Colectora hasta las primeras dos calles paralelas (Cangallo y Sarmiento). y todas sus perpendiculares en el tramo Colectora hasta Sarmiento.\u00a0<\/strong><\/div>\n<div><\/div>\n<div><strong>Recordaron desde la cooperativa, que tendr\u00e1n instalaci\u00f3n prioritaria aquellos usuarios que abonen en un solo pago en efectivo.<\/strong><\/div>\n<div aria-hidden=\"true\"><\/div>\n<div><u><strong>Y en funci\u00f3n de lo que vendr\u00e1, puntualizaron desde la entidad: <em>&#8220;Para poder avanzar en la Etapa II, necesitamos que se sumen m\u00e1s vecinos ubicados en la zona de la Etapa I. M<\/em><\/strong><\/u><em><strong>uchas gracias a los vecinos que ya se inscribieron!&#8221;<\/strong><\/em><\/div>\n<div aria-hidden=\"true\"><\/div>\n<div><strong>Al mismo tiempo, se destac\u00f3 que debido a las variaciones del Sector Cambiario imperantes en el pa\u00eds, el Consejo de Administraci\u00f3n hizo saber que: &#8220;no sabemos hasta cu\u00e1ndo vamos a poder sostener la promoci\u00f3n vigente. Haciendo un gran esfuerzo desde Cepral respetamos la paridad cambiaria de octubre del a\u00f1o pasado&#8221;.<\/strong><\/div>\n<div>\n<hr \/>\n<p><img decoding=\"async\" src=\"https:\/\/41sau.img.a.d.sendibm1.com\/im\/2340286\/f904fd3f7b7068f173f9167c132f89f25f12346a88e9bfb9f266bc7009aae7e4.jpg?e=6LDdwCf1iZTNyjgbM7wv1E1YUL1S39TTo2xeYXNHyyDte80K7MOZQXZBURlbt1N3XKiEOI6i2UGu_GQTk2ovUGIqIkNRctX-ysbsv_qb1h8kvcSbxAyecTYtUwz6ot8MM2X5s_blYTa58Z0A8JCXo9DaUHxq6aFbmrr8ld-RMV234LCy-XqkgKroqEv-i58gZ-pn1kfLCR6EddQHaDg9IipJ-6CfANpvEnSS9A\" border=\"0\" hspace=\"0\" vspace=\"0\" data-imagetype=\"External\" data-inlineimagemanipulating=\"true\" \/><img loading=\"lazy\" decoding=\"async\" class=\"alignleft\" src=\"https:\/\/41sau.img.a.d.sendibm1.com\/im\/2340286\/86c72834d3de72a9df38413793476d10ed7e79efeba9e3addbda1eed296b90f3.jpg?e=iIfSjUG6nlFF-IamAVOu2cG3H-2MzG1rpGPmNckemdED7TLyAQkKEiLINIs-YpEwYQR_CqcmufQOW4A8l1IsJ8_Vpo65h9GBIZX5ggLxxLGPjtWoFQn97VyaFdgwc0E7KGxlpY8UOZuCzSECv8RrzXLvHc667-OSl5eLNmu3EuUeCMZt48wret0vH_7lu8qyf3YSOe3gaSrEOW4sRte2z9aEGtRx2B5-jd_bmw\" width=\"257\" height=\"308\" border=\"0\" hspace=\"0\" vspace=\"0\" data-imagetype=\"External\" data-inlineimagemanipulating=\"true\" \/><\/p>\n<div><b>Ensayo de Resistencia de Columnas.<\/b><\/div>\n<div><\/div>\n<div aria-hidden=\"true\"><\/div>\n<div>La semana pasada recibimos en <strong>nuestra f\u00e1brica la visita de las empresas Edenor, Edesur, Somarfer S. A. y\u00a0 Rowing<\/strong>, entre otras.<\/div>\n<div><\/div>\n<div>Realizamos un ensayo para medir la resistencia y la calidad de nuestras columnas de hormig\u00f3n pretensado.<\/div>\n<div aria-hidden=\"true\"><\/div>\n<div><strong>El resultado de la inspecci\u00f3n y los controles\u00a0 fue \u00f3ptimo de acuerdo a lo informado por el Inspector de Edenor, Ing. Nicol\u00e1s E. Ozores.<\/strong><\/div>\n<div>Como se puede observar en la fotograf\u00eda, <strong>se someti\u00f3 a una columna de casi 15 metros a la resistencia de 2.400 kilos<\/strong>, que es el m\u00e1ximo que soporta el material antes de quebrarse y que como puede verse,<strong> solo se ha curvado<\/strong>.<\/div>\n<p><br aria-hidden=\"true\" \/>Esto nos llena de orgullo y nos motiva a continuar trabajando para seguir superando nuestras metas.<\/p>\n<hr \/>\n<p><img loading=\"lazy\" decoding=\"async\" class=\"alignright\" src=\"https:\/\/41sau.img.a.d.sendibm1.com\/im\/2340286\/e16f5edfcdeda75021ee35c7c9a919342c64341b0d1f3320db506fff49a2bb26.jpg?e=8NPsfLwN9RkeobuL3LKcGi_-BQDu3WSQlDB6PbKNWCJzo8vEjGtCkebP5BhhnTh06uw_aqvahg_aEOXiCMjVWkw6A0JAQsxjmBqs6C01UO5hDPxpw0atlX2TpNT3gyV9pc26f5VWbt9CiIjFGoZoul34Otq-Okq5YkQSLLToP19cviaMyHpktjnzJR9nVjGaqdA31QOKLxRTxM3gNTO4LG--9HKgGQzt0Z5yqQ\" width=\"350\" height=\"525\" border=\"0\" hspace=\"0\" vspace=\"0\" data-imagetype=\"External\" data-inlineimagemanipulating=\"true\" \/><\/p>\n<div><strong>SERVICIO ELECTRICO<\/strong><\/div>\n<div aria-hidden=\"true\"><\/div>\n<div><strong>Campa\u00f1a de Poda 2023<\/strong><\/div>\n<div><br aria-hidden=\"true\" \/>Continuamos con la campa\u00f1a 2023. Las tareas, que constan de una poda de raleo y despeje de la red a\u00e9rea de distribuci\u00f3n en Media Tensi\u00f3n, las iremos realizando paulatinamente durante el per\u00edodo <strong>mayo-agosto. <\/strong><\/div>\n<div aria-hidden=\"true\"><\/div>\n<div>Las mismas est\u00e1n focalizadas sobre \u00e1mbitos rurales y sus barrios circundantes como<strong> El Remanso, Parque Sakura, Parque Exaltaci\u00f3n<\/strong>, entre otros.<br aria-hidden=\"true\" \/><br aria-hidden=\"true\" \/>Con estas tareas de mantenimiento que ya vamos promediando apuntamos a evitar accidentes y a la mejora en la calidad de servicio.<\/div>\n<div aria-hidden=\"true\"><\/div>\n<div><strong><strong>Una vez m\u00e1s, les recordamos a los vecinos su obligaci\u00f3n de mantener la forestaci\u00f3n alejada de las l\u00edneas de los servicios p\u00fablicos.<br \/>\n<\/strong><\/strong><\/p>\n<hr \/>\n<p><strong>\u00a0<\/strong><\/p>\n<\/div>\n<p><img loading=\"lazy\" decoding=\"async\" class=\"alignleft\" src=\"https:\/\/41sau.img.a.d.sendibm1.com\/im\/2340286\/5bc98dfc0bc53abe55f2285b56566d444f4d5045229cdf7fbaea1d5f1f6224ae.jpg?e=_p70fjvdF4gU9BDPO_U2uCTywcqyNNfIA_yXC5ZO3UyJdu8mhiANS-ultxAXkUMZgVukLlFDUfVN4OqMrJLqJXX8rNuOgUWzCoU4GOrwJ5HYnokn98rww9Blv9A9z9Byh2i_tptBPgIieMGUZ9z7Upa0q-DexFbjXniWPapxSorowTymXoj-pn8oHDln4lQ4KsuZWaaogMpEAInS2jZMtiPG9Rmzux6h6pYQMA\" width=\"334\" height=\"346\" border=\"0\" hspace=\"0\" vspace=\"0\" data-imagetype=\"External\" data-inlineimagemanipulating=\"true\" \/><\/p>\n<div><strong>COMENZAMOS UNA <\/strong><\/div>\n<div><strong>NUEVA OBRA EL\u00c9CTRICA<\/strong><\/div>\n<div><strong>EN EL BARRIO EL REMANSO<\/strong><\/div>\n<div aria-hidden=\"true\"><\/div>\n<div aria-hidden=\"true\"><\/div>\n<div>Dentro de nuestro <strong>Plan de Mejoras para el Servicio El\u00e9ctrico,<\/strong> estamos avanzando con la obra de <strong>reestructuraci\u00f3n y repotenciaci\u00f3n<\/strong> de la <strong>Red de Media Tensi\u00f3n<\/strong> correspondiente al primer tramo, en las calles <strong>Cielito de la Patria,<\/strong>\u00a0 <strong>Huella y Entrevero<\/strong> del <strong>Barrio El Remanso.<\/strong><\/div>\n<\/div>\n<div><\/div>\n<\/div>\n<p>&nbsp;<\/p>\n<hr \/>\n<div><strong>PARA UNA MEJOR ATENCI\u00d3N EN NUESTRA SEDE:<\/strong><\/div>\n<div>\u00a1Recomendamos gestionar previamente un turno personalizado a trav\u00e9s de nuestra p\u00e1gina web o desde el chat de<\/div>\n<div>CepralBot +54 911 2306 9604!<\/div>\n<p><img decoding=\"async\" src=\"https:\/\/41sau.img.a.d.sendibm1.com\/im\/2340286\/f904fd3f7b7068f173f9167c132f89f25f12346a88e9bfb9f266bc7009aae7e4.jpg?e=eE-IboQPhb2enWUF6Rcwobejkxhh9sfK7g_Gc3SMISbFVsPijQ0ymxm3Ia4dVIlWoUFPLZDzpdtgQ_4aUa8T-x_4d7i40We6-_ve6EdRCyQLHou_4gbxRsdj_r-WGlaMkS06Ly7c5rZLokq4-S6wQNuJRUJq89Lw6G7bLGgsSI0pRbKGgME2Z86cPXP4tqVG0TAshVq45LXj8JufymGTwxdgnEfcgu1Pt0QMyg\" border=\"0\" hspace=\"0\" vspace=\"0\" data-imagetype=\"External\" data-inlineimagemanipulating=\"true\" \/><img decoding=\"async\" src=\"https:\/\/41sau.img.a.d.sendibm1.com\/im\/2340286\/3c5449eac62c2bbd2b71ccc0ad4fbec4ad4f92329fead155149fd8a2fc423c8f.jpg?e=c9Nac7Sk7lqpGgxIwuNGOji4OJyUtQFqQno2AZYytfp2T4YI313AqX71zz-6d1cdsMOtKP71phPWyiwAgcTPdeZVyj4zBwzuYZs-5aM5xpaj-ZoVPbQ6ckbuMZd6HE6hnK_Yv0FSby6iNaVomKiBs_bOEQCHCmnK9QiAnHj9Y9K1Gee4QRQH0ho46lOrfFeJBLfQVaESjNisnIoZ61yX1j-ZyHroF9z6Tm_zuQ\" border=\"0\" hspace=\"0\" vspace=\"0\" data-imagetype=\"External\" data-inlineimagemanipulating=\"true\" \/><\/p>\n<div><strong>CRECE NUESTRA RED DE FIBRA \u00d3PTICA ANTIROEDOR<\/strong><\/div>\n<div aria-hidden=\"true\"><\/div>\n<div><strong>Dentro de nuestra planificaci\u00f3n de mantenimiento en\u00a0 todos nuestros barrios, continuamos realizando cambio de postaci\u00f3n, reemplazando por postes de cemento aquellos que fueron da\u00f1ados por las tormentas y al mismo tiempo corrigiendo las trazas del tendido de Fibra \u00d3ptica.\u00a0<\/strong><\/div>\n<div aria-hidden=\"true\"><\/div>\n<div><strong>Al mismo tiempo, continuamos con las tareas de saneamiento en nuestras redes de Telecomunicaciones en los distintos barrios.<\/strong><\/div>\n<div aria-hidden=\"true\"><\/div>\n<div><strong>Estamos efectuando entre 12 y 15 migraciones diarias al Servicio Fibra \u00d3ptica en tu Hogar en los\u00a0 barrios que ya cuentan con la infraestructura necesaria.<\/strong><\/div>\n<div>\n<hr \/>\n<\/div>\n<p><img decoding=\"async\" src=\"https:\/\/41sau.img.a.d.sendibm1.com\/im\/2340286\/ff68697b0bacf433fedc7a67283b6a7e25e55c73925223e9b5544590836f94ed.jpg?e=PPNDj9_L1auVI7sLBRnWQV6mgfqBVK_avaKahii7jloGNhAZbzyvwd_gninlrRNa9Qc8oChQxoVQLC2ERE_Jo_3ABT2Fcn3ErlDdo71cvX5uhbqNbLTTpV3w8TzAqbzTp2atLrxiQveqRgRpXEGxFUMitsKDtykD-ipVAIT2EBPIxLASQFlR0w6QCa_q2k01u-Vmpsi_K2WdOZtaS8YtYHkNEiSzhHOv_ot97A\" border=\"0\" hspace=\"0\" vspace=\"0\" data-imagetype=\"External\" data-inlineimagemanipulating=\"true\" \/><\/p>\n<div><strong>SEGMENTACI\u00d3N ENERG\u00c9TICA: <\/strong><\/div>\n<div><strong>QUITA DE SUBSIDIOS EN LAS TARIFAS DE ENERG\u00cdA<\/strong><\/div>\n<div><\/div>\n<div><br aria-hidden=\"true\" \/>Estimados Usuarios del Servicio El\u00e9ctrico<br aria-hidden=\"true\" \/><br aria-hidden=\"true\" \/>Debido a que estamos recibiendo consultas respecto a los fuertes incrementos en las facturas del Servicio El\u00e9ctrico, queremos recordar que<strong> \u00e9stos se deben a la quita de subsidios y a los aumentos paulatinos informados por el Estado Nacional.<\/strong><\/div>\n<div aria-hidden=\"true\"><\/div>\n<div style=\"text-align: center;\">De acuerdo a los registros del padr\u00f3n <strong>\u00a0el 40% de los vecinos se encuentran dentro del registro N1 &#8211;<\/strong>que es el considerado como de mayores ingresos- <strong>en cuyo caso se pierde la totalidad del subsidio<\/strong>.\u00a0 Puede haber casos de vecinos que tengan su domicilio en otra ciudad y que la de Exaltaci\u00f3n de la Cruz haya sido tomada como segunda vivienda. <strong>En esta situaci\u00f3n no solo se pierde el subsidio sino que tiene correlaci\u00f3n directa con el valor del KW y por consiguiente afecta tambi\u00e9n los aumentos decretados por el Gobierno, engrosando el monto total de la factura.<\/strong><br aria-hidden=\"true\" \/><br aria-hidden=\"true\" \/><strong>1. C\u00f3mo saber si tengo a\u00fan el subsidio?<\/strong><br aria-hidden=\"true\" \/><br aria-hidden=\"true\" \/>Mirando nuestra factura en el margen derecho vemos la categor\u00eda en la cual estamos:<br \/>\n<img decoding=\"async\" src=\"https:\/\/41sau.img.a.d.sendibm1.com\/im\/2340286\/d06656a58812b1dc9ab16ab4b86b10caf3679c8a28784199003e51882b5ea7aa.jpg?e=BpFywLMtZfXI2qqLAypDO7MklUSWPsRDK5HnsV41yWlMuoPcReoPwU__-_8WivcYVtFu0CvRgy9yXZT4k12XEfeSPHNjLAMfZ5v7d7E8gCnoHZS8iWmr41VCQudpK544gHV0FBlR7exq00oJbztZWZ-XltUvIFyonchfdUsGCU3_ZVMKXaqC7qTY0z0aP2z7mF1cU66zAPbm7h1yZZCB-khGKZuJK2Wyi6johQ\" border=\"0\" hspace=\"0\" vspace=\"0\" data-imagetype=\"External\" data-inlineimagemanipulating=\"true\" \/><\/p>\n<div><strong>N1 Ingresos Altos (Menor subsidio).<br aria-hidden=\"true\" \/>N2 Ingresos Bajos (Mayor Subsidio).<br aria-hidden=\"true\" \/>N3 Ingresos Medios (Subsidio Medio).<\/strong><br aria-hidden=\"true\" \/><br aria-hidden=\"true\" \/>De acuderdo a lo que venimos informando a nuestros usuarios, es muy importante que se registren en el RASE (Registro de Acceso a los Subsidios a la Energ\u00eda).<br aria-hidden=\"true\" \/><br aria-hidden=\"true\" \/>En el mismo, por tratarse de una Declaraci\u00f3n Jurada, Cepral no puede acceder a los formularios de los usuarios ni realizar cambio alguno. Esto es de competencia exclusiva entre el usuario y el Estado Nacional.<\/div>\n<div><br aria-hidden=\"true\" \/><strong>Si a\u00fan no ha completado el formulario o\u00a0 no le ha sido otorgado el Subsidio, lo invitamos a visitar el siguiente link:<\/strong><\/div>\n<div><br aria-hidden=\"true\" \/><a href=\"https:\/\/41sau.r.a.d.sendibm1.com\/mk\/cl\/f\/sh\/1t6Af4OiGsE8LM5ebIag3QLIYOcXVS\/BDeNz_Dx68C2\" target=\"_blank\" rel=\"noopener noreferrer\" data-auth=\"NotApplicable\" data-linkindex=\"1\">https:\/\/www.argentina.gob.ar\/subsidios<\/a><br aria-hidden=\"true\" \/><br aria-hidden=\"true\" \/><strong>Aqu\u00ed usted podr\u00e1:<\/strong><\/div>\n<ul>\n<li>Completar formulario de inscripci\u00f3n.<\/li>\n<li>Modificar o eliminar solicitud.<\/li>\n<li>Solicitar evaluaci\u00f3n del caso.<\/li>\n<li>Dar de baja la petici\u00f3n solicitada.<\/li>\n<\/ul>\n<div><br aria-hidden=\"true\" \/>2. <strong>El tr\u00e1mite se podr\u00e1 realizar tambi\u00e9n en:<\/strong><\/div>\n<ul>\n<li>Aplicaci\u00f3n Mi Argentina.<\/li>\n<li>En la oficina de ANSES m\u00e1s cercana, para lo cual podr\u00e1 solicitar un turno por la p\u00e1gina web\u00a0 \u00a0<a href=\"https:\/\/41sau.r.a.d.sendibm1.com\/mk\/cl\/f\/sh\/1t6Af4OiGsEag4I4zegbDgP7wDbHDW\/B7V5ec5Mj3b2\" target=\"_blank\" rel=\"noopener noreferrer\" data-auth=\"NotApplicable\" data-linkindex=\"2\">http:\/\/www.anses.gov.ar turnos<\/a>\u00a0.<\/li>\n<\/ul>\n<div>\u200b<\/div>\n<div><strong>Tenga en cuenta que esta es la \u00fanica manera de saber si usted puede continuar manteniendo el subsidio Nacional.<\/strong><br aria-hidden=\"true\" \/><br aria-hidden=\"true\" \/>\u00a1Muchas Gracias!<br aria-hidden=\"true\" \/>Consejo de Administraci\u00f3n<br aria-hidden=\"true\" \/>CEPRAL<strong>\u00a0 \u00a0 \u00a0 <\/strong><\/div>\n<div>\n<hr \/>\n<\/div>\n<div style=\"text-align: center;\">Por favor, contratar personal id\u00f3neo para las podas domiciliarias.<\/div>\n<div style=\"text-align: center;\">\u00a1Prevengamos cortes de las l\u00edneas de los Servicios P\u00fablicos!<\/div>\n<hr \/>\n<div><strong>RESOLUCI\u00d3N N\u00b0 557\/23 ENACOM (ENTE NACIONAL DE COMUNICACIONES) &#8211; INCREMENTO GRADUAL DE TARIFAS DEL SERVICIO INTERNET\u00a0<\/strong><\/div>\n<div aria-hidden=\"true\"><\/div>\n<div>De acuerdo a lo informado por el ENACOM, el objetivo de esta medida es ajustar gradualmente los costos para hacer frente a los desaf\u00edos econ\u00f3micos del Sector de las Telecomunicaciones:<\/div>\n<div aria-hidden=\"true\"><\/div>\n<div>ART\u00cdCULO 3\u00b0.- <strong>Establecer que las Licenciatarias de Servicios de Valor Agregado de Acceso a Internet (SVA-I), de Servicios de Telefon\u00eda Fija<\/strong> (STF), de Servicios de Radiodifusi\u00f3n por Suscripci\u00f3n mediante v\u00ednculo f\u00edsico o radioel\u00e9ctrico (SRSVFR) y las Licenciatarias de Servicios de Comunicaci\u00f3n Audiovisual de Radiodifusi\u00f3n por Suscripci\u00f3n mediante v\u00ednculo satelital (DTH); <strong>podr\u00e1n incrementar el valor de todos sus precios minoristas en un porcentaje de hasta un CUATRO Y MEDIO POR CIENTO (4,5%), retroactivo al 1 de mayo de 2023; tomando como referencia sus precios vigentes al 30 de abril de 2023<\/strong> y de conformidad con las autorizaciones establecidas mediante Resoluciones ENACOM N\u00b0 1.466\/2020; N\u00b0 27\/2021; N\u00b0 28\/2021; N\u00b0 204\/2021; N\u00b0 862\/2021; N\u00b0 2.187\/2021, N\u00b0 725\/2022, N\u00b0 1.754\/2022 y N\u00b0 2.494\/2022.<br aria-hidden=\"true\" \/><br aria-hidden=\"true\" \/><strong>A partir del primer d\u00eda de cada mes posterior a mayo de 2023, sucesivamente y hasta diciembre de 2023 inclusive, las Licenciatarias aludidas podr\u00e1n aplicar un nuevo incremento mensual en un porcentaje de hasta el CUATRO Y MEDIO POR CIENTO (4,5%)<\/strong> sobre los mismos precios, tomando como referencia los valores actualizados al \u00faltimo d\u00eda del mes anterior y de conformidad con los t\u00e9rminos del p\u00e1rrafo precedente.<strong>\u00a0<\/strong><\/div>\n<hr \/>\n<p>Rogamos no dejar restos de poda bajo las l\u00edneas de cableado. \u00a1Prevengamos incendios, da\u00f1os en las viviendas e interrupci\u00f3n de los servicios!<\/p>\n<\/div>\n<hr \/>\n<p><img decoding=\"async\" src=\"https:\/\/41sau.img.a.d.sendibm1.com\/im\/2340286\/a7acf7f596ece8aa7bd4937bb9160d3dad709fad2e9297fce73d205f23b5e1f6.jpg?e=pHGotK8LF84Nn1zkG0CbAlX_J9jeKDihJk9H8TYCOc19uz7CxLTJdedFFoy_b9Yk0XyfkCIG3-EIksbzavkgIOBaURbi8q1-d8Ujg__zFpOF1VEt7Sau6KCafnmMfeBsAvGfVs393FyQ3mXHsFEy41tt9FFLjH6p2BU7knBw8zAf0zs24M8YH4ajxqBemyS8W4uz6YmPyqoF2d565qHCU31YDzOHtvwwOiJEXw\" border=\"0\" hspace=\"0\" vspace=\"0\" data-imagetype=\"External\" data-inlineimagemanipulating=\"true\" \/><\/p>\n<p>&nbsp;<\/p>\n<div><\/div>\n<div>\n<div id=\"x_ydp54d15d76yiv7616821837\"><\/div>\n<\/div>\n","protected":false},"excerpt":{"rendered":"<p>INFORME DEL CONSEJO DE ADMINISTRACI\u00d3N DE CEPRAL. Telecomunicaciones: Fibra \u00d3ptica en tu Hogar en el barrio Los Pinos. Hasta el momento se han inscripto 60 nuevos usuarios.\u00a0 Ya\u00a0comenzamos con las firmas de los convenios y con las altas, seg\u00fan el cronograma de inscripci\u00f3n. Pero es necesario que se inscriban m\u00e1s vecinos, para poder avanzar con [&hellip;]<\/p>\n","protected":false},"author":3,"featured_media":16574,"comment_status":"open","ping_status":"open","sticky":false,"template":"","format":"standard","meta":{"footnotes":"","jetpack_publicize_message":"","jetpack_publicize_feature_enabled":true,"jetpack_social_post_already_shared":true,"jetpack_social_options":{"image_generator_settings":{"template":"highway","default_image_id":0,"font":"","enabled":false},"version":2}},"categories":[5],"tags":[29,848],"class_list":["post-21649","post","type-post","status-publish","format-standard","has-post-thumbnail","hentry","category-aqui-parada-robles","tag-cepral","tag-informe"],"jetpack_publicize_connections":[],"jetpack_featured_media_url":"https:\/\/revistaepocadigital.com.ar\/wp-content\/uploads\/2022\/06\/cepral.jpg","jetpack_likes_enabled":true,"_links":{"self":[{"href":"https:\/\/revistaepocadigital.com.ar\/index.php?rest_route=\/wp\/v2\/posts\/21649","targetHints":{"allow":["GET"]}}],"collection":[{"href":"https:\/\/revistaepocadigital.com.ar\/index.php?rest_route=\/wp\/v2\/posts"}],"about":[{"href":"https:\/\/revistaepocadigital.com.ar\/index.php?rest_route=\/wp\/v2\/types\/post"}],"author":[{"embeddable":true,"href":"https:\/\/revistaepocadigital.com.ar\/index.php?rest_route=\/wp\/v2\/users\/3"}],"replies":[{"embeddable":true,"href":"https:\/\/revistaepocadigital.com.ar\/index.php?rest_route=%2Fwp%2Fv2%2Fcomments&post=21649"}],"version-history":[{"count":0,"href":"https:\/\/revistaepocadigital.com.ar\/index.php?rest_route=\/wp\/v2\/posts\/21649\/revisions"}],"wp:featuredmedia":[{"embeddable":true,"href":"https:\/\/revistaepocadigital.com.ar\/index.php?rest_route=\/wp\/v2\/media\/16574"}],"wp:attachment":[{"href":"https:\/\/revistaepocadigital.com.ar\/index.php?rest_route=%2Fwp%2Fv2%2Fmedia&parent=21649"}],"wp:term":[{"taxonomy":"category","embeddable":true,"href":"https:\/\/revistaepocadigital.com.ar\/index.php?rest_route=%2Fwp%2Fv2%2Fcategories&post=21649"},{"taxonomy":"post_tag","embeddable":true,"href":"https:\/\/revistaepocadigital.com.ar\/index.php?rest_route=%2Fwp%2Fv2%2Ftags&post=21649"}],"curies":[{"name":"wp","href":"https:\/\/api.w.org\/{rel}","templated":true}]}}