{"id":2165,"date":"2019-04-11T18:05:57","date_gmt":"2019-04-11T21:05:57","guid":{"rendered":"https:\/\/revistaepocadigital.com.ar\/?p=2165"},"modified":"2019-04-11T18:05:57","modified_gmt":"2019-04-11T21:05:57","slug":"el-same-ya-opera-en-cien-municipios-de-la-provincia","status":"publish","type":"post","link":"https:\/\/revistaepocadigital.com.ar\/?p=2165","title":{"rendered":"EL SAME YA OPERA EN CIEN MUNICIPIOS DE LA PROVINCIA"},"content":{"rendered":"<div class=\"msg-body P_wpofO iy_A\" data-test-id=\"message-view-body-content\">\n<div class=\"jb_0 X_6MGW N_6Fd5\">\n<div>\n<div id=\"yiv2435113628\">\n<div dir=\"ltr\">\n<div class=\"yiv2435113628gmail_quote\">\n<div dir=\"ltr\">\n<div class=\"yiv2435113628gmail_quote\">\n<div dir=\"ltr\">\n<div class=\"yiv2435113628gmail_quote\">\n<div dir=\"ltr\">\n<div dir=\"ltr\">\n<div dir=\"ltr\">\n<div>\n<div><b><em>&#8220;Y TRABAJAMOS PARA LLEGAR A LOS 135 CUANDO TERMINE EL A\u00d1O&#8221;<\/em>, DIJO LA GOBERNADORA VIDAL.<!--more--><\/b><\/div>\n<div><b>\u00a0<\/b><\/div>\n<div><span style=\"color: #000000;\">Mar\u00eda Eugenia Vidal, encabez\u00f3elacto en el que anunci\u00f3 que el Sistema de Atenci\u00f3n M\u00e9dica de Emergencias (SAME) ya beneficia a m\u00e1s de 13 millones de personas de cien municipios bonaerenses y que <em>\u201ctrabajamos para llegar a los 135&#8243;<\/em> cuando termine el a\u00f1o.<\/span><\/div>\n<div><\/div>\n<div><em>\u201cHemos puesto nuestro esfuerzo, les agradezco a los 100 intendentes que se comprometieron con el proyecto y se sumaron a este programa, que aceptaron nuestras ambulancias, el sistema de emergencias, el personal que hac\u00eda falta y son parte de un mismo equipo para atender las necesidades de los bonaerenses\u201d<\/em>, expres\u00f3 Vidal durante el acto en el Estadio \u00danico de La Plata.<\/div>\n<div><\/div>\n<\/div>\n<\/div>\n<div><img decoding=\"async\" class=\"W_6D6F\" src=\"https:\/\/apis.mail.yahoo.com\/ws\/v3\/mailboxes\/@.id==VjN-xF3I97EHoROgkj6VNCdRQqeA2JymVf7t_dNnS0aDi3s78AREAsRDD7nmdHgvOMaxQGPOCLL4yv1gdpoOBPLlCw\/messages\/@.id==APLF2uUfBtNBXK4mRQ6eMLLmvv0\/content\/parts\/@.id==4\/thumbnail?appId=YMailNorrin&amp;size=150w&amp;w=150&amp;h=150\" data-test-id=\"attachment-thumbnail\" \/><\/div>\n<div dir=\"ltr\">\n<div>\n<div><span style=\"color: #000000;\">Luego expres\u00f3 que <em>\u201c\u00e9sta no es una realidad aislada: es el resultado de que la salud es una prioridad para nosotros. Esto no se expresa con discursos ni con carteles, sino con hechos concretos como \u00e9ste. Para eso trabajamos en equipo, la urgencia de los bonaerenses necesita una respuesta y un Estado presente&#8221;<\/em>.<em> &#8220;Nuestro objetivo<\/em> -apunt\u00f3- <em>es que para fin de a\u00f1o toda la Provincia tenga este servicio. Hace dos a\u00f1os lo lanzamos para veinte municipios. Este es el compromiso de un equipo que tiene la camiseta puesta y es garant\u00eda de que cuando la gente llama al 107 sabe que va a tener una respuesta&#8221;..<\/em><\/span><\/div>\n<div class=\"yiv2435113628m_-6739940168213805727m_-435370839736213739gmail-adL\">\n<div class=\"yiv2435113628m_-6739940168213805727m_-435370839736213739gmail-im\">\n<div><span style=\"color: #000000;\">\u00a0<\/span><\/div>\n<div><span style=\"color: #000000;\">Luego de la tarea del gobierno de la provincia de Buenos Aires en materia de salud, SAME Provincia desembarca en Hurlingham y Malvinas Argentinas, con 5 y 9 nuevas ambulancias de alta complejidad respectivamente, que brinda la Provincia y van a mejorar la calidad de vida de sus habitantes. Actualmente, el servicio tiene presencia en 100 municipios con 300 ambulancias y beneficia a m\u00e1s de 13 millones de bonaerenses. A fines de 2019, con una inversi\u00f3n acumulada de $3.000 millones, el gobierno provincial llevar\u00e1 SAME a los 135 municipios de la Provincia.\u00a0<\/span><\/div>\n<div><span style=\"color: #000000;\">\u00a0<\/span><\/div>\n<div><span style=\"color: #000000;\">SAME Provincia es el primer sistema de emergencias m\u00e9dicas prehospitalaria del gobierno bonaerense. Su objetivo primordial es brindar atenci\u00f3n inmediata y de calidad a cargo de profesionales id\u00f3neos para la tarea en caso de siniestros viales o urgencias en la v\u00eda p\u00fablica. Desde el a\u00f1o 2016 funciona gracias al trabajo en equipo entre el Gobierno de la Provincia de Buenos Aires y cada uno de los municipios en los que ya opera.<\/span><\/div>\n<div><span style=\"color: #000000;\">\u00a0<\/span><\/div>\n<div><span style=\"color: #000000;\">El esquema de funcionamiento de las patrullas sanitarias est\u00e1 dise\u00f1ado para llegar a cualquier punto en menos de 15 minutos.<\/span><\/div>\n<\/div>\n<\/div>\n<\/div>\n<div><\/div>\n<div>\n<p dir=\"ltr\">Detalles de SAME PBA<\/p>\n<ul>\n<li dir=\"ltr\">\n<p dir=\"ltr\">Equipo de trabajo: incluye choferes y m\u00e9dicos (dos por ambulancia), radio operadores, telefonistas y coordinadores m\u00e9dicos.<\/p>\n<\/li>\n<li dir=\"ltr\">\n<p dir=\"ltr\">Capacitaci\u00f3n: la Provincia capacit\u00f3 a la dotaci\u00f3n que trabajar\u00e1 en los municipios y a todo el personal que interviene en una situaci\u00f3n de emergencia: bomberos, defensa civil y seguridad. Incluye un m\u00f3dulo general de reanimaci\u00f3n cardio pulmonar avanzada, inmovilizaci\u00f3n de los pacientes asistidos, control de v\u00edas a\u00e9reas, clasificaci\u00f3n por triage \u2013que establece prioridades de atenci\u00f3n de acuerdo a la gravedad de cada caso\u2013 y manejo inicial del trauma. Adem\u00e1s, los conductores de ambulancias recibieron instrucciones de manejo defensivo y bioseguridad. Los radio operadores fueron entrenados en el manejo de la comunicaci\u00f3n ante una emergencia para la contenci\u00f3n, clasificaci\u00f3n y categorizaci\u00f3n del paciente y de la persona que realiza el pedido de asistencia.<\/p>\n<\/li>\n<li dir=\"ltr\">\n<p dir=\"ltr\">Equipamiento de las ambulancias: cada unidad de alta complejidad cuenta con cardiodesfibriladores, paneles centrales de ox\u00edgeno, tubos de ox\u00edgeno independientes para la atenci\u00f3n fuera del veh\u00edculo, kits para la atenci\u00f3n de trauma, v\u00eda a\u00e9rea, parto y quemado y equipo de comunicaci\u00f3n.<\/p>\n<\/li>\n<\/ul>\n<p dir=\"ltr\">De esta manera, la Provincia puso a disposici\u00f3n todos los recursos necesarios para fortalecer los sistemas locales con la flexibilidad suficiente para que la implementaci\u00f3n se adapte a las necesidades particulares de cada municipio.<\/p>\n<p dir=\"ltr\">100 \u00a0de los 135 municipios cuentan con SAME Provincia, entre los que se encuentra desde hace un tiempo, Exaltaci\u00f3n de la Cruz.<\/p>\n<p dir=\"ltr\">Fotos: Secretar\u00eda de Medios de la provincia de Buenos Aires.<\/p>\n<\/div>\n<\/div>\n<\/div>\n<\/div>\n<\/div>\n<\/div>\n<\/div>\n<\/div>\n<\/div>\n<\/div>\n<\/div>\n<\/div>\n<\/div>\n<\/div>\n<p>&nbsp;<\/p>\n<div data-test-id=\"message-view-body\"><\/div>\n","protected":false},"excerpt":{"rendered":"<p>&#8220;Y TRABAJAMOS PARA LLEGAR A LOS 135 CUANDO TERMINE EL A\u00d1O&#8221;, DIJO LA GOBERNADORA VIDAL.<\/p>\n","protected":false},"author":3,"featured_media":2167,"comment_status":"open","ping_status":"open","sticky":false,"template":"","format":"standard","meta":{"footnotes":"","jetpack_publicize_message":"","jetpack_publicize_feature_enabled":true,"jetpack_social_post_already_shared":false,"jetpack_social_options":{"image_generator_settings":{"template":"highway","default_image_id":0,"font":"","enabled":false},"version":2}},"categories":[13],"tags":[260,146],"class_list":["post-2165","post","type-post","status-publish","format-standard","has-post-thumbnail","hentry","category-interes-general","tag-interes-general","tag-vidal"],"jetpack_publicize_connections":[],"jetpack_featured_media_url":"https:\/\/revistaepocadigital.com.ar\/wp-content\/uploads\/2019\/04\/vidal-same-19.jpeg","jetpack_likes_enabled":true,"_links":{"self":[{"href":"https:\/\/revistaepocadigital.com.ar\/index.php?rest_route=\/wp\/v2\/posts\/2165","targetHints":{"allow":["GET"]}}],"collection":[{"href":"https:\/\/revistaepocadigital.com.ar\/index.php?rest_route=\/wp\/v2\/posts"}],"about":[{"href":"https:\/\/revistaepocadigital.com.ar\/index.php?rest_route=\/wp\/v2\/types\/post"}],"author":[{"embeddable":true,"href":"https:\/\/revistaepocadigital.com.ar\/index.php?rest_route=\/wp\/v2\/users\/3"}],"replies":[{"embeddable":true,"href":"https:\/\/revistaepocadigital.com.ar\/index.php?rest_route=%2Fwp%2Fv2%2Fcomments&post=2165"}],"version-history":[{"count":0,"href":"https:\/\/revistaepocadigital.com.ar\/index.php?rest_route=\/wp\/v2\/posts\/2165\/revisions"}],"wp:featuredmedia":[{"embeddable":true,"href":"https:\/\/revistaepocadigital.com.ar\/index.php?rest_route=\/wp\/v2\/media\/2167"}],"wp:attachment":[{"href":"https:\/\/revistaepocadigital.com.ar\/index.php?rest_route=%2Fwp%2Fv2%2Fmedia&parent=2165"}],"wp:term":[{"taxonomy":"category","embeddable":true,"href":"https:\/\/revistaepocadigital.com.ar\/index.php?rest_route=%2Fwp%2Fv2%2Fcategories&post=2165"},{"taxonomy":"post_tag","embeddable":true,"href":"https:\/\/revistaepocadigital.com.ar\/index.php?rest_route=%2Fwp%2Fv2%2Ftags&post=2165"}],"curies":[{"name":"wp","href":"https:\/\/api.w.org\/{rel}","templated":true}]}}