{"id":21739,"date":"2023-08-07T01:54:04","date_gmt":"2023-08-07T04:54:04","guid":{"rendered":"https:\/\/revistaepocadigital.com.ar\/?p=21739"},"modified":"2023-08-07T01:54:04","modified_gmt":"2023-08-07T04:54:04","slug":"alarmas-vecinales-en-arroyo-de-la-cruz","status":"publish","type":"post","link":"https:\/\/revistaepocadigital.com.ar\/?p=21739","title":{"rendered":"ALARMAS VECINALES EN ARROYO DE LA CRUZ"},"content":{"rendered":"<p><strong>Instalaci\u00f3n de receptores y la entrega de los llaveros de alarmas vecinales en Arroyo de la Cruz.<\/strong><!--more--><\/p>\n<p>En los pr\u00f3ximos d\u00edas se continuar\u00e1 con la entrega, se hizo saber desde la Secretar\u00eda de Seguridad,\u00a0adem\u00e1s de registrar a los vecinos que quieran sumarse a esta iniciativa, como una herramienta m\u00e1s en materia de prevenci\u00f3n y disuasi\u00f3n del delito. Tambi\u00e9n, los vecinos interesados pueden comunicarse con el CAV al 0800 666 9009.<\/p>\n<p>Este sistema tiene sirenas, luces LED y est\u00e1 conectado con el CAV, la polic\u00eda y el Hospital San Jos\u00e9, para que la denuncia llegue de manera inmediata.\u00a0El sistema de alarmas vecinales se suma a las m\u00e1s de 200 c\u00e1maras instaladas en el distrito, los nuevos patrulleros, efectivos, aplicaci\u00f3n BASSAP, lectoras de patentes, entre otras medidas que se llevaron adelante desde el municipio, seg\u00fan lo informado.<\/p>\n","protected":false},"excerpt":{"rendered":"<p>Instalaci\u00f3n de receptores y la entrega de los llaveros de alarmas vecinales en Arroyo de la Cruz.<\/p>\n","protected":false},"author":3,"featured_media":21740,"comment_status":"open","ping_status":"open","sticky":false,"template":"","format":"standard","meta":{"footnotes":"","jetpack_publicize_message":"","jetpack_publicize_feature_enabled":true,"jetpack_social_post_already_shared":true,"jetpack_social_options":{"image_generator_settings":{"template":"highway","default_image_id":0,"font":"","enabled":false},"version":2}},"categories":[6,16],"tags":[2402,174],"class_list":["post-21739","post","type-post","status-publish","format-standard","has-post-thumbnail","hentry","category-barrios","category-municipales","tag-alarmas","tag-arroyo-de-la-cruz"],"jetpack_publicize_connections":[],"jetpack_featured_media_url":"https:\/\/revistaepocadigital.com.ar\/wp-content\/uploads\/2023\/08\/AFFOYO.jpg","jetpack_likes_enabled":true,"_links":{"self":[{"href":"https:\/\/revistaepocadigital.com.ar\/index.php?rest_route=\/wp\/v2\/posts\/21739","targetHints":{"allow":["GET"]}}],"collection":[{"href":"https:\/\/revistaepocadigital.com.ar\/index.php?rest_route=\/wp\/v2\/posts"}],"about":[{"href":"https:\/\/revistaepocadigital.com.ar\/index.php?rest_route=\/wp\/v2\/types\/post"}],"author":[{"embeddable":true,"href":"https:\/\/revistaepocadigital.com.ar\/index.php?rest_route=\/wp\/v2\/users\/3"}],"replies":[{"embeddable":true,"href":"https:\/\/revistaepocadigital.com.ar\/index.php?rest_route=%2Fwp%2Fv2%2Fcomments&post=21739"}],"version-history":[{"count":0,"href":"https:\/\/revistaepocadigital.com.ar\/index.php?rest_route=\/wp\/v2\/posts\/21739\/revisions"}],"wp:featuredmedia":[{"embeddable":true,"href":"https:\/\/revistaepocadigital.com.ar\/index.php?rest_route=\/wp\/v2\/media\/21740"}],"wp:attachment":[{"href":"https:\/\/revistaepocadigital.com.ar\/index.php?rest_route=%2Fwp%2Fv2%2Fmedia&parent=21739"}],"wp:term":[{"taxonomy":"category","embeddable":true,"href":"https:\/\/revistaepocadigital.com.ar\/index.php?rest_route=%2Fwp%2Fv2%2Fcategories&post=21739"},{"taxonomy":"post_tag","embeddable":true,"href":"https:\/\/revistaepocadigital.com.ar\/index.php?rest_route=%2Fwp%2Fv2%2Ftags&post=21739"}],"curies":[{"name":"wp","href":"https:\/\/api.w.org\/{rel}","templated":true}]}}