{"id":21826,"date":"2023-09-08T00:34:56","date_gmt":"2023-09-08T03:34:56","guid":{"rendered":"https:\/\/revistaepocadigital.com.ar\/?p=21826"},"modified":"2023-09-08T11:24:35","modified_gmt":"2023-09-08T14:24:35","slug":"en-el-sindicato-de-empleados-de-comercio-zarate-festejos-por-el-dia-del-nino-y-mes-de-la-infancia","status":"publish","type":"post","link":"https:\/\/revistaepocadigital.com.ar\/?p=21826","title":{"rendered":"Una gran fiesta por el D\u00eda de las Infancias. Sindicato de Empleados de Comercio Z\u00e1rate."},"content":{"rendered":"<div dir=\"ltr\"><strong>UN GRAN COMETIDO CUMPLIDO.<\/strong><\/div>\n<p><!--more--><\/p>\n<div dir=\"ltr\"><\/div>\n<div dir=\"ltr\"><\/div>\n<div dir=\"ltr\"><\/div>\n<div dir=\"ltr\"><strong><img loading=\"lazy\" decoding=\"async\" class=\"aligncenter size-full wp-image-22222\" src=\"https:\/\/revistaepocadigital.com.ar\/wp-content\/uploads\/2023\/08\/sssssssssssssssssssssss.jpg\" alt=\"\" width=\"864\" height=\"864\" srcset=\"https:\/\/revistaepocadigital.com.ar\/wp-content\/uploads\/2023\/08\/sssssssssssssssssssssss.jpg 864w, https:\/\/revistaepocadigital.com.ar\/wp-content\/uploads\/2023\/08\/sssssssssssssssssssssss-300x300.jpg 300w, https:\/\/revistaepocadigital.com.ar\/wp-content\/uploads\/2023\/08\/sssssssssssssssssssssss-150x150.jpg 150w, https:\/\/revistaepocadigital.com.ar\/wp-content\/uploads\/2023\/08\/sssssssssssssssssssssss-768x768.jpg 768w, https:\/\/revistaepocadigital.com.ar\/wp-content\/uploads\/2023\/08\/sssssssssssssssssssssss-696x696.jpg 696w, https:\/\/revistaepocadigital.com.ar\/wp-content\/uploads\/2023\/08\/sssssssssssssssssssssss-420x420.jpg 420w, https:\/\/revistaepocadigital.com.ar\/wp-content\/uploads\/2023\/08\/sssssssssssssssssssssss-840x840.jpg 840w, https:\/\/revistaepocadigital.com.ar\/wp-content\/uploads\/2023\/08\/sssssssssssssssssssssss-320x320.jpg 320w, https:\/\/revistaepocadigital.com.ar\/wp-content\/uploads\/2023\/08\/sssssssssssssssssssssss-480x480.jpg 480w, https:\/\/revistaepocadigital.com.ar\/wp-content\/uploads\/2023\/08\/sssssssssssssssssssssss-800x800.jpg 800w\" sizes=\"auto, (max-width: 864px) 100vw, 864px\" \/><\/strong><\/div>\n<div dir=\"ltr\"><\/div>\n<div dir=\"ltr\"><\/div>\n<div dir=\"ltr\"><strong>&#8230;&#8230;&#8230;&#8230;&#8230;&#8230;&#8230;&#8230;&#8230;&#8230;&#8230;&#8230;&#8230;&#8230;&#8230;.<\/strong><\/div>\n<div dir=\"ltr\"><\/div>\n<div dir=\"ltr\"><\/div>\n<div dir=\"ltr\">nota anterior.<\/div>\n<div dir=\"ltr\"><strong>ATENCI\u00d3N CHICOS; HIJOS DE AFILIADOS TITULARES. ES EL CLUB N\u00c1UTICO ARSENAL DE Z\u00c1RATE, ES ESTE DOMINGO 27 DE AGOSTO!<\/strong><\/div>\n<p><!--more--><\/p>\n<div dir=\"ltr\"><img loading=\"lazy\" decoding=\"async\" class=\"aligncenter size-full wp-image-21849\" src=\"https:\/\/revistaepocadigital.com.ar\/wp-content\/uploads\/2023\/08\/si.jpg\" alt=\"\" width=\"582\" height=\"1024\" srcset=\"https:\/\/revistaepocadigital.com.ar\/wp-content\/uploads\/2023\/08\/si.jpg 582w, https:\/\/revistaepocadigital.com.ar\/wp-content\/uploads\/2023\/08\/si-171x300.jpg 171w, https:\/\/revistaepocadigital.com.ar\/wp-content\/uploads\/2023\/08\/si-239x420.jpg 239w, https:\/\/revistaepocadigital.com.ar\/wp-content\/uploads\/2023\/08\/si-477x840.jpg 477w\" sizes=\"auto, (max-width: 582px) 100vw, 582px\" \/><\/div>\n<div dir=\"ltr\"><\/div>\n<div dir=\"ltr\"><\/div>\n<div dir=\"ltr\"><\/div>\n<div dir=\"ltr\" style=\"text-align: center;\"><\/div>\n<div dir=\"ltr\" style=\"text-align: center;\"><strong>&#8212;&#8212;&#8212;&#8212;&#8212;&#8212;&#8212;&#8212;&#8212;&#8212;&#8212;&#8212;&#8212;&#8212;&#8212;&#8212;&#8212;&#8212;-<\/strong><\/div>\n<div dir=\"ltr\">nota anterior.<\/div>\n<div dir=\"ltr\"><\/div>\n<div dir=\"ltr\"><\/div>\n<div dir=\"ltr\"><strong>EN LA FILIAL Z\u00c1RATE, PREPARAN UN EVENTO DIFERENTE.<\/strong><\/div>\n<p><!--more--><\/p>\n<div dir=\"ltr\">Para todos los ni\u00f1os de las familias de los afiliados. Y tambi\u00e9n las acciones pensadas en ellos, considerando el Mes de la Infancia. Y es nada menos que un viaje al hermoso parque Temaiken.<\/div>\n<div dir=\"ltr\"><\/div>\n<div dir=\"ltr\"><\/div>\n<div dir=\"ltr\"><img loading=\"lazy\" decoding=\"async\" class=\"aligncenter size-medium wp-image-21829\" src=\"https:\/\/revistaepocadigital.com.ar\/wp-content\/uploads\/2023\/08\/sin-nino-1-300x300.jpg\" alt=\"\" width=\"300\" height=\"300\" srcset=\"https:\/\/revistaepocadigital.com.ar\/wp-content\/uploads\/2023\/08\/sin-nino-1-300x300.jpg 300w, https:\/\/revistaepocadigital.com.ar\/wp-content\/uploads\/2023\/08\/sin-nino-1-150x150.jpg 150w, https:\/\/revistaepocadigital.com.ar\/wp-content\/uploads\/2023\/08\/sin-nino-1-768x768.jpg 768w, https:\/\/revistaepocadigital.com.ar\/wp-content\/uploads\/2023\/08\/sin-nino-1-696x696.jpg 696w, https:\/\/revistaepocadigital.com.ar\/wp-content\/uploads\/2023\/08\/sin-nino-1-420x420.jpg 420w, https:\/\/revistaepocadigital.com.ar\/wp-content\/uploads\/2023\/08\/sin-nino-1-840x840.jpg 840w, https:\/\/revistaepocadigital.com.ar\/wp-content\/uploads\/2023\/08\/sin-nino-1.jpg 864w\" sizes=\"auto, (max-width: 300px) 100vw, 300px\" \/><\/div>\n<p><iframe loading=\"lazy\" title=\"Ni\u00f1o sindicato\" width=\"696\" height=\"522\" src=\"https:\/\/www.youtube.com\/embed\/AA--GBW0b9Y?feature=oembed\" frameborder=\"0\" allow=\"accelerometer; autoplay; clipboard-write; encrypted-media; gyroscope; picture-in-picture; web-share\" allowfullscreen><\/iframe><\/p>\n","protected":false},"excerpt":{"rendered":"<p>UN GRAN COMETIDO CUMPLIDO.<\/p>\n","protected":false},"author":3,"featured_media":22222,"comment_status":"open","ping_status":"open","sticky":false,"template":"","format":"standard","meta":{"footnotes":"","jetpack_publicize_message":"","jetpack_publicize_feature_enabled":true,"jetpack_social_post_already_shared":true,"jetpack_social_options":{"image_generator_settings":{"template":"highway","default_image_id":0,"font":"","enabled":false},"version":2}},"categories":[14],"tags":[793,1050],"class_list":["post-21826","post","type-post","status-publish","format-standard","has-post-thumbnail","hentry","category-la-gente","tag-dia-del-nino","tag-sindicato"],"jetpack_publicize_connections":[],"jetpack_featured_media_url":"https:\/\/revistaepocadigital.com.ar\/wp-content\/uploads\/2023\/08\/sssssssssssssssssssssss.jpg","jetpack_likes_enabled":true,"_links":{"self":[{"href":"https:\/\/revistaepocadigital.com.ar\/index.php?rest_route=\/wp\/v2\/posts\/21826","targetHints":{"allow":["GET"]}}],"collection":[{"href":"https:\/\/revistaepocadigital.com.ar\/index.php?rest_route=\/wp\/v2\/posts"}],"about":[{"href":"https:\/\/revistaepocadigital.com.ar\/index.php?rest_route=\/wp\/v2\/types\/post"}],"author":[{"embeddable":true,"href":"https:\/\/revistaepocadigital.com.ar\/index.php?rest_route=\/wp\/v2\/users\/3"}],"replies":[{"embeddable":true,"href":"https:\/\/revistaepocadigital.com.ar\/index.php?rest_route=%2Fwp%2Fv2%2Fcomments&post=21826"}],"version-history":[{"count":0,"href":"https:\/\/revistaepocadigital.com.ar\/index.php?rest_route=\/wp\/v2\/posts\/21826\/revisions"}],"wp:featuredmedia":[{"embeddable":true,"href":"https:\/\/revistaepocadigital.com.ar\/index.php?rest_route=\/wp\/v2\/media\/22222"}],"wp:attachment":[{"href":"https:\/\/revistaepocadigital.com.ar\/index.php?rest_route=%2Fwp%2Fv2%2Fmedia&parent=21826"}],"wp:term":[{"taxonomy":"category","embeddable":true,"href":"https:\/\/revistaepocadigital.com.ar\/index.php?rest_route=%2Fwp%2Fv2%2Fcategories&post=21826"},{"taxonomy":"post_tag","embeddable":true,"href":"https:\/\/revistaepocadigital.com.ar\/index.php?rest_route=%2Fwp%2Fv2%2Ftags&post=21826"}],"curies":[{"name":"wp","href":"https:\/\/api.w.org\/{rel}","templated":true}]}}