{"id":2191,"date":"2019-04-17T23:22:05","date_gmt":"2019-04-18T02:22:05","guid":{"rendered":"https:\/\/revistaepocadigital.com.ar\/?p=2191"},"modified":"2019-04-17T23:22:05","modified_gmt":"2019-04-18T02:22:05","slug":"bebe-izaguirre-adios-a-un-vecino-de-esos-que-se-recordaran-siempre","status":"publish","type":"post","link":"https:\/\/revistaepocadigital.com.ar\/?p=2191","title":{"rendered":"&#8220;BEBE&#8221; IZAGUIRRE; ADI\u00d3S A UN VECINO DE ESOS QUE SE RECORDAR\u00c1N SIEMPRE"},"content":{"rendered":"<div class=\"clearfix fbPhotoSnowliftAuthorInfo _xlu\">\n<div class=\"clearfix _8u _42ef\">\n<div class=\"_6a\">\n<div class=\"_6a _6b\">\n<div id=\"fbPhotoSnowliftAudienceSelector\"><\/div>\n<\/div>\n<\/div>\n<\/div>\n<\/div>\n<div class=\"_xlr\">\n<div id=\"fbPhotoSnowliftCTMButton\">\n<p><strong>&#8220;BEBE&#8221; IZAGUIRRE.<\/strong><\/p>\n<p><!--more--><\/p>\n<p><img loading=\"lazy\" decoding=\"async\" class=\"aligncenter size-large wp-image-2194\" src=\"https:\/\/revistaepocadigital.com.ar\/wp-content\/uploads\/2019\/04\/izaguirre.bebe_.jpg\" alt=\"\" width=\"696\" height=\"378\" srcset=\"https:\/\/revistaepocadigital.com.ar\/wp-content\/uploads\/2019\/04\/izaguirre.bebe_.jpg 960w, https:\/\/revistaepocadigital.com.ar\/wp-content\/uploads\/2019\/04\/izaguirre.bebe_-300x163.jpg 300w, https:\/\/revistaepocadigital.com.ar\/wp-content\/uploads\/2019\/04\/izaguirre.bebe_-768x418.jpg 768w, https:\/\/revistaepocadigital.com.ar\/wp-content\/uploads\/2019\/04\/izaguirre.bebe_-696x378.jpg 696w, https:\/\/revistaepocadigital.com.ar\/wp-content\/uploads\/2019\/04\/izaguirre.bebe_-772x420.jpg 772w\" sizes=\"auto, (max-width: 696px) 100vw, 696px\" \/><\/p>\n<p><strong>Ilustre figura de Exaltaci\u00f3n de la Cruz<\/strong>, hacedor incansable; fue uno de los fundadores de los Bomberos Voluntarios de Capilla del Se\u00f1or, y tan laborioso e ingenioso mec\u00e1nico.<\/p>\n<p>Meco Martignoni, otro vecino quien tambi\u00e9n fuera bombero voluntario, amigo de Bebe, dej\u00f3 una emotiva semblanza en su muro en Facebook:<em> &#8220;Querido Bebe, te voy a extra\u00f1ar, esas conversaciones que ten\u00edamos en la puerta de tu casa cada vez que yo pasaba. Sos UN GRANDE que hiciste muchas cosas por el pueblo. Descansa en paz amigo&#8221;.<\/em><\/p>\n<p>Y apunt\u00f3: <em>&#8220;Se fue un grande de Capilla. Dio todo por su pueblo, fue fundador de los Bomberos Voluntarios de Exaltaci\u00f3n de la Cruz&#8221;<\/em><\/p>\n<\/div>\n<\/div>\n<p>Foto: gentileza Poroto Nosdeo (portada)<\/p>\n","protected":false},"excerpt":{"rendered":"<p>&#8220;BEBE&#8221; IZAGUIRRE.<\/p>\n","protected":false},"author":4,"featured_media":2192,"comment_status":"open","ping_status":"open","sticky":false,"template":"","format":"standard","meta":{"footnotes":"","jetpack_publicize_message":"","jetpack_publicize_feature_enabled":true,"jetpack_social_post_already_shared":false,"jetpack_social_options":{"image_generator_settings":{"template":"highway","default_image_id":0,"font":"","enabled":false},"version":2}},"categories":[13],"tags":[306],"class_list":["post-2191","post","type-post","status-publish","format-standard","has-post-thumbnail","hentry","category-interes-general","tag-bebe-izaguirre"],"jetpack_publicize_connections":[],"jetpack_featured_media_url":"https:\/\/revistaepocadigital.com.ar\/wp-content\/uploads\/2019\/04\/izaguirre-bebe-poroto-nosdeo.jpg","jetpack_likes_enabled":true,"_links":{"self":[{"href":"https:\/\/revistaepocadigital.com.ar\/index.php?rest_route=\/wp\/v2\/posts\/2191","targetHints":{"allow":["GET"]}}],"collection":[{"href":"https:\/\/revistaepocadigital.com.ar\/index.php?rest_route=\/wp\/v2\/posts"}],"about":[{"href":"https:\/\/revistaepocadigital.com.ar\/index.php?rest_route=\/wp\/v2\/types\/post"}],"author":[{"embeddable":true,"href":"https:\/\/revistaepocadigital.com.ar\/index.php?rest_route=\/wp\/v2\/users\/4"}],"replies":[{"embeddable":true,"href":"https:\/\/revistaepocadigital.com.ar\/index.php?rest_route=%2Fwp%2Fv2%2Fcomments&post=2191"}],"version-history":[{"count":0,"href":"https:\/\/revistaepocadigital.com.ar\/index.php?rest_route=\/wp\/v2\/posts\/2191\/revisions"}],"wp:featuredmedia":[{"embeddable":true,"href":"https:\/\/revistaepocadigital.com.ar\/index.php?rest_route=\/wp\/v2\/media\/2192"}],"wp:attachment":[{"href":"https:\/\/revistaepocadigital.com.ar\/index.php?rest_route=%2Fwp%2Fv2%2Fmedia&parent=2191"}],"wp:term":[{"taxonomy":"category","embeddable":true,"href":"https:\/\/revistaepocadigital.com.ar\/index.php?rest_route=%2Fwp%2Fv2%2Fcategories&post=2191"},{"taxonomy":"post_tag","embeddable":true,"href":"https:\/\/revistaepocadigital.com.ar\/index.php?rest_route=%2Fwp%2Fv2%2Ftags&post=2191"}],"curies":[{"name":"wp","href":"https:\/\/api.w.org\/{rel}","templated":true}]}}