{"id":21947,"date":"2023-08-15T00:52:08","date_gmt":"2023-08-15T03:52:08","guid":{"rendered":"https:\/\/revistaepocadigital.com.ar\/?p=21947"},"modified":"2023-08-15T01:21:23","modified_gmt":"2023-08-15T04:21:23","slug":"asalto-a-un-joven-de-capilla-en-pleno-centro","status":"publish","type":"post","link":"https:\/\/revistaepocadigital.com.ar\/?p=21947","title":{"rendered":"ASALTO A UN JOVEN DE CAPILLA EN PLENO CENTRO"},"content":{"rendered":"<ul>\n<li><strong>A LAS PRIMERAS HORAS DEL D\u00cdA DESPU\u00c9S DE LAS PASO.<\/strong><!--more--><\/li>\n<\/ul>\n<p>Pocas horas despu\u00e9s de un domingo en que la gente ejerci\u00f3 el sagrado derecho de votar, de ser como debiera ser habitual, cada ciudadano el basamento fundamental de una sociedad moderna, en Capilla del Se\u00f1or, en los vecinos, volvi\u00f3 a causar alarma un hecho de inseguridad. Flagelo que marca a fuego a la sociedad argentina y no es ajeno a Exaltaci\u00f3n de la Cruz, si bien no con la sucesi\u00f3n de episodios -muchos muy graves- observados en otros puntos como el hirviente conurbano.<\/p>\n<p>El hecho delictivo padecido por un joven de la ciudad, de 18 a\u00f1os, hijo de vecina integrante de una conocida familia, gener\u00f3 comentarios y remarc\u00f3 la preocupaci\u00f3n. A las primeras horas del lunes 14 de agosto, en pleno centro capillense a metros de la sucursal del Banco Provincia, el chico luego de despedirse de un grupo de amigos, fue abordado por dos desconocidos que, amenaz\u00e1ndolo con un arma de fuego se dijo, le robaron el tel\u00e9fono celular y una campera y huyeron.<\/p>\n<p>EPOCA habl\u00f3 acerca de lo sucedido con <strong>Juan Boubetta<\/strong>, Secretario de Seguridad del municipio (foto apertura),<em> &#8220;As\u00ed es, alrededor de las dos de la ma\u00f1ana del lunes 14, un joven de 18 a\u00f1os estaba con unos amigos, y al separarse y comenzar a caminar solo fue abordado por dos hombres que lo amenazaron y le robaron el celular y una campera. \u00bfSi lo amenazaron con un arma de fuego?, dio toda esa sensaci\u00f3n pero no la esgrimieron<\/em>&#8220;, dijo Boubetta.<\/p>\n<p>Despu\u00e9s agreg\u00f3 el funcionario que mediante las im\u00e1genes observadas en una c\u00e1mara seguridad, <em>&#8220;la Polic\u00eda investiga para dar con el paradero de ambos; hay una investigaci\u00f3n en curso y todo est\u00e1 en manos de la justicia que est\u00e1 interviniendo. No afortunadamente, el joven asaltado no sufri\u00f3 ning\u00fan problema f\u00edsico&#8221;.<\/em><\/p>\n<p>El mismo d\u00eda posterior a las PASO sum\u00f3, seg\u00fan pudo saberse, otro hecho delictivo en horas de la tarde. Un hombre joven habr\u00eda robado en el supermercado ubicado en la esquina del Correo Argentino y luego huy\u00f3 corriendo.<\/p>\n<p>La inseguridad, como queda reflejado a diario en el pa\u00eds, no es novedad que est\u00e1 en el podio de los padeceres de los argentinos, tambi\u00e9n transmitidos en tantos votos de la gente en las PASO. Capilla del Se\u00f1or, Exaltaci\u00f3n de la Cruz, no puede ni debe perder esa inestimable calidad de vida conquistada a lo largo de su rica historia.<\/p>\n<p>&nbsp;<\/p>\n","protected":false},"excerpt":{"rendered":"<p>A LAS PRIMERAS HORAS DEL D\u00cdA DESPU\u00c9S DE LAS PASO.<\/p>\n","protected":false},"author":4,"featured_media":21955,"comment_status":"open","ping_status":"open","sticky":false,"template":"","format":"standard","meta":{"footnotes":"","jetpack_publicize_message":"","jetpack_publicize_feature_enabled":true,"jetpack_social_post_already_shared":true,"jetpack_social_options":{"image_generator_settings":{"template":"highway","default_image_id":0,"font":"","enabled":false},"version":2}},"categories":[13],"tags":[1473,2424,149],"class_list":["post-21947","post","type-post","status-publish","format-standard","has-post-thumbnail","hentry","category-interes-general","tag-asalto","tag-boubetta","tag-seguridad"],"jetpack_publicize_connections":[],"jetpack_featured_media_url":"https:\/\/revistaepocadigital.com.ar\/wp-content\/uploads\/2023\/08\/boubetta3-2.jpg","jetpack_likes_enabled":true,"_links":{"self":[{"href":"https:\/\/revistaepocadigital.com.ar\/index.php?rest_route=\/wp\/v2\/posts\/21947","targetHints":{"allow":["GET"]}}],"collection":[{"href":"https:\/\/revistaepocadigital.com.ar\/index.php?rest_route=\/wp\/v2\/posts"}],"about":[{"href":"https:\/\/revistaepocadigital.com.ar\/index.php?rest_route=\/wp\/v2\/types\/post"}],"author":[{"embeddable":true,"href":"https:\/\/revistaepocadigital.com.ar\/index.php?rest_route=\/wp\/v2\/users\/4"}],"replies":[{"embeddable":true,"href":"https:\/\/revistaepocadigital.com.ar\/index.php?rest_route=%2Fwp%2Fv2%2Fcomments&post=21947"}],"version-history":[{"count":0,"href":"https:\/\/revistaepocadigital.com.ar\/index.php?rest_route=\/wp\/v2\/posts\/21947\/revisions"}],"wp:featuredmedia":[{"embeddable":true,"href":"https:\/\/revistaepocadigital.com.ar\/index.php?rest_route=\/wp\/v2\/media\/21955"}],"wp:attachment":[{"href":"https:\/\/revistaepocadigital.com.ar\/index.php?rest_route=%2Fwp%2Fv2%2Fmedia&parent=21947"}],"wp:term":[{"taxonomy":"category","embeddable":true,"href":"https:\/\/revistaepocadigital.com.ar\/index.php?rest_route=%2Fwp%2Fv2%2Fcategories&post=21947"},{"taxonomy":"post_tag","embeddable":true,"href":"https:\/\/revistaepocadigital.com.ar\/index.php?rest_route=%2Fwp%2Fv2%2Ftags&post=21947"}],"curies":[{"name":"wp","href":"https:\/\/api.w.org\/{rel}","templated":true}]}}