{"id":21959,"date":"2023-08-15T23:38:26","date_gmt":"2023-08-16T02:38:26","guid":{"rendered":"https:\/\/revistaepocadigital.com.ar\/?p=21959"},"modified":"2023-08-15T23:47:48","modified_gmt":"2023-08-16T02:47:48","slug":"si-gana-milei-se-van-a-tener-que-quedar-ahi-la-amenaza-de-un-ministro-de-kicillof-a-votantes-de-la-antartida","status":"publish","type":"post","link":"https:\/\/revistaepocadigital.com.ar\/?p=21959","title":{"rendered":"&#8220;Si gana Milei se van a tener que quedar ah\u00ed&#8221;, la amenaza de un ministro de Kicillof a votantes de la Ant\u00e1rtida"},"content":{"rendered":"<div class=\"entry-top\">\n<div class=\"title check-space\" data-color=\"style='background-color:'\">\n<div class=\"mt\">\n<h5><strong>EN LAS BASES DE NUESTRO PA\u00cdS, DONDE TAMBI\u00c9N GAN\u00d3 MILEI.<!--more--><\/strong><\/h5>\n<\/div>\n<\/div>\n<div class=\"related-photo\"><\/div>\n<\/div>\n<article id=\"entry-body\" class=\"entry-body check-space \" data-mrf-recirculation=\"Article Body\"><strong>Javier Milei\u00a0<\/strong>gan\u00f3 las PASO con el 30,09 % de los votos y siguen las repercusiones en todo el pa\u00eds. Al reacomodamiento pol\u00edtico de las tres fuerzas tras el batacazo se suma la incertidumbre por las variables econ\u00f3micas, arrancando por el\u00a0<a href=\"https:\/\/www.clarin.com\/economia\/dolar-hoy-dolar-blue-vivo-cotiza-precio-15-agosto-elecciones-paso-2023_0_rXtifnImMt.html\" target=\"_blank\" rel=\"noopener\" data-cke-saved-href=\"https:\/\/www.clarin.com\/economia\/dolar-hoy-dolar-blue-vivo-cotiza-precio-15-agosto-elecciones-paso-2023_0_rXtifnImMt.html\" data-mrf-link=\"https:\/\/www.clarin.com\/economia\/dolar-hoy-dolar-blue-vivo-cotiza-precio-15-agosto-elecciones-paso-2023_0_rXtifnImMt.html\"><strong>d\u00f3lar<\/strong><\/a>. La cotizaci\u00f3n no para de subir; el gobierno impuso m\u00e1s limitaciones a la compra de divisas mientras la incertidumbre y alza generalizada de precios, acent\u00faan las complejidades de un momento cr\u00edtico en el pa\u00eds.<\/article>\n<article class=\"entry-body check-space \" data-mrf-recirculation=\"Article Body\">En tanto el ministro del gobernador Kicillof da una censurable muestra de esa intolerancia que los argentinos rechazan.<\/p>\n<p><img loading=\"lazy\" decoding=\"async\" class=\"aligncenter size-medium wp-image-21960\" src=\"https:\/\/revistaepocadigital.com.ar\/wp-content\/uploads\/2023\/08\/F3mdUqGWIAEhjNH-300x300.webp\" alt=\"\" width=\"300\" height=\"300\" srcset=\"https:\/\/revistaepocadigital.com.ar\/wp-content\/uploads\/2023\/08\/F3mdUqGWIAEhjNH-300x300.webp 300w, https:\/\/revistaepocadigital.com.ar\/wp-content\/uploads\/2023\/08\/F3mdUqGWIAEhjNH-150x150.webp 150w, https:\/\/revistaepocadigital.com.ar\/wp-content\/uploads\/2023\/08\/F3mdUqGWIAEhjNH-768x768.webp 768w, https:\/\/revistaepocadigital.com.ar\/wp-content\/uploads\/2023\/08\/F3mdUqGWIAEhjNH-696x696.webp 696w, https:\/\/revistaepocadigital.com.ar\/wp-content\/uploads\/2023\/08\/F3mdUqGWIAEhjNH-420x420.webp 420w, https:\/\/revistaepocadigital.com.ar\/wp-content\/uploads\/2023\/08\/F3mdUqGWIAEhjNH-840x840.webp 840w, https:\/\/revistaepocadigital.com.ar\/wp-content\/uploads\/2023\/08\/F3mdUqGWIAEhjNH.webp 900w\" sizes=\"auto, (max-width: 300px) 100vw, 300px\" \/><\/p>\n<p>  Fuente diario Clar\u00edn<\/p>\n","protected":false},"excerpt":{"rendered":"<p>EN LAS BASES DE NUESTRO PA\u00cdS, DONDE TAMBI\u00c9N GAN\u00d3 MILEI.<\/p>\n","protected":false},"author":4,"featured_media":21960,"comment_status":"open","ping_status":"open","sticky":false,"template":"","format":"standard","meta":{"footnotes":"","jetpack_publicize_message":"","jetpack_publicize_feature_enabled":true,"jetpack_social_post_already_shared":true,"jetpack_social_options":{"image_generator_settings":{"template":"highway","default_image_id":0,"font":"","enabled":false},"version":2}},"categories":[17],"tags":[2278,2425],"class_list":["post-21959","post","type-post","status-publish","format-standard","has-post-thumbnail","hentry","category-politica","tag-milei","tag-paso-antartida-2023"],"jetpack_publicize_connections":[],"jetpack_featured_media_url":"https:\/\/revistaepocadigital.com.ar\/wp-content\/uploads\/2023\/08\/F3mdUqGWIAEhjNH.webp","jetpack_likes_enabled":true,"_links":{"self":[{"href":"https:\/\/revistaepocadigital.com.ar\/index.php?rest_route=\/wp\/v2\/posts\/21959","targetHints":{"allow":["GET"]}}],"collection":[{"href":"https:\/\/revistaepocadigital.com.ar\/index.php?rest_route=\/wp\/v2\/posts"}],"about":[{"href":"https:\/\/revistaepocadigital.com.ar\/index.php?rest_route=\/wp\/v2\/types\/post"}],"author":[{"embeddable":true,"href":"https:\/\/revistaepocadigital.com.ar\/index.php?rest_route=\/wp\/v2\/users\/4"}],"replies":[{"embeddable":true,"href":"https:\/\/revistaepocadigital.com.ar\/index.php?rest_route=%2Fwp%2Fv2%2Fcomments&post=21959"}],"version-history":[{"count":0,"href":"https:\/\/revistaepocadigital.com.ar\/index.php?rest_route=\/wp\/v2\/posts\/21959\/revisions"}],"wp:featuredmedia":[{"embeddable":true,"href":"https:\/\/revistaepocadigital.com.ar\/index.php?rest_route=\/wp\/v2\/media\/21960"}],"wp:attachment":[{"href":"https:\/\/revistaepocadigital.com.ar\/index.php?rest_route=%2Fwp%2Fv2%2Fmedia&parent=21959"}],"wp:term":[{"taxonomy":"category","embeddable":true,"href":"https:\/\/revistaepocadigital.com.ar\/index.php?rest_route=%2Fwp%2Fv2%2Fcategories&post=21959"},{"taxonomy":"post_tag","embeddable":true,"href":"https:\/\/revistaepocadigital.com.ar\/index.php?rest_route=%2Fwp%2Fv2%2Ftags&post=21959"}],"curies":[{"name":"wp","href":"https:\/\/api.w.org\/{rel}","templated":true}]}}