{"id":2196,"date":"2019-04-17T23:53:53","date_gmt":"2019-04-18T02:53:53","guid":{"rendered":"https:\/\/revistaepocadigital.com.ar\/?p=2196"},"modified":"2019-04-17T23:53:53","modified_gmt":"2019-04-18T02:53:53","slug":"exaltacion-de-la-cruz-no-faltara-en-los-juegos-bonaerenses-2019","status":"publish","type":"post","link":"https:\/\/revistaepocadigital.com.ar\/?p=2196","title":{"rendered":"Exaltaci\u00f3n de la Cruz, no faltar\u00e1 en los Juegos Bonaerenses 2019"},"content":{"rendered":"<p><strong>UN A\u00d1O M\u00c1S.<\/strong><!--more--><\/p>\n<p>Representantes de Exaltaci\u00f3n de la Cruz asistieron al lanzamiento de los <strong>Juegos Bonaerenses 2019,<\/strong> que tuvo lugar en en la Ciudad de Los Ni\u00f1os en La Plata.<\/p>\n<p><img loading=\"lazy\" decoding=\"async\" class=\"aligncenter size-full wp-image-2199\" src=\"https:\/\/revistaepocadigital.com.ar\/wp-content\/uploads\/2019\/04\/bonae.jpg\" alt=\"\" width=\"960\" height=\"540\" srcset=\"https:\/\/revistaepocadigital.com.ar\/wp-content\/uploads\/2019\/04\/bonae.jpg 960w, https:\/\/revistaepocadigital.com.ar\/wp-content\/uploads\/2019\/04\/bonae-300x169.jpg 300w, https:\/\/revistaepocadigital.com.ar\/wp-content\/uploads\/2019\/04\/bonae-768x432.jpg 768w, https:\/\/revistaepocadigital.com.ar\/wp-content\/uploads\/2019\/04\/bonae-696x392.jpg 696w, https:\/\/revistaepocadigital.com.ar\/wp-content\/uploads\/2019\/04\/bonae-747x420.jpg 747w\" sizes=\"auto, (max-width: 960px) 100vw, 960px\" \/><\/p>\n<p>El lanzamiento estuvo a cargo del Subsecretario de Deportes Pablo Fuentes, el Director de los Juegos Bonaerenses Eugenio Achinelli y el Director Provincial de Educaci\u00f3n F\u00edsica Oscar De Sarro. Participaron por Exaltaci\u00f3n de la Cruz Liliana Tierno, Ricardo Villegas y Fernando Lodeiro.<\/p>\n<p>Otro a\u00f1o m\u00e1s en el que juntos, chicos y abuelos de nuestro distrito, representar\u00e1n en todas las instancias a Exaltaci\u00f3n de la Cruz, Mar del Plata espera.<\/p>\n<p>Fotos: prensa municipalidad.<\/p>\n","protected":false},"excerpt":{"rendered":"<p>UN A\u00d1O M\u00c1S.<\/p>\n","protected":false},"author":3,"featured_media":2198,"comment_status":"open","ping_status":"open","sticky":false,"template":"","format":"standard","meta":{"footnotes":"","jetpack_publicize_message":"","jetpack_publicize_feature_enabled":true,"jetpack_social_post_already_shared":false,"jetpack_social_options":{"image_generator_settings":{"template":"highway","default_image_id":0,"font":"","enabled":false},"version":2}},"categories":[9],"tags":[307,37],"class_list":["post-2196","post","type-post","status-publish","format-standard","has-post-thumbnail","hentry","category-deportes","tag-bonaerenses","tag-destacada"],"jetpack_publicize_connections":[],"jetpack_featured_media_url":"https:\/\/revistaepocadigital.com.ar\/wp-content\/uploads\/2019\/04\/bonaeren.jpg","jetpack_likes_enabled":true,"_links":{"self":[{"href":"https:\/\/revistaepocadigital.com.ar\/index.php?rest_route=\/wp\/v2\/posts\/2196","targetHints":{"allow":["GET"]}}],"collection":[{"href":"https:\/\/revistaepocadigital.com.ar\/index.php?rest_route=\/wp\/v2\/posts"}],"about":[{"href":"https:\/\/revistaepocadigital.com.ar\/index.php?rest_route=\/wp\/v2\/types\/post"}],"author":[{"embeddable":true,"href":"https:\/\/revistaepocadigital.com.ar\/index.php?rest_route=\/wp\/v2\/users\/3"}],"replies":[{"embeddable":true,"href":"https:\/\/revistaepocadigital.com.ar\/index.php?rest_route=%2Fwp%2Fv2%2Fcomments&post=2196"}],"version-history":[{"count":0,"href":"https:\/\/revistaepocadigital.com.ar\/index.php?rest_route=\/wp\/v2\/posts\/2196\/revisions"}],"wp:featuredmedia":[{"embeddable":true,"href":"https:\/\/revistaepocadigital.com.ar\/index.php?rest_route=\/wp\/v2\/media\/2198"}],"wp:attachment":[{"href":"https:\/\/revistaepocadigital.com.ar\/index.php?rest_route=%2Fwp%2Fv2%2Fmedia&parent=2196"}],"wp:term":[{"taxonomy":"category","embeddable":true,"href":"https:\/\/revistaepocadigital.com.ar\/index.php?rest_route=%2Fwp%2Fv2%2Fcategories&post=2196"},{"taxonomy":"post_tag","embeddable":true,"href":"https:\/\/revistaepocadigital.com.ar\/index.php?rest_route=%2Fwp%2Fv2%2Ftags&post=2196"}],"curies":[{"name":"wp","href":"https:\/\/api.w.org\/{rel}","templated":true}]}}