{"id":21968,"date":"2023-08-16T00:26:15","date_gmt":"2023-08-16T03:26:15","guid":{"rendered":"https:\/\/revistaepocadigital.com.ar\/?p=21968"},"modified":"2023-08-16T00:26:15","modified_gmt":"2023-08-16T03:26:15","slug":"campana-de-vacunacion-antirrabica-por-los-barrios","status":"publish","type":"post","link":"https:\/\/revistaepocadigital.com.ar\/?p=21968","title":{"rendered":"CAMPA\u00d1A DE VACUNACI\u00d3N ANTIRR\u00c1BICA POR LOS BARRIOS"},"content":{"rendered":"<p><strong>AGEND\u00c1.<\/strong><!--more--><br \/>\nComenz\u00f3 la la vacunaci\u00f3n antirr\u00e1bica, canina y felina, por los barrios del distrito organizada por la Municipalidad de Exaltaci\u00f3n de la Cruz.<\/p>\n<p>Anot\u00e1 el cronograma. Record\u00e1 que la vacunaci\u00f3n es gratuita y obligatoria.<\/p>\n<p><img loading=\"lazy\" decoding=\"async\" class=\"aligncenter size-full wp-image-21971\" src=\"https:\/\/revistaepocadigital.com.ar\/wp-content\/uploads\/2023\/08\/367754244_661018562741703_5069418180679332208_n-1.jpg\" alt=\"\" width=\"800\" height=\"692\" srcset=\"https:\/\/revistaepocadigital.com.ar\/wp-content\/uploads\/2023\/08\/367754244_661018562741703_5069418180679332208_n-1.jpg 800w, https:\/\/revistaepocadigital.com.ar\/wp-content\/uploads\/2023\/08\/367754244_661018562741703_5069418180679332208_n-1-300x260.jpg 300w, https:\/\/revistaepocadigital.com.ar\/wp-content\/uploads\/2023\/08\/367754244_661018562741703_5069418180679332208_n-1-768x664.jpg 768w, https:\/\/revistaepocadigital.com.ar\/wp-content\/uploads\/2023\/08\/367754244_661018562741703_5069418180679332208_n-1-534x462.jpg 534w, https:\/\/revistaepocadigital.com.ar\/wp-content\/uploads\/2023\/08\/367754244_661018562741703_5069418180679332208_n-1-696x602.jpg 696w, https:\/\/revistaepocadigital.com.ar\/wp-content\/uploads\/2023\/08\/367754244_661018562741703_5069418180679332208_n-1-486x420.jpg 486w, https:\/\/revistaepocadigital.com.ar\/wp-content\/uploads\/2023\/08\/367754244_661018562741703_5069418180679332208_n-1-320x277.jpg 320w, https:\/\/revistaepocadigital.com.ar\/wp-content\/uploads\/2023\/08\/367754244_661018562741703_5069418180679332208_n-1-480x415.jpg 480w\" sizes=\"auto, (max-width: 800px) 100vw, 800px\" \/>.<\/p>\n<p>&nbsp;<\/p>\n<p>&nbsp;<\/p>\n","protected":false},"excerpt":{"rendered":"<p>AGEND\u00c1.<\/p>\n","protected":false},"author":3,"featured_media":21971,"comment_status":"open","ping_status":"open","sticky":false,"template":"","format":"standard","meta":{"footnotes":"","jetpack_publicize_message":"","jetpack_publicize_feature_enabled":true,"jetpack_social_post_already_shared":true,"jetpack_social_options":{"image_generator_settings":{"template":"highway","default_image_id":0,"font":"","enabled":false},"version":2}},"categories":[6],"tags":[2426],"class_list":["post-21968","post","type-post","status-publish","format-standard","has-post-thumbnail","hentry","category-barrios","tag-vacunacion-antirrabica"],"jetpack_publicize_connections":[],"jetpack_featured_media_url":"https:\/\/revistaepocadigital.com.ar\/wp-content\/uploads\/2023\/08\/367754244_661018562741703_5069418180679332208_n-1.jpg","jetpack_likes_enabled":true,"_links":{"self":[{"href":"https:\/\/revistaepocadigital.com.ar\/index.php?rest_route=\/wp\/v2\/posts\/21968","targetHints":{"allow":["GET"]}}],"collection":[{"href":"https:\/\/revistaepocadigital.com.ar\/index.php?rest_route=\/wp\/v2\/posts"}],"about":[{"href":"https:\/\/revistaepocadigital.com.ar\/index.php?rest_route=\/wp\/v2\/types\/post"}],"author":[{"embeddable":true,"href":"https:\/\/revistaepocadigital.com.ar\/index.php?rest_route=\/wp\/v2\/users\/3"}],"replies":[{"embeddable":true,"href":"https:\/\/revistaepocadigital.com.ar\/index.php?rest_route=%2Fwp%2Fv2%2Fcomments&post=21968"}],"version-history":[{"count":0,"href":"https:\/\/revistaepocadigital.com.ar\/index.php?rest_route=\/wp\/v2\/posts\/21968\/revisions"}],"wp:featuredmedia":[{"embeddable":true,"href":"https:\/\/revistaepocadigital.com.ar\/index.php?rest_route=\/wp\/v2\/media\/21971"}],"wp:attachment":[{"href":"https:\/\/revistaepocadigital.com.ar\/index.php?rest_route=%2Fwp%2Fv2%2Fmedia&parent=21968"}],"wp:term":[{"taxonomy":"category","embeddable":true,"href":"https:\/\/revistaepocadigital.com.ar\/index.php?rest_route=%2Fwp%2Fv2%2Fcategories&post=21968"},{"taxonomy":"post_tag","embeddable":true,"href":"https:\/\/revistaepocadigital.com.ar\/index.php?rest_route=%2Fwp%2Fv2%2Ftags&post=21968"}],"curies":[{"name":"wp","href":"https:\/\/api.w.org\/{rel}","templated":true}]}}