{"id":22031,"date":"2023-08-24T00:26:48","date_gmt":"2023-08-24T03:26:48","guid":{"rendered":"https:\/\/revistaepocadigital.com.ar\/?p=22031"},"modified":"2023-08-26T22:32:05","modified_gmt":"2023-08-27T01:32:05","slug":"lo-que-se-sabe-sobre-los-saqueos-zonas-afectadas-detenidos-y-refuerzos-policiales","status":"publish","type":"post","link":"https:\/\/revistaepocadigital.com.ar\/?p=22031","title":{"rendered":"Lo qu\u00e9 se sabe sobre los saqueos: zonas afectadas, detenidos y refuerzos policiales"},"content":{"rendered":"<div class=\"article__header max-width-md\">\n<h5 class=\"article__headline\">El gobierno bonaerense detect\u00f3 150 intentos de saqueos y 94 detenidos en su territorio por los ataques a comercios registrados en los \u00faltimos d\u00edas. Cu\u00e1les son los distritos y provincias m\u00e1s afectadas. nota publicada en el Diario Perfil.<\/h5>\n<\/div>\n<p><!--more--><\/p>\n<div class=\"col-fluid col-fluid-max col-fluid--clip\">\n<div class=\"article__media\">\n<figure class=\"article__image btn-open-gallery\"><picture class=\"cls-optimized\"><source srcset=\"https:\/\/fotos.perfil.com\/2023\/08\/23\/trim\/570\/321\/axel-kicillof-saqueos-20230823-1638219.jpg?webp\" type=\"image\/webp\" media=\"(max-width: 570px)\" \/><source srcset=\"https:\/\/fotos.perfil.com\/2023\/08\/23\/trim\/987\/555\/axel-kicillof-saqueos-20230823-1638219.jpg?webp\" type=\"image\/webp\" \/><source srcset=\"https:\/\/fotos.perfil.com\/2023\/08\/23\/trim\/570\/321\/axel-kicillof-saqueos-20230823-1638219.jpg\" media=\"(max-width: 570px)\" \/><img loading=\"lazy\" decoding=\"async\" class=\"img-fluid\" src=\"https:\/\/fotos.perfil.com\/2023\/08\/23\/trim\/987\/555\/axel-kicillof-saqueos-20230823-1638219.jpg\" alt=\"Axel Kicillof saqueos 20230823\" width=\"300\" height=\"180\" \/><\/picture><figcaption class=\"article__image-caption\"><em>Axel Kicillof e im\u00e1genes de los saqueos en un supermercado de Jos\u00e9 C. Paz<span class=\"credito-foto\"> | NA\/Twitter<\/span><\/em><\/figcaption><\/figure>\n<\/div>\n<div class=\"article__main max-width-md\">\n<div class=\"article__wrapper\">\n<div class=\"article__content standard \">\n<p>Los acontecimientos que giraron en torno a\u00a0<a href=\"https:\/\/www.perfil.com\/noticias\/politica\/gabriela-cerruti-imputada-omision-denuncia-incitacion-violencia-saqueos.phtml\" target=\"_blank\" rel=\"noopener\"><strong>los saqueos<\/strong><\/a>\u00a0en los \u00faltimos d\u00edas dejaron expuesta una vez m\u00e1s la problem\u00e1tica de la inseguridad y el conflicto social y abrieron una\u00a0<strong>nueva l\u00ednea de confrontaci\u00f3n entre el oficialismo y la oposici\u00f3n<\/strong>.<\/p>\n<p>En este contexto, el gobierno bonaerense contabiliz\u00f3\u00a0<strong>150 intentos de saqueos y 94 detenidos en su territorio<\/strong>, en el marco de los ataques a comercios que se registraron tambi\u00e9n en otros puntos del pa\u00eds, mientras que el Gobierno volvi\u00f3 a advertir que se tratar\u00eda de hechos &#8220;orquestados&#8221; pero sin precisar a los responsables y los dirigentes opositores reclamaron medidas para evitar en lo sucesivo nuevos episodios como estos.<\/p>\n<p>Entretanto, el ministro de Econom\u00eda,\u00a0<a href=\"https:\/\/www.perfil.com\/noticias\/economia\/el-fmi-permitira-al-gobierno-que-intervenga-para-controlar-los-dolares-financieros.phtml\" target=\"_blank\" rel=\"noopener\">Sergio Massa, anunci\u00f3 que\u00a0el Gobierno compensar\u00e1 con hasta 7 millones de pesos a los comerciantes que sufrieron saqueos<\/a>.<\/p>\n<div class=\"embed-responsive embed-responsive-16by9 iframeContainer\"><iframe loading=\"lazy\" id=\"vrudo\" class=\"vrudo\" src=\"https:\/\/rudo.video\/vod\/bQ8DJs?volume=0\" width=\"100%\" height=\"100%\" frameborder=\"0\" scrolling=\"no\" allowfullscreen=\"allowfullscreen\" data-mce-fragment=\"1\"><\/iframe><\/div>\n<p>Tras comunicar\u00a0<a href=\"https:\/\/www.perfil.com\/noticias\/economia\/el-directorio-del-fmi-aprobo-el-desembolso-de-7500-millones-de-dolares.phtml\" target=\"_blank\" rel=\"noopener\"><strong>el desembolso de US$ 7.500 millones por parte del Fondo Monetario Internacional (FMI)<\/strong><\/a>, el titular del Palacio de Hacienda coment\u00f3 que instruy\u00f3 &#8220;a la Secretaria de Industria para que cada uno de los comerciantes en las provincias de Neuqu\u00e9n, Buenos Aires, C\u00f3rdoba y Mendoza, que tengan la denuncia realizada y constataci\u00f3n de las p\u00e9rdidas, se le haga un aporte no reembolsable,\u00a0<strong>un apoyo econ\u00f3mico de hasta 7 millones de pesos para recuperar el capital de trabajo<\/strong>&#8220;.<\/p>\n<h5><strong>Operativos de seguridad en el Conurbano<\/strong><\/h5>\n<p>En paralelo, la gesti\u00f3n de\u00a0<a href=\"https:\/\/www.perfil.com\/noticias\/politica\/encuesta-provincia-de-buenos-aires-elecciones-generales.phtml\" target=\"_blank\" rel=\"noopener\"><strong>Axel Kicillof<\/strong><\/a>, con el ministro de Seguridad provincial,\u00a0<a href=\"https:\/\/www.perfil.com\/noticias\/politica\/sergio-berni-hablo-campana-masiva-incitacion-saqueo-conurbano.phtml\" target=\"_blank\" rel=\"noopener\"><strong>Sergio Berni<\/strong><\/a>, a la cabeza reforz\u00f3 los\u00a0<strong>operativos de seguridad en los puntos &#8220;calientes&#8221; del Conurbano y el interior bonaerense<\/strong>.<\/p>\n<p>Moreno, Merlo, Tigre, Lomas de Zamora, Pilar, Escobar, Tres de Febrero, San Nicol\u00e1s y General Pueyrred\u00f3n fueron algunos de los\u00a0<strong>partidos bonaerenses donde se produjeron este tipo de hechos<\/strong>\u00a0que, seg\u00fan Berni, fueron organizados en el marco de una &#8220;<em>campa\u00f1a masiva por las redes sociales&#8221;.<\/em><\/p>\n<p class=\"destacadoNota\"><a href=\"https:\/\/www.perfil.com\/noticias\/politica\/axel-kicillof-culpo-a-la-oposicion-por-los-intentos-de-saqueo-hubo-falsas-denuncias-movilizacion-en-redes.phtml\" target=\"_blank\" rel=\"noopener\">Axel Kicillof culp\u00f3 a la oposici\u00f3n por los intentos de saqueo: &#8220;Hubo falsas denuncias, movilizaci\u00f3n en redes&#8221;<\/a><\/p>\n<div>\n<figure class=\"image\"><img decoding=\"async\" src=\"https:\/\/fotos.perfil.com\/\/2023\/08\/23\/900\/0\/axel-kicillof-20230823-1638190.jpg\" alt=\"Axel Kicillof 20230823\" \/><figcaption>Axel Kicillof habl\u00f3 de los saqueos.<\/figcaption><\/figure>\n<\/div>\n<p>&#8220;Se busc\u00f3 instalar la cuesti\u00f3n desde el lunes (21-8). <strong>Desplegamos m\u00e1s de 5.000 hombres en operativos en la Provincia y hay 94 detenidos en manos de la Justicia<\/strong>&#8220;, precis\u00f3 Kicillof.<\/p>\n<p>En el interior del pa\u00eds C\u00f3rdoba, Mendoza, Chaco, R\u00edo Negro y Neuqu\u00e9n fueron algunas de las provincias que\u00a0<strong>tambi\u00e9n tuvieron saqueos de locales comerciales en las \u00faltimas 48 horas<\/strong>.<\/p>\n<h5><strong>Reaparici\u00f3n de\u00a0Alberto Fern\u00e1ndez en el contexto inestable de los saqueos<\/strong><\/h5>\n<div>\n<figure class=\"image\"><img decoding=\"async\" src=\"https:\/\/fotos.perfil.com\/\/2023\/08\/23\/900\/0\/alberto-fernandez-20230823-1638043.jpg\" alt=\"Alberto Fern\u00e1ndez 20230823\" \/><figcaption>Alberto Fern\u00e1ndez en Neuqu\u00e9n. Foto: NA<\/figcaption><\/figure>\n<\/div>\n<p>El presidente\u00a0<a href=\"https:\/\/www.perfil.com\/noticias\/politica\/reaparecio-alberto-fernandez-no-hablo-porque-no-soy-candidato-soy-presidente.phtml\" target=\"_blank\" rel=\"noopener\"><strong>Alberto Fern\u00e1ndez<\/strong><\/a> reapareci\u00f3 (23\/8) en un acto en Neuqu\u00e9n, donde se refiri\u00f3 a los saqueos de los \u00faltimos d\u00edas y sostuvo: &#8220;Les pido a todos los argentinos que cuidemos la paz social, que nosotros nos vamos a ocupar de resolver los problemas de los argentinos con sus ingresos&#8221;.<\/p>\n<p>El mandatario advirti\u00f3 que los recientes ataques a comercios en distintos puntos del pa\u00eds\u00a0<strong>&#8220;evidentemente estuvieron organizados&#8221;<\/strong>\u00a0y adelant\u00f3 que su gobierno prepara una\u00a0<strong>&#8220;bater\u00eda&#8221; de medidas &#8220;para remediar los efectos de la devaluaci\u00f3n&#8221;, que se van a comunicar &#8220;entre ma\u00f1ana y pasado&#8221;<\/strong>.<\/p>\n<p>Por su parte, el ministro de Seguridad de la Naci\u00f3n,\u00a0<a href=\"https:\/\/www.perfil.com\/noticias\/actualidad\/anibal-fernandez-se-despego-de-los-dichos-de-cerruti-no-tenemos-datos-fidedignos-para-decir-que-fue-fulano.phtml\" target=\"_blank\" rel=\"noopener\"><strong>An\u00edbal Fern\u00e1ndez<\/strong><\/a>, asegur\u00f3 que los incidentes &#8220;no son espont\u00e1neos&#8221;, aunque aclar\u00f3 que <strong>el Gobierno no cuenta con &#8220;datos fidedignos&#8221; respecto de sus promotores.<\/strong><\/p>\n<p>As\u00ed se diferenci\u00f3 de lo pronunciado el d\u00eda anterior por la portavoz de la Presidencia,\u00a0<a href=\"https:\/\/www.perfil.com\/noticias\/politica\/cerruti-respondio-javier-milei-saqueos-apunto-contra-grupos-antidemocraticos-violentos.phtml\" target=\"_blank\" rel=\"noopener\"><strong>Gabriela Cerruti<\/strong><\/a>, quien responsabiliz\u00f3 por los mismos al candidato a presidente de La Libertad Avanza (LLA),\u00a0<strong>Javier Milei<\/strong>.<\/p>\n<div>\n<figure class=\"image\"><img decoding=\"async\" src=\"https:\/\/fotos.perfil.com\/\/2023\/08\/22\/900\/0\/cerruti-y-milei-20230822-1637429.jpg\" alt=\"Cerruti y Milei 20230822\" \/><figcaption>Gabriela Cerruti y Javier Milei. Foto:\u00a0T\u00e9lam\/Ilan Berkenwald<\/figcaption><\/figure>\n<\/div>\n<p>En tanto, Milei sali\u00f3 al cruce de lo vertido por la funcionaria de Alberto Fern\u00e1ndez y sostuvo: &#8220;<strong>Ellos son los que tienen la experiencia de armar este tipo de operaciones<\/strong>, de organizar saqueos para voltear gobiernos. Es muy triste que vuelvan a aparecer aquellas im\u00e1genes que vimos en el 2001. Tiramos 20 a\u00f1os de historia a la basura&#8221;.<\/p>\n<p>Otro dirigente opositor, el candidato a gobernador bonaerense de Juntos por el Cambio,\u00a0<a href=\"https:\/\/www.perfil.com\/noticias\/modo-fontevecchia\/nestor-grindetti-en-modo-campana-y-lejos-de-independiente-modof.phtml\" target=\"_blank\" rel=\"noopener\"><strong>N\u00e9stor Grindetti<\/strong><\/a>, reclam\u00f3 que\u00a0<strong>&#8220;es urgente que el Gobierno provincial recupere el control ante los saqueos&#8221;<\/strong>, por lo que exigi\u00f3 a Kicillof, que salga de &#8220;la pasividad y la negaci\u00f3n&#8221;. &#8220;No podemos vivir en el caos, no podemos vivir sin ley&#8221;, advirti\u00f3\u00a0el intendente de Lan\u00fas en uso de licencia.<\/p>\n<p>&nbsp;<\/p>\n<div class=\"embed-responsive embed-responsive-16by9 iframeContainer\"><iframe loading=\"lazy\" id=\"vrudo\" class=\"vrudo\" src=\"https:\/\/rudo.video\/vod\/bQ89qv?volume=0\" width=\"100%\" height=\"100%\" frameborder=\"0\" scrolling=\"no\" allowfullscreen=\"allowfullscreen\" data-mce-fragment=\"1\"><\/iframe><\/div>\n<p>&nbsp;<\/p>\n<p class=\"destacadoNota\"><a href=\"https:\/\/www.perfil.com\/noticias\/judiciales\/dirigentes-del-partido-de-milei-denunciaron-por-encubrimiento-a-cerruti-tras-su-acusacion-por-los-saqueos.phtml\" target=\"_blank\" rel=\"noopener\">Dirigentes del partido de Milei denunciaron por &#8220;encubrimiento&#8221; a Cerruti tras su acusaci\u00f3n por los saqueos<\/a><\/p>\n<p>La ex ministra de Seguridad\u00a0<strong>Sabina Frederic<\/strong>\u00a0coincidi\u00f3 con la candidata presidencial de Juntos por el Cambio,\u00a0<a href=\"https:\/\/www.perfil.com\/noticias\/politica\/patricia-bullrich-culpo-al-kirchnerismo-de-los-saqueos-y-evito-hablar-de-adelantar-elecciones-pregono-el-orden.phtml\" target=\"_blank\" rel=\"noopener\"><strong>Patricia Bullrich<\/strong><\/a>, y afirm\u00f3 que<strong>\u00a0&#8220;ser\u00eda importante convocar al Consejo de Seguridad Interior&#8221;<\/strong>\u00a0ante los robos con la modalidad de saqueo que se registraron.<\/p>\n<p>&#8220;Estamos en una situaci\u00f3n dif\u00edcil desde el punto de vista social, econ\u00f3mico y pol\u00edtico, pero no es lo mismo que el 2001 y el \u00b489.\u00a0<strong>Para aquellos que entran a robar y saquear debe haber una consecuencia penal, incluso de aquellos que instigan<\/strong>&#8220;, sostuvo la actual titular de la Agencia Argentina de Cooperaci\u00f3n Internacional y Asistencia Humanitaria-Cascos Blancos.<\/p>\n<p>En tanto, un fiscal acus\u00f3 a las personas que realizaron saqueos por\u00a0<strong>&#8220;robo agravado por haberse cometido en circunstancias de conmoci\u00f3n p\u00fablica&#8221;<\/strong>\u00a0y lo hizo en tres hechos que investiga por los que se encuentran detenidas ocho personas en la zona Norte de la provincia de Buenos Aires.<\/p>\n<div>\n<figure class=\"image\"><img decoding=\"async\" src=\"https:\/\/fotos.perfil.com\/\/2023\/08\/23\/900\/0\/raul-castells-20230823-1638195.jpg\" alt=\"Ra\u00fal Castells 20230823\" \/><figcaption>Ra\u00fal Castells. Foto: NA<\/figcaption><\/figure>\n<\/div>\n<p>Por su parte, el piquetero<strong>\u00a0<a href=\"https:\/\/www.perfil.com\/noticias\/politica\/denunciaron-a-raul-castells-por-incitar-a-realizar-saqueos-y-respondio-vamos-a-seguir-en-la-calle.phtml\" target=\"_blank\" rel=\"noopener\">Ra\u00fal Castells<\/a><\/strong>, quien se atribuy\u00f3 este martes (22-8) los ataques a distintos comercios, asegur\u00f3 que &#8220;mientras el Gobierno no responda&#8221; van a &#8220;seguir en la calle&#8221;, al hablar luego de ser denunciado por incentivar los saqueos en el pa\u00eds.\u00a0&#8220;El Gobierno no entrega alimentos a ning\u00fan comedor desde hace tres meses, si lo hace esto se termina&#8221;, subray\u00f3 Castells.<\/p>\n<h5><strong>Mapa de los saqueos: los distritos m\u00e1s afectados<\/strong><\/h5>\n<div>\n<figure class=\"image\"><img decoding=\"async\" src=\"https:\/\/fotos.perfil.com\/\/2023\/08\/23\/900\/0\/axel-kicillof-20230823-1638189.jpg\" alt=\"Axel Kicillof 20230823\" \/><figcaption>El gobernador bonaerense, Axel Kicillof, denunci\u00f3 que &#8220;algunos dirigentes pol\u00edticos&#8221; hicieron un &#8220;permanente trabajo&#8221; para promover saqueos, en la sede de la Polic\u00eda Bonaerense en Puente 12, en el partido de La Matanza, junto al ministro de Seguridad provincial, Sergio Berni. Foto:\u00a0NA<\/figcaption><\/figure>\n<\/div>\n<p>El\u00a0<strong>mapa de los saqueos<\/strong>\u00a0de comercios registrados en los \u00faltimos d\u00edas abarca al menos a una\u00a0<strong>decena de municipios de la provincia de Buenos Aires<\/strong>, epicentro de estos episodios,\u00a0<strong>un barrio porte\u00f1o y otras cinco provincias<\/strong>\u00a0del interior del pa\u00eds.<\/p>\n<p>Moreno, Merlo, Tigre, San Mart\u00edn, Lomas de Zamora, Pilar, Escobar, Tres de Febrero, La Plata, San Nicol\u00e1s y General Pueyrred\u00f3n fueron algunos de los partidos bonaerenses donde se produjeron estos hechos, capturados en\u00a0<strong>im\u00e1genes difundidas en redes sociales<\/strong>, e incluso con algunos de los due\u00f1os de los negocios implicados dando detalles de lo sucedido a los m\u00f3viles de los canales de televisi\u00f3n.<\/p>\n<p>En la Ciudad de Buenos Aires hasta ahora se report\u00f3 un saqueo de un peque\u00f1o\u00a0<strong>supermercado en el barrio de Mataderos<\/strong>, donde se robaron un mill\u00f3n de pesos en mercader\u00eda y el negocio ahora deber\u00e1 permanecer varios d\u00edas cerrado hasta poder reabrir.<\/p>\n<p>En el interior del pa\u00eds,<strong>\u00a0C\u00f3rdoba, Mendoza, Chaco, R\u00edo Negro y Neuqu\u00e9n\u00a0<\/strong>fueron las provincias con locales comerciales que sufrieron estos robos generalizados de productos.<\/p>\n<\/div>\n<\/div>\n<\/div>\n<\/div>\n","protected":false},"excerpt":{"rendered":"<p>El gobierno bonaerense detect\u00f3 150 intentos de saqueos y 94 detenidos en su territorio por los ataques a comercios registrados en los \u00faltimos d\u00edas. Cu\u00e1les son los distritos y provincias m\u00e1s afectadas. nota publicada en el Diario Perfil.<\/p>\n","protected":false},"author":3,"featured_media":22049,"comment_status":"open","ping_status":"open","sticky":false,"template":"","format":"standard","meta":{"footnotes":"","jetpack_publicize_message":"","jetpack_publicize_feature_enabled":true,"jetpack_social_post_already_shared":true,"jetpack_social_options":{"image_generator_settings":{"template":"highway","default_image_id":0,"font":"","enabled":false},"version":2}},"categories":[17],"tags":[179,2434],"class_list":["post-22031","post","type-post","status-publish","format-standard","has-post-thumbnail","hentry","category-politica","tag-politica","tag-saqueos"],"jetpack_publicize_connections":[],"jetpack_featured_media_url":"https:\/\/revistaepocadigital.com.ar\/wp-content\/uploads\/2023\/08\/axel-kicillof-20230823-1638189.jpg","jetpack_likes_enabled":true,"_links":{"self":[{"href":"https:\/\/revistaepocadigital.com.ar\/index.php?rest_route=\/wp\/v2\/posts\/22031","targetHints":{"allow":["GET"]}}],"collection":[{"href":"https:\/\/revistaepocadigital.com.ar\/index.php?rest_route=\/wp\/v2\/posts"}],"about":[{"href":"https:\/\/revistaepocadigital.com.ar\/index.php?rest_route=\/wp\/v2\/types\/post"}],"author":[{"embeddable":true,"href":"https:\/\/revistaepocadigital.com.ar\/index.php?rest_route=\/wp\/v2\/users\/3"}],"replies":[{"embeddable":true,"href":"https:\/\/revistaepocadigital.com.ar\/index.php?rest_route=%2Fwp%2Fv2%2Fcomments&post=22031"}],"version-history":[{"count":0,"href":"https:\/\/revistaepocadigital.com.ar\/index.php?rest_route=\/wp\/v2\/posts\/22031\/revisions"}],"wp:featuredmedia":[{"embeddable":true,"href":"https:\/\/revistaepocadigital.com.ar\/index.php?rest_route=\/wp\/v2\/media\/22049"}],"wp:attachment":[{"href":"https:\/\/revistaepocadigital.com.ar\/index.php?rest_route=%2Fwp%2Fv2%2Fmedia&parent=22031"}],"wp:term":[{"taxonomy":"category","embeddable":true,"href":"https:\/\/revistaepocadigital.com.ar\/index.php?rest_route=%2Fwp%2Fv2%2Fcategories&post=22031"},{"taxonomy":"post_tag","embeddable":true,"href":"https:\/\/revistaepocadigital.com.ar\/index.php?rest_route=%2Fwp%2Fv2%2Ftags&post=22031"}],"curies":[{"name":"wp","href":"https:\/\/api.w.org\/{rel}","templated":true}]}}