{"id":2204,"date":"2019-04-18T18:03:20","date_gmt":"2019-04-18T21:03:20","guid":{"rendered":"https:\/\/revistaepocadigital.com.ar\/?p=2204"},"modified":"2019-04-22T19:44:32","modified_gmt":"2019-04-22T22:44:32","slug":"diez-equipos-oftalmologios-gran-aporte-de-los-leones-para-el-hospital","status":"publish","type":"post","link":"https:\/\/revistaepocadigital.com.ar\/?p=2204","title":{"rendered":"DIEZ EQUIPOS OFTALMOL\u00d3GICOS. GRAN APORTE DE LOS LEONES PARA EL HOSPITAL"},"content":{"rendered":"<p><strong>ENTRE EL MUNICIPIO, &#8220;LIONS FOUNDATIONS&#8221; Y EL CLUB DE LEONES DE CAPILLA, SE FIRMO IMPORTANTE CONVENIO.<\/strong><!--more--><\/p>\n<p>Las gestiones y conversaciones del<strong> Club de Leones de Capilla del Se\u00f1or con &#8220;Lions Foundation&#8221;,<\/strong> organismo internacional de los clubes de Leones, deriv\u00f3 en la iniciativa que vincul\u00f3 al proyecto leon\u00edstico con el municipio de Exaltaci\u00f3n de la Cruz.<\/p>\n<p>El resultado fue la firma del <strong>compromiso de cooperaci\u00f3n entre la municipaliad, Lions Foundation y el Club de Leones <\/strong>de la selva de Capilla, para a trav\u00e9s del proyecto desarrollado por la denominada Media Luna Oftalmol\u00f3gica, sea instalado en el <strong>Hospital San Jos\u00e9 de la ciudad, un consultorio oftalmol\u00f3gico con los diez equipos, equipamiento valuado en un mill\u00f3n de pesos. <\/strong>El ejecutivo local,<strong> se comprometi\u00f3\u00a0<\/strong> a propocionar el <strong>espacio f\u00edsico y el personal necesario <\/strong>para la puesta en marcha de tan importante incorporaci\u00f3n.<\/p>\n<figure id=\"attachment_2211\" aria-describedby=\"caption-attachment-2211\" style=\"width: 768px\" class=\"wp-caption aligncenter\"><img loading=\"lazy\" decoding=\"async\" class=\"size-full wp-image-2211\" src=\"https:\/\/revistaepocadigital.com.ar\/wp-content\/uploads\/2019\/04\/leone-mun-firma.jpg\" alt=\"\" width=\"768\" height=\"576\" srcset=\"https:\/\/revistaepocadigital.com.ar\/wp-content\/uploads\/2019\/04\/leone-mun-firma.jpg 768w, https:\/\/revistaepocadigital.com.ar\/wp-content\/uploads\/2019\/04\/leone-mun-firma-300x225.jpg 300w, https:\/\/revistaepocadigital.com.ar\/wp-content\/uploads\/2019\/04\/leone-mun-firma-80x60.jpg 80w, https:\/\/revistaepocadigital.com.ar\/wp-content\/uploads\/2019\/04\/leone-mun-firma-160x120.jpg 160w, https:\/\/revistaepocadigital.com.ar\/wp-content\/uploads\/2019\/04\/leone-mun-firma-265x198.jpg 265w, https:\/\/revistaepocadigital.com.ar\/wp-content\/uploads\/2019\/04\/leone-mun-firma-696x522.jpg 696w, https:\/\/revistaepocadigital.com.ar\/wp-content\/uploads\/2019\/04\/leone-mun-firma-560x420.jpg 560w\" sizes=\"auto, (max-width: 768px) 100vw, 768px\" \/><figcaption id=\"caption-attachment-2211\" class=\"wp-caption-text\">El intendente, el Le\u00f3n Manuel Caro de la Fundaci\u00f3n y el titular de los Leones de Capilla, Roberto Lizarraga, firman el el importante compromiso de cooperaci\u00f3n.<\/figcaption><\/figure>\n<p>El Le\u00f3n <strong>Manuel Caro<\/strong>, director del programa Sight First de la mencionada Fundaci\u00f3n y <strong>Pablo Mastropietro,<\/strong> secretario administrativo, junto al integrantes del Club de Leones capillense encabezados por el actual presidente <strong>Roberto Lizarraga<\/strong>, se reunieron con el intendente <strong>Adri\u00e1n S\u00e1nchez<\/strong> en su despacho, donde tambi\u00e9n estuvieron funcionarios de la comuna, para formalizar y firmar el sin dudas, relevante compromiso de coopeeraci\u00f3n.<\/p>\n<figure id=\"attachment_2215\" aria-describedby=\"caption-attachment-2215\" style=\"width: 539px\" class=\"wp-caption aligncenter\"><img loading=\"lazy\" decoding=\"async\" class=\"size-full wp-image-2215\" src=\"https:\/\/revistaepocadigital.com.ar\/wp-content\/uploads\/2019\/04\/thumbnail-3.jpg\" alt=\"\" width=\"539\" height=\"745\" srcset=\"https:\/\/revistaepocadigital.com.ar\/wp-content\/uploads\/2019\/04\/thumbnail-3.jpg 539w, https:\/\/revistaepocadigital.com.ar\/wp-content\/uploads\/2019\/04\/thumbnail-3-217x300.jpg 217w, https:\/\/revistaepocadigital.com.ar\/wp-content\/uploads\/2019\/04\/thumbnail-3-304x420.jpg 304w\" sizes=\"auto, (max-width: 539px) 100vw, 539px\" \/><figcaption id=\"caption-attachment-2215\" class=\"wp-caption-text\">Un detalle de los equipos que conforman el compromiso firmado por Manuel Caro por la entidad internacional, y el intendente S\u00e1nchez.<\/figcaption><\/figure>\n<p>De esta forma <strong>Lions Foundations y el Club de Leones de Capilla<\/strong>, entregan al hospital en comodato por el t\u00e9rmino de 10 a\u00f1os, los diez equipos oftalmol\u00f3gicos para el consultorio de la especialidad que, luego de cumplido el t\u00e9rmino acordado en el comodato, pasar\u00e1 a ser propiedad del hospital.<\/p>\n<p><strong>ENTREGA DE BECAS<\/strong><\/p>\n<p>Por otro lado, los Leones de Capilla concretaron hace unos d\u00edas, la entrega de las seis<strong> Becas Universitarias y Terciarias 2019.<\/strong><\/p>\n<p>El programa de Becas 2019, distribuye las becas de 4000 pesos, que fueron entregadas a <strong>Mabel Urroz y Nahuel Mart\u00edn<\/strong>, ambos estudiantes de Abogac\u00eda. Por su parte, tambi\u00e9n las recibieron <strong>Gonzalo de Le\u00f3n<\/strong>, quien cursa la carrera de Arquitectura;<strong> Mariana Llanos, <\/strong>estudiante de Educaci\u00f3n Inicial y<strong> Franco Mart\u00edn,<\/strong> quien se forma en la carrera de Psicolog\u00eda.<\/p>\n<p><img loading=\"lazy\" decoding=\"async\" class=\"aligncenter size-full wp-image-2208\" src=\"https:\/\/revistaepocadigital.com.ar\/wp-content\/uploads\/2019\/04\/leones-becas-19.jpg\" alt=\"\" width=\"640\" height=\"480\" srcset=\"https:\/\/revistaepocadigital.com.ar\/wp-content\/uploads\/2019\/04\/leones-becas-19.jpg 640w, https:\/\/revistaepocadigital.com.ar\/wp-content\/uploads\/2019\/04\/leones-becas-19-300x225.jpg 300w, https:\/\/revistaepocadigital.com.ar\/wp-content\/uploads\/2019\/04\/leones-becas-19-80x60.jpg 80w, https:\/\/revistaepocadigital.com.ar\/wp-content\/uploads\/2019\/04\/leones-becas-19-160x120.jpg 160w, https:\/\/revistaepocadigital.com.ar\/wp-content\/uploads\/2019\/04\/leones-becas-19-265x198.jpg 265w, https:\/\/revistaepocadigital.com.ar\/wp-content\/uploads\/2019\/04\/leones-becas-19-560x420.jpg 560w\" sizes=\"auto, (max-width: 640px) 100vw, 640px\" \/><\/p>\n<p>Ademas de las becas mencionadas anteriormente, la entidad hizo entrega de la primera cuota de 2000 pesos a <strong>Ariel Zamora<\/strong>, quien cursa Profesorado de Educaci\u00f3n F\u00edsica y a Priscila Moreira, quien estudia la carrera de Instrumentadora Quirurgica.<\/p>\n<p>Tal como se encuentra fijado y se ha aplicado en los programas anteriores, los becados deber\u00e1n amoldarse a las exigencias acad\u00e9micas requeridas, y acompa\u00f1ar las obras de servicio y recaudaci\u00f3n del club, buscando de esta forma la devoluci\u00f3n de parte del gran aporte que realiza la comunidad para llevar adelante esta significativa obra.<\/p>\n<p>&nbsp;<\/p>\n<p>Fotos: Prensa Club de Leones de Capilla del Se\u00f1or.<\/p>\n","protected":false},"excerpt":{"rendered":"<p>ENTRE EL MUNICIPIO, &#8220;LIONS FOUNDATIONS&#8221; Y EL CLUB DE LEONES DE CAPILLA, SE FIRMO IMPORTANTE CONVENIO.<\/p>\n","protected":false},"author":4,"featured_media":2210,"comment_status":"open","ping_status":"open","sticky":false,"template":"","format":"standard","meta":{"footnotes":"","jetpack_publicize_message":"","jetpack_publicize_feature_enabled":true,"jetpack_social_post_already_shared":false,"jetpack_social_options":{"image_generator_settings":{"template":"highway","default_image_id":0,"font":"","enabled":false},"version":2}},"categories":[13],"tags":[308,309],"class_list":["post-2204","post","type-post","status-publish","format-standard","has-post-thumbnail","hentry","category-interes-general","tag-club-leones","tag-equipos-oftalmologicos"],"jetpack_publicize_connections":[],"jetpack_featured_media_url":"https:\/\/revistaepocadigital.com.ar\/wp-content\/uploads\/2019\/04\/leones-muni-convenio.jpg","jetpack_likes_enabled":true,"_links":{"self":[{"href":"https:\/\/revistaepocadigital.com.ar\/index.php?rest_route=\/wp\/v2\/posts\/2204","targetHints":{"allow":["GET"]}}],"collection":[{"href":"https:\/\/revistaepocadigital.com.ar\/index.php?rest_route=\/wp\/v2\/posts"}],"about":[{"href":"https:\/\/revistaepocadigital.com.ar\/index.php?rest_route=\/wp\/v2\/types\/post"}],"author":[{"embeddable":true,"href":"https:\/\/revistaepocadigital.com.ar\/index.php?rest_route=\/wp\/v2\/users\/4"}],"replies":[{"embeddable":true,"href":"https:\/\/revistaepocadigital.com.ar\/index.php?rest_route=%2Fwp%2Fv2%2Fcomments&post=2204"}],"version-history":[{"count":0,"href":"https:\/\/revistaepocadigital.com.ar\/index.php?rest_route=\/wp\/v2\/posts\/2204\/revisions"}],"wp:featuredmedia":[{"embeddable":true,"href":"https:\/\/revistaepocadigital.com.ar\/index.php?rest_route=\/wp\/v2\/media\/2210"}],"wp:attachment":[{"href":"https:\/\/revistaepocadigital.com.ar\/index.php?rest_route=%2Fwp%2Fv2%2Fmedia&parent=2204"}],"wp:term":[{"taxonomy":"category","embeddable":true,"href":"https:\/\/revistaepocadigital.com.ar\/index.php?rest_route=%2Fwp%2Fv2%2Fcategories&post=2204"},{"taxonomy":"post_tag","embeddable":true,"href":"https:\/\/revistaepocadigital.com.ar\/index.php?rest_route=%2Fwp%2Fv2%2Ftags&post=2204"}],"curies":[{"name":"wp","href":"https:\/\/api.w.org\/{rel}","templated":true}]}}