{"id":22092,"date":"2023-08-30T00:40:24","date_gmt":"2023-08-30T03:40:24","guid":{"rendered":"https:\/\/revistaepocadigital.com.ar\/?p=22092"},"modified":"2023-08-30T00:42:43","modified_gmt":"2023-08-30T03:42:43","slug":"en-bragado-eden-presento-la-liga-de-la-energia","status":"publish","type":"post","link":"https:\/\/revistaepocadigital.com.ar\/?p=22092","title":{"rendered":"EN BRAGADO, EDEN PRESENT\u00d3 \u201cLA LIGA DE LA ENERG\u00cdA\u201d"},"content":{"rendered":"<p><strong>PRESENTACI\u00d3N DEL PROGRAMA.<\/strong><!--more--><\/p>\n<p>La distribuidora de energ\u00eda el\u00e9ctrica present\u00f3 el programa \u201cLa Liga de la Energ\u00eda\u201d en el Centro Cultural Florencio Constantino de Bragado, una iniciativa orientada a la educaci\u00f3n de los m\u00e1s chicos.<\/p>\n<p>Y no fue un d\u00eda cualquiera para los estudiantes de las escuelas primarias de Bragado. Unos 1200 alumnos de las distintas instituciones urbanas y rurales de la localidad se hicieron presentes en el Florencio Constantino para divertirse y aprender de la mano de \u201cLa Liga de la Energ\u00eda\u201d, una iniciativa de la distribuidora EDEN, perteneciente al Grupo DESA, que a trav\u00e9s de los personajes de una saga animada ense\u00f1a a los m\u00e1s peque\u00f1os el circuito de la electricidad y la importancia de la seguridad y el consumo responsable. Este Programa, correspondiente al pilar educativo del Plan de Sustentabilidad de DESA, alcanz\u00f3 cientos de escuelas y miles de ni\u00f1os de Salta, a trav\u00e9s de la distribuidora EDESA, y la Provincia de Buenos Aires, mediante EDEA, EDEN, EDES y EDELAP.<\/p>\n<p>La presentaci\u00f3n se llev\u00f3 por partida doble, una por cada turno escolar, en donde<br \/>\nTaki y Silvana, los animadores del evento, explicaron de manera l\u00fadica y divertida el recorrido de la energ\u00eda el\u00e9ctrica desde su generaci\u00f3n hasta su transporte y distribuci\u00f3n en los hogares, adem\u00e1s de concientizar acerca de la importancia de tomar recaudos de seguridad y generar h\u00e1bitos de consumo responsable. Tambi\u00e9n presentaron el primer cap\u00edtulo de la saga de dibujos animados, en la que \u201cTito\u201d, Edi \u201cElectr\u00f3n\u201d y \u201cAmper\u201d luchan contra los \u201cderrochones\u201d y aprenden sobre energ\u00edas renovables y el poder de la electricidad. Formaron parte del encuentro 29 instituciones educativas de Bragado y el Distrito, como es el caso de la Primaria N\u00b0 18 de Irala, una localidad rural a 45 kil\u00f3metros de la ciudad.<\/p>\n<p>Es la segunda presentaci\u00f3n de \u201cLa Liga de la Energ\u00eda\u201d en lo que va del a\u00f1o. A finales de junio, EDEN estuvo presente en la Feria de Ciencias de la Escuela N\u00b0 45 de General Villegas, donde unos 200 chicos de distintas instituciones locales compartieron un momento a pura diversi\u00f3n de la mano de \u201cTito\u201d, Edi y Amper.<\/p>\n<p>Este a\u00f1o, adem\u00e1s, el Programa se hizo extensivo a las aulas. Con asesoramiento de una psicopedagoga, la empresa elabor\u00f3 un proyecto educativo para que las y los docentes de Ciencias Naturales, Ciencias Sociales y Artes Pl\u00e1sticas puedan abordar diferentes ejes de contenido repartidos en tres m\u00f3dulos de trabajo. De esta manera, m\u00e1s chicos y chicas pueden conocer c\u00f3mo funciona la electricidad y aprender las responsabilidades que conlleva.<\/p>\n<p><em>\u201cEstamos muy contentos con la convocatoria que tuvimos en Bragado. Queremos agradecer al municipio por habernos permitido hacer la presentaci\u00f3n en este hermoso Centro Cultural, y a la jefa distrital, inspectoras, directivos y docentes que hicieron lo imposible para que la mayor cantidad de chicos pudieran participar de esta actividad. Estamos convencidos que con \u201cLa Liga de la Energ\u00eda\u201d dejamos una huella de aprendizaje que perdura por siempre\u201d<\/em>, se\u00f1al\u00f3 Mar\u00eda Jos\u00e9 Genine, la referente de Relaciones Institucionales de EDEN.<\/p>\n<p>&nbsp;<\/p>\n","protected":false},"excerpt":{"rendered":"<p>PRESENTACI\u00d3N DEL PROGRAMA.<\/p>\n","protected":false},"author":4,"featured_media":22095,"comment_status":"open","ping_status":"open","sticky":false,"template":"","format":"standard","meta":{"footnotes":"","jetpack_publicize_message":"","jetpack_publicize_feature_enabled":true,"jetpack_social_post_already_shared":true,"jetpack_social_options":{"image_generator_settings":{"template":"highway","default_image_id":0,"font":"","enabled":false},"version":2}},"categories":[15],"tags":[37,39],"class_list":["post-22092","post","type-post","status-publish","format-standard","has-post-thumbnail","hentry","category-lo-que-tenes-que-saber","tag-destacada","tag-eden"],"jetpack_publicize_connections":[],"jetpack_featured_media_url":"https:\/\/revistaepocadigital.com.ar\/wp-content\/uploads\/2023\/08\/mail-3.jpeg","jetpack_likes_enabled":true,"_links":{"self":[{"href":"https:\/\/revistaepocadigital.com.ar\/index.php?rest_route=\/wp\/v2\/posts\/22092","targetHints":{"allow":["GET"]}}],"collection":[{"href":"https:\/\/revistaepocadigital.com.ar\/index.php?rest_route=\/wp\/v2\/posts"}],"about":[{"href":"https:\/\/revistaepocadigital.com.ar\/index.php?rest_route=\/wp\/v2\/types\/post"}],"author":[{"embeddable":true,"href":"https:\/\/revistaepocadigital.com.ar\/index.php?rest_route=\/wp\/v2\/users\/4"}],"replies":[{"embeddable":true,"href":"https:\/\/revistaepocadigital.com.ar\/index.php?rest_route=%2Fwp%2Fv2%2Fcomments&post=22092"}],"version-history":[{"count":0,"href":"https:\/\/revistaepocadigital.com.ar\/index.php?rest_route=\/wp\/v2\/posts\/22092\/revisions"}],"wp:featuredmedia":[{"embeddable":true,"href":"https:\/\/revistaepocadigital.com.ar\/index.php?rest_route=\/wp\/v2\/media\/22095"}],"wp:attachment":[{"href":"https:\/\/revistaepocadigital.com.ar\/index.php?rest_route=%2Fwp%2Fv2%2Fmedia&parent=22092"}],"wp:term":[{"taxonomy":"category","embeddable":true,"href":"https:\/\/revistaepocadigital.com.ar\/index.php?rest_route=%2Fwp%2Fv2%2Fcategories&post=22092"},{"taxonomy":"post_tag","embeddable":true,"href":"https:\/\/revistaepocadigital.com.ar\/index.php?rest_route=%2Fwp%2Fv2%2Ftags&post=22092"}],"curies":[{"name":"wp","href":"https:\/\/api.w.org\/{rel}","templated":true}]}}