{"id":22134,"date":"2023-09-04T10:40:02","date_gmt":"2023-09-04T13:40:02","guid":{"rendered":"https:\/\/revistaepocadigital.com.ar\/?p=22134"},"modified":"2023-09-04T10:40:02","modified_gmt":"2023-09-04T13:40:02","slug":"feb-exaltacion-reclama-paritarias","status":"publish","type":"post","link":"https:\/\/revistaepocadigital.com.ar\/?p=22134","title":{"rendered":"FEB EXALTACI\u00d3N RECLAMA PARITARIAS"},"content":{"rendered":"<p><strong>REUNI\u00d3N EN ASAMBLEA.<\/strong><!--more--><\/p>\n<p>Reunidos en Asamblea de Delegados de Escuelas de distintas modalidades del distrito, hicieron saber a trav\u00e9s de la red social Facebook que: <em>&#8220;compartimos diferentes situaciones que atraviesan los servicios educativos y desarrollamos el \u00faltimo ACUERDO PARITARIO con referencia a Licencias Parentales, un logro fundamental que no s\u00f3lo reformula una terminolog\u00eda acorde a la realidad que vivimos sino tambi\u00e9n amplia Derechos por Nacimiento, Cuidado del reci\u00e9n nacido, Adopci\u00f3n, Abrigo, Alimentaci\u00f3n y otros temas m\u00e1s, pudiendo decir &#8221; la lucha es entre todos los que pertenecemos a un espacio colectivo gremial!&#8221;.<\/em><\/p>\n<p>&nbsp;<\/p>\n","protected":false},"excerpt":{"rendered":"<p>REUNI\u00d3N EN ASAMBLEA.<\/p>\n","protected":false},"author":3,"featured_media":22136,"comment_status":"open","ping_status":"open","sticky":false,"template":"","format":"standard","meta":{"footnotes":"","jetpack_publicize_message":"","jetpack_publicize_feature_enabled":true,"jetpack_social_post_already_shared":true,"jetpack_social_options":{"image_generator_settings":{"template":"highway","default_image_id":0,"font":"","enabled":false},"version":2}},"categories":[11],"tags":[2443,1193],"class_list":["post-22134","post","type-post","status-publish","format-standard","has-post-thumbnail","hentry","category-entidades","tag-feb","tag-salarios"],"jetpack_publicize_connections":[],"jetpack_featured_media_url":"https:\/\/revistaepocadigital.com.ar\/wp-content\/uploads\/2023\/09\/febb2.jpg","jetpack_likes_enabled":true,"_links":{"self":[{"href":"https:\/\/revistaepocadigital.com.ar\/index.php?rest_route=\/wp\/v2\/posts\/22134","targetHints":{"allow":["GET"]}}],"collection":[{"href":"https:\/\/revistaepocadigital.com.ar\/index.php?rest_route=\/wp\/v2\/posts"}],"about":[{"href":"https:\/\/revistaepocadigital.com.ar\/index.php?rest_route=\/wp\/v2\/types\/post"}],"author":[{"embeddable":true,"href":"https:\/\/revistaepocadigital.com.ar\/index.php?rest_route=\/wp\/v2\/users\/3"}],"replies":[{"embeddable":true,"href":"https:\/\/revistaepocadigital.com.ar\/index.php?rest_route=%2Fwp%2Fv2%2Fcomments&post=22134"}],"version-history":[{"count":0,"href":"https:\/\/revistaepocadigital.com.ar\/index.php?rest_route=\/wp\/v2\/posts\/22134\/revisions"}],"wp:featuredmedia":[{"embeddable":true,"href":"https:\/\/revistaepocadigital.com.ar\/index.php?rest_route=\/wp\/v2\/media\/22136"}],"wp:attachment":[{"href":"https:\/\/revistaepocadigital.com.ar\/index.php?rest_route=%2Fwp%2Fv2%2Fmedia&parent=22134"}],"wp:term":[{"taxonomy":"category","embeddable":true,"href":"https:\/\/revistaepocadigital.com.ar\/index.php?rest_route=%2Fwp%2Fv2%2Fcategories&post=22134"},{"taxonomy":"post_tag","embeddable":true,"href":"https:\/\/revistaepocadigital.com.ar\/index.php?rest_route=%2Fwp%2Fv2%2Ftags&post=22134"}],"curies":[{"name":"wp","href":"https:\/\/api.w.org\/{rel}","templated":true}]}}