{"id":22153,"date":"2023-09-04T11:45:47","date_gmt":"2023-09-04T14:45:47","guid":{"rendered":"https:\/\/revistaepocadigital.com.ar\/?p=22153"},"modified":"2023-09-08T23:29:17","modified_gmt":"2023-09-09T02:29:17","slug":"recuperan-auto-robado-en-cardales-de-conocido-kinesiologo","status":"publish","type":"post","link":"https:\/\/revistaepocadigital.com.ar\/?p=22153","title":{"rendered":"RECUPERAN AUTO ROBADO EN CARDALES DE CONOCIDO KINESI\u00d3LOGO"},"content":{"rendered":"<div>\n<header class=\"r_BN D_F W_6D6F p_R P_Zjgzuf ir_0\" aria-label=\"Mensaje\">\n<div class=\"o_h D_F em_0 E_fq7 ek_BB\" data-test-id=\"address-info\">\n<div class=\"d_6FIA i_6FIA c1AVi7H_6LEV c1AVi73_6FsP D_F eo_HB\"><strong><span class=\"D_F rtlI_dz_sSg\" data-test-id=\"email-pill\"><span class=\"C4_Z29WjXl C_Z1VRqsb\" title=\"carlosdsaavedra@yahoo.com.ar\" data-test-id=\"message-to\">EL EPISODIO SUCEDIDO D\u00cdAS ATR\u00c1S.<\/span><\/span><\/strong><\/div>\n<\/div>\n<div class=\"D_F en_0 s_6LEV H_6LEV M_Ue8I8\"><\/div>\n<\/header>\n<\/div>\n<p><!--more--><\/p>\n<div data-test-id=\"message-body-container\">\n<div class=\"I_ZkbNhI D_FY W_6D6F\" data-test-id=\"message-view-body\">\n<div class=\"msg-body P_wpofO mq_AS\" data-test-id=\"message-view-body-content\">\n<div class=\"jb_0 X_6MGW N_6Fd5\">\n<div dir=\"ltr\">En la misma zona c\u00e9ntrica de Los Cardales, alrededor de las dos de la madrugada, <strong>reactiv\u00f3<\/strong> la alarma\u00a0 y preocupaci\u00f3n su se vive en el pa\u00eds, en la provincia de Buenos Aires y en nuestro distrito si bien, al momento, en menor medida que en otros lugares cercanos.<\/div>\n<div dir=\"ltr\"><\/div>\n<div dir=\"ltr\">Un conocido m\u00e9dico kinesi\u00f3logo residente en Cardales, fue interceptado por desconocidos, quienes mediante amenazas, lo obligaron a bajar de su Volkswagen Vento y procedieron a robar el veh\u00edculo en la calle Alberti esquina San Mart\u00edn, un sector muy c\u00e9ntrico por cierto.<\/div>\n<div dir=\"ltr\"><\/div>\n<div dir=\"ltr\">Los malvivientes, a bordo de una VW Amarok, intimaron al profesional a bajarse de su VW Vento para luego darse a la fuga con direcci\u00f3n a Campana.<\/div>\n<div dir=\"ltr\"><\/div>\n<div dir=\"ltr\">Intervino luego la polic\u00eda y comenz\u00f3 a investigar, estableci\u00e9ndose que la camioneta utilizada por los asaltantes, utilizada para cometer el il\u00edcito, ten\u00eda pedido de captura activo a solicitud de la UFI 9 de San Nicol\u00e1s, por hurto el pasado 31 de agosto en Baradero, siendo despu\u00e9s recuperada en la calle Castilla E\/ Mitre y 25 de Mayo, en Campana.<\/div>\n<div dir=\"ltr\"><\/div>\n<div dir=\"ltr\">Horas m\u00e1s tarde, producto de las investigaciones, el autom\u00f3vil del profesional cardalense, fue encontrado y recuperado en Baradero. Seg\u00fan se inform\u00f3, result\u00f3 importante el aporte de c\u00e1maras municipales y privadas.<\/div>\n<\/div>\n<\/div>\n<\/div>\n<\/div>\n","protected":false},"excerpt":{"rendered":"<p>EL EPISODIO SUCEDIDO D\u00cdAS ATR\u00c1S.<\/p>\n","protected":false},"author":3,"featured_media":22154,"comment_status":"open","ping_status":"open","sticky":false,"template":"","format":"standard","meta":{"footnotes":"","jetpack_publicize_message":"","jetpack_publicize_feature_enabled":true,"jetpack_social_post_already_shared":true,"jetpack_social_options":{"image_generator_settings":{"template":"highway","default_image_id":0,"font":"","enabled":false},"version":2}},"categories":[4],"tags":[423,2446],"class_list":["post-22153","post","type-post","status-publish","format-standard","has-post-thumbnail","hentry","category-aqui-los-cardales","tag-cardales","tag-robo-automotor"],"jetpack_publicize_connections":[],"jetpack_featured_media_url":"https:\/\/revistaepocadigital.com.ar\/wp-content\/uploads\/2023\/09\/auto-carli.jpeg","jetpack_likes_enabled":true,"_links":{"self":[{"href":"https:\/\/revistaepocadigital.com.ar\/index.php?rest_route=\/wp\/v2\/posts\/22153","targetHints":{"allow":["GET"]}}],"collection":[{"href":"https:\/\/revistaepocadigital.com.ar\/index.php?rest_route=\/wp\/v2\/posts"}],"about":[{"href":"https:\/\/revistaepocadigital.com.ar\/index.php?rest_route=\/wp\/v2\/types\/post"}],"author":[{"embeddable":true,"href":"https:\/\/revistaepocadigital.com.ar\/index.php?rest_route=\/wp\/v2\/users\/3"}],"replies":[{"embeddable":true,"href":"https:\/\/revistaepocadigital.com.ar\/index.php?rest_route=%2Fwp%2Fv2%2Fcomments&post=22153"}],"version-history":[{"count":0,"href":"https:\/\/revistaepocadigital.com.ar\/index.php?rest_route=\/wp\/v2\/posts\/22153\/revisions"}],"wp:featuredmedia":[{"embeddable":true,"href":"https:\/\/revistaepocadigital.com.ar\/index.php?rest_route=\/wp\/v2\/media\/22154"}],"wp:attachment":[{"href":"https:\/\/revistaepocadigital.com.ar\/index.php?rest_route=%2Fwp%2Fv2%2Fmedia&parent=22153"}],"wp:term":[{"taxonomy":"category","embeddable":true,"href":"https:\/\/revistaepocadigital.com.ar\/index.php?rest_route=%2Fwp%2Fv2%2Fcategories&post=22153"},{"taxonomy":"post_tag","embeddable":true,"href":"https:\/\/revistaepocadigital.com.ar\/index.php?rest_route=%2Fwp%2Fv2%2Ftags&post=22153"}],"curies":[{"name":"wp","href":"https:\/\/api.w.org\/{rel}","templated":true}]}}