{"id":22273,"date":"2023-09-12T16:46:39","date_gmt":"2023-09-12T19:46:39","guid":{"rendered":"https:\/\/revistaepocadigital.com.ar\/?p=22273"},"modified":"2023-09-12T17:02:12","modified_gmt":"2023-09-12T20:02:12","slug":"rodrigo-beretta-la-rompio-en-pasaplatos-el-restaurante-en-la-tele","status":"publish","type":"post","link":"https:\/\/revistaepocadigital.com.ar\/?p=22273","title":{"rendered":"Rodrigo Beretta logr\u00f3 su objetivo en &#8220;Pasaplatos, el restaurante&#8221; en la tele"},"content":{"rendered":"<div class=\"xdj266r x11i5rnm xat24cr x1mh8g0r x1vvkbs x126k92a\">\n<div dir=\"auto\"><strong>EL CAPILLENSE CUMPLI\u00d3<\/strong>.<\/div>\n<\/div>\n<p><!--more--><\/p>\n<div dir=\"auto\"><\/div>\n<div dir=\"auto\">Muy conocido e inquieto, el conocido capillense<strong> Rodrigo Beretta,<\/strong> y no s\u00f3lo en el rubro gastron\u00f3mico en el distrito y la zona, se hab\u00eda puesto como meta participar en el programa televisivo &#8220;Pasaplatos, el restaurante&#8221;, que se emite a diario por El Trece.<\/div>\n<div dir=\"auto\"><\/div>\n<div class=\"xdj266r x11i5rnm xat24cr x1mh8g0r x1vvkbs x126k92a\">\n<div dir=\"auto\">&#8220;Y un d\u00eda se me di\u00f3!!!, llegu\u00e9 a Pasaplatos, el restaurante!. Muchas gracias a todos los que compartieron mi v\u00eddeo, fueron much\u00edsimas y eso no se olvida&#8221;<\/div>\n<div dir=\"auto\"><\/div>\n<div dir=\"auto\">La consigna de Rodrigo fue preparar &#8220;<em>un plato que me represente o signifique mucho para m\u00ed..y ac\u00e1 viene la duda. Hago el plato que en plena crisis financiera de los &#8217;90, nos hac\u00eda mi abuela: Polenta con lo que se consiguiera para acompa\u00f1ar, y un poco de pan amasado por ella misma. O hago un superplato que deslumbre al jurado? Creo que la decisi\u00f3n no va a hacerme llegar, pero va a ser el mejor honor que pueda rendirles a las personas que tanto me dieron&#8230;&#8221;<\/em>, hab\u00eda posteado en la previa Rodrigo en su cuenta en Facebook. <em>&#8220;Los invito a conocer un poco de mi historia personal, que no todos conocen&#8230;los espero y muchas gracias a todos!!!&#8221;,<\/em> apunt\u00f3.<\/div>\n<\/div>\n<div dir=\"auto\"><\/div>\n<div dir=\"auto\">Su labor frente a las c\u00e1maras, mientras avanzaba en la preparaci\u00f3n del plato escogido, fue para resaltar por su soltura y conocimientos, y si bien no super\u00f3 la etapa a Rodrigo le qued\u00f3 la satisfacci\u00f3n de haber homenajeado con su plato genu\u00edno, a sus queridos abuelos fallecidos, Cornejo y se\u00f1ora, vecinos capillenses muy apreciados.<\/div>\n<div dir=\"auto\"><\/div>\n<div dir=\"auto\">nota en desarrollo.<\/div>\n","protected":false},"excerpt":{"rendered":"<p>EL CAPILLENSE CUMPLI\u00d3.<\/p>\n","protected":false},"author":4,"featured_media":22275,"comment_status":"open","ping_status":"closed","sticky":false,"template":"","format":"standard","meta":{"footnotes":"","jetpack_publicize_message":"","jetpack_publicize_feature_enabled":true,"jetpack_social_post_already_shared":true,"jetpack_social_options":{"image_generator_settings":{"template":"highway","default_image_id":0,"font":"","enabled":false},"version":2}},"categories":[12],"tags":[342,2455,2454],"class_list":["post-22273","post","type-post","status-publish","format-standard","has-post-thumbnail","hentry","category-espectaculos","tag-beretta","tag-pasaplatos","tag-programa-tv"],"jetpack_publicize_connections":[],"jetpack_featured_media_url":"https:\/\/revistaepocadigital.com.ar\/wp-content\/uploads\/2023\/09\/beretta1.jpg","jetpack_likes_enabled":true,"_links":{"self":[{"href":"https:\/\/revistaepocadigital.com.ar\/index.php?rest_route=\/wp\/v2\/posts\/22273","targetHints":{"allow":["GET"]}}],"collection":[{"href":"https:\/\/revistaepocadigital.com.ar\/index.php?rest_route=\/wp\/v2\/posts"}],"about":[{"href":"https:\/\/revistaepocadigital.com.ar\/index.php?rest_route=\/wp\/v2\/types\/post"}],"author":[{"embeddable":true,"href":"https:\/\/revistaepocadigital.com.ar\/index.php?rest_route=\/wp\/v2\/users\/4"}],"replies":[{"embeddable":true,"href":"https:\/\/revistaepocadigital.com.ar\/index.php?rest_route=%2Fwp%2Fv2%2Fcomments&post=22273"}],"version-history":[{"count":0,"href":"https:\/\/revistaepocadigital.com.ar\/index.php?rest_route=\/wp\/v2\/posts\/22273\/revisions"}],"wp:featuredmedia":[{"embeddable":true,"href":"https:\/\/revistaepocadigital.com.ar\/index.php?rest_route=\/wp\/v2\/media\/22275"}],"wp:attachment":[{"href":"https:\/\/revistaepocadigital.com.ar\/index.php?rest_route=%2Fwp%2Fv2%2Fmedia&parent=22273"}],"wp:term":[{"taxonomy":"category","embeddable":true,"href":"https:\/\/revistaepocadigital.com.ar\/index.php?rest_route=%2Fwp%2Fv2%2Fcategories&post=22273"},{"taxonomy":"post_tag","embeddable":true,"href":"https:\/\/revistaepocadigital.com.ar\/index.php?rest_route=%2Fwp%2Fv2%2Ftags&post=22273"}],"curies":[{"name":"wp","href":"https:\/\/api.w.org\/{rel}","templated":true}]}}