{"id":22294,"date":"2023-09-13T01:41:13","date_gmt":"2023-09-13T04:41:13","guid":{"rendered":"https:\/\/revistaepocadigital.com.ar\/?p=22294"},"modified":"2023-09-15T17:51:08","modified_gmt":"2023-09-15T20:51:08","slug":"el-salon-de-artes-plasticas-luis-gualchi-una-sana-costumbre","status":"publish","type":"post","link":"https:\/\/revistaepocadigital.com.ar\/?p=22294","title":{"rendered":"EL SAL\u00d3N DE ARTES PL\u00c1STICAS &#8220;LUIS GUALCHI&#8221;, UNA SANA COSTUMBRE"},"content":{"rendered":"<div class=\"xdj266r x11i5rnm xat24cr x1mh8g0r x1vvkbs x126k92a\">\n<div dir=\"auto\"><strong>SE REEDITA A\u00d1O TRAS A\u00d1O, CENTRALIZADO EN EL MES DE SEPTIEMBRE EN EL MARCO DE LOS FESTEJOS PATRONALES. SE CUMPLI\u00d3 LA XXXII EDICI\u00d3N.<\/strong><\/div>\n<\/div>\n<p><!--more--><\/p>\n<div class=\"x11i5rnm xat24cr x1mh8g0r x1vvkbs xtlvy1s x126k92a\">\n<div dir=\"auto\">Tuvo lugar (9\/9\/23)) la XXXII edici\u00f3n del Sal\u00f3n de Artes Pl\u00e1sticas &#8220;Luis Gualchi&#8221;, con la participaci\u00f3n de artistas locales y de la regi\u00f3n. C\u00f3mo cada a\u00f1o, y en el marco de los festejos patronales, fue efectuada la apertura del tradicional sal\u00f3n en el Centro Cultural Municipal Cosmopolita.<\/div>\n<div dir=\"auto\"><\/div>\n<div dir=\"auto\"><strong>Los ganadores de 2023:\u00a0<\/strong><\/div>\n<\/div>\n<div class=\"x11i5rnm xat24cr x1mh8g0r x1vvkbs xtlvy1s x126k92a\">\n<div dir=\"auto\"><span class=\"x3nfvp2 x1j61x8r x1fcty0u xdj266r xhhsvwb xat24cr xgzva0m xxymvpz xlup9mm x1kky2od\"><img loading=\"lazy\" decoding=\"async\" src=\"https:\/\/static.xx.fbcdn.net\/images\/emoji.php\/v9\/td3\/1.5\/16\/25aa.png\" alt=\"\u25aa\ufe0f\" width=\"16\" height=\"16\" \/><\/span>Primer premio: &#8220;Con el hombre de turbante rojo&#8221; de Mar\u00eda Alejandra Garay Campi.<\/div>\n<\/div>\n<div class=\"x11i5rnm xat24cr x1mh8g0r x1vvkbs xtlvy1s x126k92a\">\n<div dir=\"auto\"><span class=\"x3nfvp2 x1j61x8r x1fcty0u xdj266r xhhsvwb xat24cr xgzva0m xxymvpz xlup9mm x1kky2od\"><img loading=\"lazy\" decoding=\"async\" src=\"https:\/\/static.xx.fbcdn.net\/images\/emoji.php\/v9\/td3\/1.5\/16\/25aa.png\" alt=\"\u25aa\ufe0f\" width=\"16\" height=\"16\" \/><\/span>Segundo premio: &#8220;La luna me ense\u00f1\u00f3 el camino&#8221; de Cristina Levaggi.<\/div>\n<\/div>\n<div class=\"x11i5rnm xat24cr x1mh8g0r x1vvkbs xtlvy1s x126k92a\">\n<div dir=\"auto\"><span class=\"x3nfvp2 x1j61x8r x1fcty0u xdj266r xhhsvwb xat24cr xgzva0m xxymvpz xlup9mm x1kky2od\"><img loading=\"lazy\" decoding=\"async\" src=\"https:\/\/static.xx.fbcdn.net\/images\/emoji.php\/v9\/td3\/1.5\/16\/25aa.png\" alt=\"\u25aa\ufe0f\" width=\"16\" height=\"16\" \/><\/span>Tercer premio: &#8220;Techitos al sol&#8221; de Mar\u00eda Laura Aguirre.<\/div>\n<\/div>\n<div dir=\"auto\"><\/div>\n<div dir=\"auto\"><\/div>\n<div dir=\"auto\"><img loading=\"lazy\" decoding=\"async\" class=\"aligncenter size-full wp-image-22299\" src=\"https:\/\/revistaepocadigital.com.ar\/wp-content\/uploads\/2023\/09\/gualchi1-1.jpg\" alt=\"\" width=\"497\" height=\"331\" srcset=\"https:\/\/revistaepocadigital.com.ar\/wp-content\/uploads\/2023\/09\/gualchi1-1.jpg 497w, https:\/\/revistaepocadigital.com.ar\/wp-content\/uploads\/2023\/09\/gualchi1-1-300x200.jpg 300w, https:\/\/revistaepocadigital.com.ar\/wp-content\/uploads\/2023\/09\/gualchi1-1-320x213.jpg 320w, https:\/\/revistaepocadigital.com.ar\/wp-content\/uploads\/2023\/09\/gualchi1-1-480x320.jpg 480w\" sizes=\"auto, (max-width: 497px) 100vw, 497px\" \/><\/div>\n<div class=\"x11i5rnm xat24cr x1mh8g0r x1vvkbs xtlvy1s x126k92a\">\n<div dir=\"auto\"><\/div>\n<div dir=\"auto\"><\/div>\n<div dir=\"auto\"><strong>El jurado a su vez distingui\u00f3 entre las obras presentadas a:<\/strong><\/div>\n<\/div>\n<div class=\"x11i5rnm xat24cr x1mh8g0r x1vvkbs xtlvy1s x126k92a\">\n<div dir=\"auto\"><span class=\"x3nfvp2 x1j61x8r x1fcty0u xdj266r xhhsvwb xat24cr xgzva0m xxymvpz xlup9mm x1kky2od\"><img loading=\"lazy\" decoding=\"async\" src=\"https:\/\/static.xx.fbcdn.net\/images\/emoji.php\/v9\/td3\/1.5\/16\/25aa.png\" alt=\"\u25aa\ufe0f\" width=\"16\" height=\"16\" \/><\/span>Menci\u00f3n Artista Local: &#8220;Los caminos de la vida&#8221; de Adri\u00e1n Totoro.<\/div>\n<\/div>\n<div class=\"x11i5rnm xat24cr x1mh8g0r x1vvkbs xtlvy1s x126k92a\">\n<div dir=\"auto\"><span class=\"x3nfvp2 x1j61x8r x1fcty0u xdj266r xhhsvwb xat24cr xgzva0m xxymvpz xlup9mm x1kky2od\"><img loading=\"lazy\" decoding=\"async\" src=\"https:\/\/static.xx.fbcdn.net\/images\/emoji.php\/v9\/td3\/1.5\/16\/25aa.png\" alt=\"\u25aa\ufe0f\" width=\"16\" height=\"16\" \/><\/span>Menciones Especiales del jurado: &#8220;Orqu\u00eddeas&#8221; de C\u00e9sar Barcia, &#8220;Trabajando la piedra&#8221; de Beatriz L\u00f3pez y &#8220;La esquina del encuentro&#8221; de Adriana Leno.<\/div>\n<div dir=\"auto\"><\/div>\n<\/div>\n<div class=\"x11i5rnm xat24cr x1mh8g0r x1vvkbs xtlvy1s x126k92a\">\n<div dir=\"auto\">Al jurado lo integraron reconocidos artistas pl\u00e1sticos y acad\u00e9micos como Marino Santa Mar\u00eda, In\u00e9s Vega y Carlota Mor\u00e1n. A su vez, los premios fueron entregados por el intendente Diego Nanni, Anina Gualchi, hija del recordado Luis Gualchi y funcionarios municipales.<\/div>\n<\/div>\n","protected":false},"excerpt":{"rendered":"<p>SE REEDITA A\u00d1O TRAS A\u00d1O, CENTRALIZADO EN EL MES DE SEPTIEMBRE EN EL MARCO DE LOS FESTEJOS PATRONALES. SE CUMPLI\u00d3 LA XXXII EDICI\u00d3N.<\/p>\n","protected":false},"author":3,"featured_media":22296,"comment_status":"open","ping_status":"closed","sticky":false,"template":"","format":"standard","meta":{"footnotes":"","jetpack_publicize_message":"","jetpack_publicize_feature_enabled":true,"jetpack_social_post_already_shared":true,"jetpack_social_options":{"image_generator_settings":{"template":"highway","default_image_id":0,"font":"","enabled":false},"version":2}},"categories":[13],"tags":[2460],"class_list":["post-22294","post","type-post","status-publish","format-standard","has-post-thumbnail","hentry","category-interes-general","tag-salon-gualchi-2023"],"jetpack_publicize_connections":[],"jetpack_featured_media_url":"https:\/\/revistaepocadigital.com.ar\/wp-content\/uploads\/2023\/09\/gualchi.jpg","jetpack_likes_enabled":true,"_links":{"self":[{"href":"https:\/\/revistaepocadigital.com.ar\/index.php?rest_route=\/wp\/v2\/posts\/22294","targetHints":{"allow":["GET"]}}],"collection":[{"href":"https:\/\/revistaepocadigital.com.ar\/index.php?rest_route=\/wp\/v2\/posts"}],"about":[{"href":"https:\/\/revistaepocadigital.com.ar\/index.php?rest_route=\/wp\/v2\/types\/post"}],"author":[{"embeddable":true,"href":"https:\/\/revistaepocadigital.com.ar\/index.php?rest_route=\/wp\/v2\/users\/3"}],"replies":[{"embeddable":true,"href":"https:\/\/revistaepocadigital.com.ar\/index.php?rest_route=%2Fwp%2Fv2%2Fcomments&post=22294"}],"version-history":[{"count":0,"href":"https:\/\/revistaepocadigital.com.ar\/index.php?rest_route=\/wp\/v2\/posts\/22294\/revisions"}],"wp:featuredmedia":[{"embeddable":true,"href":"https:\/\/revistaepocadigital.com.ar\/index.php?rest_route=\/wp\/v2\/media\/22296"}],"wp:attachment":[{"href":"https:\/\/revistaepocadigital.com.ar\/index.php?rest_route=%2Fwp%2Fv2%2Fmedia&parent=22294"}],"wp:term":[{"taxonomy":"category","embeddable":true,"href":"https:\/\/revistaepocadigital.com.ar\/index.php?rest_route=%2Fwp%2Fv2%2Fcategories&post=22294"},{"taxonomy":"post_tag","embeddable":true,"href":"https:\/\/revistaepocadigital.com.ar\/index.php?rest_route=%2Fwp%2Fv2%2Ftags&post=22294"}],"curies":[{"name":"wp","href":"https:\/\/api.w.org\/{rel}","templated":true}]}}