{"id":2236,"date":"2019-04-25T00:01:05","date_gmt":"2019-04-25T03:01:05","guid":{"rendered":"https:\/\/revistaepocadigital.com.ar\/?p=2236"},"modified":"2019-04-25T00:02:19","modified_gmt":"2019-04-25T03:02:19","slug":"luisma-martin-su-enfoque-y-su-percepcion-del-futuro-ante-las-elecciones-de-este-ano-estoy-convencido-que-se-pueden-hacer-las-cosas-de-otra-manera","status":"publish","type":"post","link":"https:\/\/revistaepocadigital.com.ar\/?p=2236","title":{"rendered":"Luisma Mart\u00edn, su enfoque y su percepci\u00f3n del futuro ante las elecciones de este a\u00f1o, &#8220;estoy convencido que se pueden hacer las cosas de otra manera&#8221;"},"content":{"rendered":"<p><strong>EN ACCI\u00d3N.<\/strong><!--more--><\/p>\n<p><strong>Luis Mariano Mart\u00edn<\/strong> inmerso en la pol\u00edtica, los meses que se avecinan ser\u00e1n claves para encarar el gran convite electoral en octubre. Habl\u00f3 con EPOCA.<\/p>\n<p><strong>-Se acercan fechas de definiciones para la confecci\u00f3n de listas para las PASO, \u00bfen que punto se encuentra el conocido acercamiento politico que tuvo con Diego Nanni?<\/strong><br \/>\n<em>-Con Diego tengo una excelente relacion personal, familiar y tambien pol\u00edtica. Cotidianamente conversamos acerca de la problem\u00e1tica del distrito, y coincidimos much\u00edsimo en la forma de afrontarla.<\/em><\/p>\n<p>&#8211;<strong>Se han producido reuniones de las ramas internas del justicialismo local, en la que usted ha participado, \u00bfa que apuntan, que avances se han producido?, \u00bfpodr\u00eda haber una lista de unidad y usted sumarse a la propuesta electoral del PJ?<\/strong><br \/>\n<em>-Las reuniones que hemos mantenido entre diferentes referentes de los distintos espacios del justicialismo, tienen que ver con analizar la posibilidad de poder lograr puntos de encuentro que permita desde las diferentes miradas, converger en un \u00fanico candidato con miras a las pr\u00f3ximas elecciones<\/em>.<\/p>\n<figure id=\"attachment_2240\" aria-describedby=\"caption-attachment-2240\" style=\"width: 300px\" class=\"wp-caption aligncenter\"><img loading=\"lazy\" decoding=\"async\" class=\"size-medium wp-image-2240\" src=\"https:\/\/revistaepocadigital.com.ar\/wp-content\/uploads\/2019\/04\/martin-luisma-nanni-marchese-300x200.jpg\" alt=\"\" width=\"300\" height=\"200\" srcset=\"https:\/\/revistaepocadigital.com.ar\/wp-content\/uploads\/2019\/04\/martin-luisma-nanni-marchese-300x200.jpg 300w, https:\/\/revistaepocadigital.com.ar\/wp-content\/uploads\/2019\/04\/martin-luisma-nanni-marchese-768x512.jpg 768w, https:\/\/revistaepocadigital.com.ar\/wp-content\/uploads\/2019\/04\/martin-luisma-nanni-marchese-696x464.jpg 696w, https:\/\/revistaepocadigital.com.ar\/wp-content\/uploads\/2019\/04\/martin-luisma-nanni-marchese-630x420.jpg 630w, https:\/\/revistaepocadigital.com.ar\/wp-content\/uploads\/2019\/04\/martin-luisma-nanni-marchese.jpg 960w\" sizes=\"auto, (max-width: 300px) 100vw, 300px\" \/><figcaption id=\"caption-attachment-2240\" class=\"wp-caption-text\">Oscar Gianfelice, Diego Nanni, Luisma Martin, Paul Nosdeo y Hugo Giordano en un acto en el hospital (Foto gentileza Marchese).<\/figcaption><\/figure>\n<p><strong>-M\u00e1s alla de las dos preguntas anteriores, y la evoluci\u00f3n de ambas alternativas mencionadas y a esta altura del devenir pol\u00edtico; \u00bfcompetir\u00e1 en las elecciones en Exaltaci\u00f3n de la Cruz?<\/strong><br \/>\n<em>-Como dije anteriormente, participo de las reuniones menciondas y sigo manteniendo intactas las mismas ganas que en el 2015, convencido que se pueden hacer las cosas de otra manera, principalmente al lado de los problemas de la gente, tal cual lo hice en mi paso como administrador del hospital y como Secretario de Gobierno. Veremos, en caso que no podamos lograr unidad, como se van desenvolviendo el armado de los diferentes frentes<\/em>.<\/p>\n<p><strong>EL MOMENTO DEL HOSPITAL LUEGO DE LOS NI\u00d1OS FALLECIDOS<\/strong><\/p>\n<p><strong>-Que an\u00e1lisis puede efectuar, considerando su experiencia como administrador del Hospital San Jos\u00e9 y luego como secretario de gobierno, los dos lamentables hechos sucedidos en el hospital, en los que fallecio una ni\u00f1a de 5 a\u00f1os y naci\u00f3 sin vida un beb\u00e9.<\/strong><br \/>\n<em>-Cuando fallece una persona siempre uno se queda con la sensaci\u00f3n de &#8220;que m\u00e1s pude haber hecho&#8221; para evitarlo. M\u00e1s en el caso de ni\u00f1os. Han sido dos casos muy lamentables, desconozco los pormenores de cada uno como para dar una opini\u00f3n, pero claramente debe darse intervenci\u00f3n a la justicia y realizar la presentaci\u00f3n correspondientes al colegio de m\u00e9dicos: desde ya, acompa\u00f1o a las familias en tan dif\u00edciles momentos que les tocan atravesar.<\/em><\/p>\n<p><strong>-\u00bfC\u00f3mo considera el actual funcionamiento del hospital?<\/strong><br \/>\n<em>-En su momento hice hincapi\u00e9 en que hacer tantos cambios juntos en el sistema de salud; secretario del \u00e1rea, director m\u00e9dico, administrador, coordinadores de Caps, era riesgoso. Como he expresado no conozco el d\u00eda a d\u00eda en el hospital, lo cual me impide hacer un an\u00e1lisis profundo. Lo que s\u00ed me parece bien es que hayan tomado la decisi\u00f3n de poner a una persona que sirva de nexo entre los empleados, profesionales y el vecino: evidentemente han entendido que Maria Luz Bozzani es la persona indicada. Ha mostrado <\/em><em>tener gestion y personalidad, elementos fundamentales para poder reencaminar el rumbo.<\/em><\/p>\n<p>Foto portada: gentileza Paul Nosdeo.<\/p>\n","protected":false},"excerpt":{"rendered":"<p>EN ACCI\u00d3N.<\/p>\n","protected":false},"author":4,"featured_media":2239,"comment_status":"open","ping_status":"open","sticky":false,"template":"","format":"standard","meta":{"footnotes":"","jetpack_publicize_message":"","jetpack_publicize_feature_enabled":true,"jetpack_social_post_already_shared":false,"jetpack_social_options":{"image_generator_settings":{"template":"highway","default_image_id":0,"font":"","enabled":false},"version":2}},"categories":[17],"tags":[43,313,66],"class_list":["post-2236","post","type-post","status-publish","format-standard","has-post-thumbnail","hentry","category-politica","tag-elecciones","tag-martin","tag-nanni"],"jetpack_publicize_connections":[],"jetpack_featured_media_url":"https:\/\/revistaepocadigital.com.ar\/wp-content\/uploads\/2019\/04\/martin-nanni-nosdeo.jpg","jetpack_likes_enabled":true,"_links":{"self":[{"href":"https:\/\/revistaepocadigital.com.ar\/index.php?rest_route=\/wp\/v2\/posts\/2236","targetHints":{"allow":["GET"]}}],"collection":[{"href":"https:\/\/revistaepocadigital.com.ar\/index.php?rest_route=\/wp\/v2\/posts"}],"about":[{"href":"https:\/\/revistaepocadigital.com.ar\/index.php?rest_route=\/wp\/v2\/types\/post"}],"author":[{"embeddable":true,"href":"https:\/\/revistaepocadigital.com.ar\/index.php?rest_route=\/wp\/v2\/users\/4"}],"replies":[{"embeddable":true,"href":"https:\/\/revistaepocadigital.com.ar\/index.php?rest_route=%2Fwp%2Fv2%2Fcomments&post=2236"}],"version-history":[{"count":0,"href":"https:\/\/revistaepocadigital.com.ar\/index.php?rest_route=\/wp\/v2\/posts\/2236\/revisions"}],"wp:featuredmedia":[{"embeddable":true,"href":"https:\/\/revistaepocadigital.com.ar\/index.php?rest_route=\/wp\/v2\/media\/2239"}],"wp:attachment":[{"href":"https:\/\/revistaepocadigital.com.ar\/index.php?rest_route=%2Fwp%2Fv2%2Fmedia&parent=2236"}],"wp:term":[{"taxonomy":"category","embeddable":true,"href":"https:\/\/revistaepocadigital.com.ar\/index.php?rest_route=%2Fwp%2Fv2%2Fcategories&post=2236"},{"taxonomy":"post_tag","embeddable":true,"href":"https:\/\/revistaepocadigital.com.ar\/index.php?rest_route=%2Fwp%2Fv2%2Ftags&post=2236"}],"curies":[{"name":"wp","href":"https:\/\/api.w.org\/{rel}","templated":true}]}}