{"id":2242,"date":"2019-04-25T00:23:27","date_gmt":"2019-04-25T03:23:27","guid":{"rendered":"https:\/\/revistaepocadigital.com.ar\/?p=2242"},"modified":"2019-04-25T00:23:27","modified_gmt":"2019-04-25T03:23:27","slug":"memorias-de-un-pueblo-un-libro-estupendo","status":"publish","type":"post","link":"https:\/\/revistaepocadigital.com.ar\/?p=2242","title":{"rendered":"&#8220;Memorias de un Pueblo&#8221;, un libro estupendo"},"content":{"rendered":"<p><strong>UN RECORRIDO POR LA HISTORIA DE EXALTACION DE LA CRUZ.<\/strong><!--more--><\/p>\n<figure id=\"attachment_2244\" aria-describedby=\"caption-attachment-2244\" style=\"width: 439px\" class=\"wp-caption aligncenter\"><img loading=\"lazy\" decoding=\"async\" class=\"size-full wp-image-2244\" src=\"https:\/\/revistaepocadigital.com.ar\/wp-content\/uploads\/2019\/04\/libro-capilla-2.jpg\" alt=\"\" width=\"439\" height=\"237\" srcset=\"https:\/\/revistaepocadigital.com.ar\/wp-content\/uploads\/2019\/04\/libro-capilla-2.jpg 439w, https:\/\/revistaepocadigital.com.ar\/wp-content\/uploads\/2019\/04\/libro-capilla-2-300x162.jpg 300w\" sizes=\"auto, (max-width: 439px) 100vw, 439px\" \/><figcaption id=\"caption-attachment-2244\" class=\"wp-caption-text\">Los autores, Benjam\u00edn Vittori y Mat\u00edas Cuello.<\/figcaption><\/figure>\n<p>Un estupendo libro que refleja la historia de <strong>Exaltaci\u00f3n de la Cruz<\/strong> en sus m\u00e1s diversos aspectos y con un excelente material fotogr\u00e1fico y ajustada edici\u00f3n. Muy recomendable.<\/p>\n","protected":false},"excerpt":{"rendered":"<p>UN RECORRIDO POR LA HISTORIA DE EXALTACION DE LA CRUZ.<\/p>\n","protected":false},"author":4,"featured_media":2243,"comment_status":"open","ping_status":"open","sticky":false,"template":"","format":"standard","meta":{"footnotes":"","jetpack_publicize_message":"","jetpack_publicize_feature_enabled":true,"jetpack_social_post_already_shared":false,"jetpack_social_options":{"image_generator_settings":{"template":"highway","default_image_id":0,"font":"","enabled":false},"version":2}},"categories":[13],"tags":[314],"class_list":["post-2242","post","type-post","status-publish","format-standard","has-post-thumbnail","hentry","category-interes-general","tag-libro-sobre-exaltacion-de-la-cruz"],"jetpack_publicize_connections":[],"jetpack_featured_media_url":"https:\/\/revistaepocadigital.com.ar\/wp-content\/uploads\/2019\/04\/libro-capilla.jpg","jetpack_likes_enabled":true,"_links":{"self":[{"href":"https:\/\/revistaepocadigital.com.ar\/index.php?rest_route=\/wp\/v2\/posts\/2242","targetHints":{"allow":["GET"]}}],"collection":[{"href":"https:\/\/revistaepocadigital.com.ar\/index.php?rest_route=\/wp\/v2\/posts"}],"about":[{"href":"https:\/\/revistaepocadigital.com.ar\/index.php?rest_route=\/wp\/v2\/types\/post"}],"author":[{"embeddable":true,"href":"https:\/\/revistaepocadigital.com.ar\/index.php?rest_route=\/wp\/v2\/users\/4"}],"replies":[{"embeddable":true,"href":"https:\/\/revistaepocadigital.com.ar\/index.php?rest_route=%2Fwp%2Fv2%2Fcomments&post=2242"}],"version-history":[{"count":0,"href":"https:\/\/revistaepocadigital.com.ar\/index.php?rest_route=\/wp\/v2\/posts\/2242\/revisions"}],"wp:featuredmedia":[{"embeddable":true,"href":"https:\/\/revistaepocadigital.com.ar\/index.php?rest_route=\/wp\/v2\/media\/2243"}],"wp:attachment":[{"href":"https:\/\/revistaepocadigital.com.ar\/index.php?rest_route=%2Fwp%2Fv2%2Fmedia&parent=2242"}],"wp:term":[{"taxonomy":"category","embeddable":true,"href":"https:\/\/revistaepocadigital.com.ar\/index.php?rest_route=%2Fwp%2Fv2%2Fcategories&post=2242"},{"taxonomy":"post_tag","embeddable":true,"href":"https:\/\/revistaepocadigital.com.ar\/index.php?rest_route=%2Fwp%2Fv2%2Ftags&post=2242"}],"curies":[{"name":"wp","href":"https:\/\/api.w.org\/{rel}","templated":true}]}}