{"id":22432,"date":"2023-09-26T00:34:11","date_gmt":"2023-09-26T03:34:11","guid":{"rendered":"https:\/\/revistaepocadigital.com.ar\/?p=22432"},"modified":"2023-09-29T01:00:36","modified_gmt":"2023-09-29T04:00:36","slug":"son-unos-leones","status":"publish","type":"post","link":"https:\/\/revistaepocadigital.com.ar\/?p=22432","title":{"rendered":"SON UNOS LEONES"},"content":{"rendered":"<p><strong>UNA TRAYECTORIA QUE ATRAVIESA MUCHOS A\u00d1OS, Y JUNTO A LOS VECINOS<\/strong>.<\/p>\n<p>PREMIOS LE\u00d3N. TAMBI\u00c9N SE VIENE LA NOCHE DE LOS JUEGOS LEON\u00cdSTICA Y ASUMI\u00d3 LA NUEVA CONDUCCI\u00d3N.<!--more--><\/p>\n<p>Se trata del<strong> Club de Leones Capilla<\/strong>, entre las entidades mas reconocidas en el distrito. Una muestra m\u00e1s de su inserci\u00f3n, es la entrega anual de los Premios Le\u00f3n otorgados a representantes de distintos sectores durante los festejos patronales.<\/p>\n<p>Este a\u00f1o fueron reconocidos:<\/p>\n<p><strong>Premio Le\u00f3n a la Trayectoria deportiva:<\/strong><\/p>\n<p><img loading=\"lazy\" decoding=\"async\" class=\"alignleft size-medium wp-image-22476\" src=\"https:\/\/revistaepocadigital.com.ar\/wp-content\/uploads\/2023\/09\/LEONES-PREMIOS.14-23-300x247.jpg\" alt=\"\" width=\"300\" height=\"247\" srcset=\"https:\/\/revistaepocadigital.com.ar\/wp-content\/uploads\/2023\/09\/LEONES-PREMIOS.14-23-300x247.jpg 300w, https:\/\/revistaepocadigital.com.ar\/wp-content\/uploads\/2023\/09\/LEONES-PREMIOS.14-23-768x631.jpg 768w, https:\/\/revistaepocadigital.com.ar\/wp-content\/uploads\/2023\/09\/LEONES-PREMIOS.14-23-696x572.jpg 696w, https:\/\/revistaepocadigital.com.ar\/wp-content\/uploads\/2023\/09\/LEONES-PREMIOS.14-23-1068x878.jpg 1068w, https:\/\/revistaepocadigital.com.ar\/wp-content\/uploads\/2023\/09\/LEONES-PREMIOS.14-23-511x420.jpg 511w, https:\/\/revistaepocadigital.com.ar\/wp-content\/uploads\/2023\/09\/LEONES-PREMIOS.14-23-1022x840.jpg 1022w, https:\/\/revistaepocadigital.com.ar\/wp-content\/uploads\/2023\/09\/LEONES-PREMIOS.14-23.jpg 1080w\" sizes=\"auto, (max-width: 300px) 100vw, 300px\" \/><\/p>\n<p>&nbsp;<\/p>\n<p><strong>Carlos \u201cCharly\u201d Mart\u00ednez<\/strong>. 52 a\u00f1os representando en atletismo a Exaltaci\u00f3n de la Cruz.<\/p>\n<p>&nbsp;<\/p>\n<p>&nbsp;<\/p>\n<p>&nbsp;<\/p>\n<p><strong>Premio Le\u00f3n a la Revelaci\u00f3n Deportiva<\/strong>:<\/p>\n<p><strong>Augusto Sanz<\/strong>. Por su destacada labor en el Rally Dakar 2022\/2023; como navegante de un piloto espa\u00f1ol, arribaron 12dos. en la clasificaci\u00f3n general de su categor\u00eda.<\/p>\n<p><strong>Premio Le\u00f3n al Deportista del A\u00f1o:<\/strong><\/p>\n<p><strong>Natali Balige.<\/strong> Por su desempe\u00f1o como capitana del equipo argentino de tenis en el campeonato mundial por equipos, categor\u00eda 30 a 35 a\u00f1os, disputado en Turqu\u00eda. Actualmente es n\u00famero 20 del ranking mundial y n\u00famero 1 del ranking nacional en la categor\u00eda 30 a 35 a\u00f1os.<\/p>\n<p><strong>Premio Le\u00f3n a la Instituci\u00f3n:<\/strong><\/p>\n<p><strong>Jard\u00edn de Infantes N\u00ba 907 Rosario Vera Pe\u00f1aloza<\/strong>. Por sus 25 a\u00f1os educando a los m\u00e1s peque\u00f1os de nuestra comunidad.<\/p>\n<p><strong>Reconocimientos<\/strong>:<\/p>\n<p>Se entregaron a dos instituciones que cumplieron 30 a\u00f1os brindando servicios a la comunidad: <strong>El Jard\u00edn Maternal \u201cAbrojito\u201d y el Peque\u00f1o Hogar Exaltaci\u00f3n<\/strong>.<\/p>\n<p style=\"text-align: center;\"><strong>&#8212;&#8212;&#8212;&#8212;&#8212;&#8212;&#8211;<\/strong><\/p>\n<p style=\"text-align: center;\"><strong>LA NOCHE DE JUEGOS LEON\u00cdSTICA<\/strong><\/p>\n<p>El 14 de octubre tiene lugar uno de los eventos m\u00e1s tradicionales organizados por los Leones, la &#8220;Noche de los Juegos Leonistica\u201d. Pr\u00f3ximamente estar\u00e1n a la venta las mesas.<\/p>\n<p>La entidad por otro lado, ha lanzado el Bono Contribuci\u00f3n para recaudar fondos para sostener las Becas Terciarias y Universitarias, recibidas anualmente por alumnos exaltacruce\u00f1os.<\/p>\n<p>Para colaborar con ambas iniciativas, pod\u00e9s tomar contacto con integrantes del Club o por medio de las redes sociales de los Leones<\/p>\n<p style=\"text-align: center;\"><strong>&#8212;&#8212;&#8212;&#8212;&#8212;&#8212;&#8211;<\/strong><\/p>\n<p><strong>LA NUEVA DIRECTIVA.<\/strong><\/p>\n<p>Sus integrantes:<\/p>\n<p>Presidente: Leon Nelida del Pilar Alvarez<br \/>\nVicepresidente 1\u00ba: Leon Alejandro Barrera<br \/>\nVicepresidente 2\u00aa: Leon Soledad Puebla<br \/>\nSecretario: Leon Agustin Angel Orlando<br \/>\nTesorero: Leon Miguel Mayora<br \/>\nPresidente del Comite de Membresia: Leon Marcela Noriega<br \/>\nEncargado del Comite de Servicio y Banco Ortopedico: Leon Carlos Martinez Camejo<br \/>\nEncargado de Mercadotecnia: Leon Alejandro Barrera<br \/>\nDomador: Leon Soledad Puebla<br \/>\nTuercerrabo: Leon Ana Morales<br \/>\nAlerta Leon: Leon Emilia Velazquez<br \/>\nAsesor de Diabetes: Leon Ivan Gambra<\/p>\n<p>&nbsp;<\/p>\n","protected":false},"excerpt":{"rendered":"<p>UNA TRAYECTORIA QUE ATRAVIESA MUCHOS A\u00d1OS, Y JUNTO A LOS VECINOS. PREMIOS LE\u00d3N. TAMBI\u00c9N SE VIENE LA NOCHE DE LOS JUEGOS LEON\u00cdSTICA Y ASUMI\u00d3 LA NUEVA CONDUCCI\u00d3N.<\/p>\n","protected":false},"author":4,"featured_media":22475,"comment_status":"open","ping_status":"closed","sticky":false,"template":"","format":"standard","meta":{"footnotes":"","jetpack_publicize_message":"","jetpack_publicize_feature_enabled":true,"jetpack_social_post_already_shared":true,"jetpack_social_options":{"image_generator_settings":{"template":"highway","default_image_id":0,"font":"","enabled":false},"version":2}},"categories":[11],"tags":[2441,2474],"class_list":["post-22432","post","type-post","status-publish","format-standard","has-post-thumbnail","hentry","category-entidades","tag-14-setiembre-2023","tag-premios-leones"],"jetpack_publicize_connections":[],"jetpack_featured_media_url":"https:\/\/revistaepocadigital.com.ar\/wp-content\/uploads\/2023\/09\/LEONES-PREMIOS-14-23.jpg","jetpack_likes_enabled":true,"_links":{"self":[{"href":"https:\/\/revistaepocadigital.com.ar\/index.php?rest_route=\/wp\/v2\/posts\/22432","targetHints":{"allow":["GET"]}}],"collection":[{"href":"https:\/\/revistaepocadigital.com.ar\/index.php?rest_route=\/wp\/v2\/posts"}],"about":[{"href":"https:\/\/revistaepocadigital.com.ar\/index.php?rest_route=\/wp\/v2\/types\/post"}],"author":[{"embeddable":true,"href":"https:\/\/revistaepocadigital.com.ar\/index.php?rest_route=\/wp\/v2\/users\/4"}],"replies":[{"embeddable":true,"href":"https:\/\/revistaepocadigital.com.ar\/index.php?rest_route=%2Fwp%2Fv2%2Fcomments&post=22432"}],"version-history":[{"count":0,"href":"https:\/\/revistaepocadigital.com.ar\/index.php?rest_route=\/wp\/v2\/posts\/22432\/revisions"}],"wp:featuredmedia":[{"embeddable":true,"href":"https:\/\/revistaepocadigital.com.ar\/index.php?rest_route=\/wp\/v2\/media\/22475"}],"wp:attachment":[{"href":"https:\/\/revistaepocadigital.com.ar\/index.php?rest_route=%2Fwp%2Fv2%2Fmedia&parent=22432"}],"wp:term":[{"taxonomy":"category","embeddable":true,"href":"https:\/\/revistaepocadigital.com.ar\/index.php?rest_route=%2Fwp%2Fv2%2Fcategories&post=22432"},{"taxonomy":"post_tag","embeddable":true,"href":"https:\/\/revistaepocadigital.com.ar\/index.php?rest_route=%2Fwp%2Fv2%2Ftags&post=22432"}],"curies":[{"name":"wp","href":"https:\/\/api.w.org\/{rel}","templated":true}]}}