{"id":2246,"date":"2019-04-25T17:25:14","date_gmt":"2019-04-25T20:25:14","guid":{"rendered":"https:\/\/revistaepocadigital.com.ar\/?p=2246"},"modified":"2019-04-25T17:29:56","modified_gmt":"2019-04-25T20:29:56","slug":"enterarate-como-esta-la-situacion-economica-y-financiero-de-la-municipalidad","status":"publish","type":"post","link":"https:\/\/revistaepocadigital.com.ar\/?p=2246","title":{"rendered":"Enterarate como est\u00e1 la situaci\u00f3n econ\u00f3mica y financiero de la municipalidad"},"content":{"rendered":"<p><strong>QUE TEMA, \u00bfNO?.<\/strong><!--more--><\/p>\n<p>Ha sabido generar especulaciones y conjeturas, y hasta de por s\u00ed sabe llevar a funcionarios de la comuna a hablar de una cuesti\u00f3n central. Ahora el municipio ha difundido la informaci\u00f3n, vinculada a que aquel que desea conocer el estado de los<strong> n\u00fameros<\/strong>, puede hacerlo.<\/p>\n<p><img loading=\"lazy\" decoding=\"async\" class=\"aligncenter size-full wp-image-2248\" src=\"https:\/\/revistaepocadigital.com.ar\/wp-content\/uploads\/2019\/04\/MUNI-19-1.jpg\" alt=\"\" width=\"2953\" height=\"1654\" srcset=\"https:\/\/revistaepocadigital.com.ar\/wp-content\/uploads\/2019\/04\/MUNI-19-1.jpg 2953w, https:\/\/revistaepocadigital.com.ar\/wp-content\/uploads\/2019\/04\/MUNI-19-1-300x168.jpg 300w, https:\/\/revistaepocadigital.com.ar\/wp-content\/uploads\/2019\/04\/MUNI-19-1-768x430.jpg 768w, https:\/\/revistaepocadigital.com.ar\/wp-content\/uploads\/2019\/04\/MUNI-19-1-1024x574.jpg 1024w, https:\/\/revistaepocadigital.com.ar\/wp-content\/uploads\/2019\/04\/MUNI-19-1-696x390.jpg 696w, https:\/\/revistaepocadigital.com.ar\/wp-content\/uploads\/2019\/04\/MUNI-19-1-1068x598.jpg 1068w, https:\/\/revistaepocadigital.com.ar\/wp-content\/uploads\/2019\/04\/MUNI-19-1-750x420.jpg 750w, https:\/\/revistaepocadigital.com.ar\/wp-content\/uploads\/2019\/04\/MUNI-19-1-1500x840.jpg 1500w, https:\/\/revistaepocadigital.com.ar\/wp-content\/uploads\/2019\/04\/MUNI-19-1-1920x1075.jpg 1920w\" sizes=\"auto, (max-width: 2953px) 100vw, 2953px\" \/><\/p>\n","protected":false},"excerpt":{"rendered":"<p>QUE TEMA, \u00bfNO?.<\/p>\n","protected":false},"author":3,"featured_media":2251,"comment_status":"open","ping_status":"open","sticky":false,"template":"","format":"standard","meta":{"footnotes":"","jetpack_publicize_message":"","jetpack_publicize_feature_enabled":true,"jetpack_social_post_already_shared":false,"jetpack_social_options":{"image_generator_settings":{"template":"highway","default_image_id":0,"font":"","enabled":false},"version":2}},"categories":[4,5,13],"tags":[315],"class_list":["post-2246","post","type-post","status-publish","format-standard","has-post-thumbnail","hentry","category-aqui-los-cardales","category-aqui-parada-robles","category-interes-general","tag-estado-economico-financiero-del-municipio"],"jetpack_publicize_connections":[],"jetpack_featured_media_url":"https:\/\/revistaepocadigital.com.ar\/wp-content\/uploads\/2019\/04\/Municipalidad_de_Exaltaci\u00f3n_de_la_Cruz-1.jpg","jetpack_likes_enabled":true,"_links":{"self":[{"href":"https:\/\/revistaepocadigital.com.ar\/index.php?rest_route=\/wp\/v2\/posts\/2246","targetHints":{"allow":["GET"]}}],"collection":[{"href":"https:\/\/revistaepocadigital.com.ar\/index.php?rest_route=\/wp\/v2\/posts"}],"about":[{"href":"https:\/\/revistaepocadigital.com.ar\/index.php?rest_route=\/wp\/v2\/types\/post"}],"author":[{"embeddable":true,"href":"https:\/\/revistaepocadigital.com.ar\/index.php?rest_route=\/wp\/v2\/users\/3"}],"replies":[{"embeddable":true,"href":"https:\/\/revistaepocadigital.com.ar\/index.php?rest_route=%2Fwp%2Fv2%2Fcomments&post=2246"}],"version-history":[{"count":0,"href":"https:\/\/revistaepocadigital.com.ar\/index.php?rest_route=\/wp\/v2\/posts\/2246\/revisions"}],"wp:featuredmedia":[{"embeddable":true,"href":"https:\/\/revistaepocadigital.com.ar\/index.php?rest_route=\/wp\/v2\/media\/2251"}],"wp:attachment":[{"href":"https:\/\/revistaepocadigital.com.ar\/index.php?rest_route=%2Fwp%2Fv2%2Fmedia&parent=2246"}],"wp:term":[{"taxonomy":"category","embeddable":true,"href":"https:\/\/revistaepocadigital.com.ar\/index.php?rest_route=%2Fwp%2Fv2%2Fcategories&post=2246"},{"taxonomy":"post_tag","embeddable":true,"href":"https:\/\/revistaepocadigital.com.ar\/index.php?rest_route=%2Fwp%2Fv2%2Ftags&post=2246"}],"curies":[{"name":"wp","href":"https:\/\/api.w.org\/{rel}","templated":true}]}}