{"id":22484,"date":"2023-09-26T23:33:43","date_gmt":"2023-09-27T02:33:43","guid":{"rendered":"https:\/\/revistaepocadigital.com.ar\/?p=22484"},"modified":"2023-09-28T01:14:31","modified_gmt":"2023-09-28T04:14:31","slug":"por-la-copa-davis-argentina-paso-a-lituania-y-avanzo-a-la-liga-mayor","status":"publish","type":"post","link":"https:\/\/revistaepocadigital.com.ar\/?p=22484","title":{"rendered":"POR LA COPA DAVIS, ARGENTINA PAS\u00d3 A LITUANIA Y AVANZ\u00d3 A LA &#8220;LIGA MAYOR&#8221;"},"content":{"rendered":"<p>&nbsp;<\/p>\n<p><strong>EN EL BUENOS AIRES LAWN TENIS<\/strong>.<!--more--><\/p>\n<p>La Argentina, con el peso de la mayor jerarqu\u00eda de sus tenistas, se adjudic\u00f3 la serie de Copa Davis frente a Lituania tras el irremontable 3-0 en la eliminatoria al mejor de cinco puntos, que se concret\u00f3 con el triunfo en dobles de Andr\u00e9s Molteni y M\u00e1ximo Gonz\u00e1lez sobre Tadas Babalis y Edas Butvilas por un c\u00f3modo 6-4 y 6-3.<\/p>\n<p>Con la victoria consumada en la cancha central del Buenos Aires Lawn Tennis Club por los &#8220;top ten&#8221; Molteni (9) y &#8220;Machi&#8221; Gonz\u00e1lez (10), la <strong>Argentina alcanz\u00f3 el objetivo que era avanzar a los Qualifiers de 2024, es decir a la instancia previa a las Finales en la que compiten los pa\u00edses de elite.<\/strong><\/p>\n<figure id=\"attachment_22487\" aria-describedby=\"caption-attachment-22487\" style=\"width: 484px\" class=\"wp-caption alignleft\"><img loading=\"lazy\" decoding=\"async\" class=\"size-full wp-image-22487\" src=\"https:\/\/revistaepocadigital.com.ar\/wp-content\/uploads\/2023\/09\/davis-23-baez-micheli-2.jpg\" alt=\"\" width=\"484\" height=\"326\" srcset=\"https:\/\/revistaepocadigital.com.ar\/wp-content\/uploads\/2023\/09\/davis-23-baez-micheli-2.jpg 484w, https:\/\/revistaepocadigital.com.ar\/wp-content\/uploads\/2023\/09\/davis-23-baez-micheli-2-300x202.jpg 300w\" sizes=\"auto, (max-width: 484px) 100vw, 484px\" \/><figcaption id=\"caption-attachment-22487\" class=\"wp-caption-text\">Sebasti\u00e1n Baez, hizo muy bien lo suyo en un a\u00f1o en gran ascenso personal.<\/figcaption><\/figure>\n<p>&nbsp;<\/p>\n<p>&nbsp;<\/p>\n<p>&nbsp;<\/p>\n<p>&nbsp;<\/p>\n<p>&nbsp;<\/p>\n<p>&nbsp;<\/p>\n<p>&nbsp;<\/p>\n<p><img loading=\"lazy\" decoding=\"async\" class=\"alignright size-full wp-image-22492\" src=\"https:\/\/revistaepocadigital.com.ar\/wp-content\/uploads\/2023\/09\/DAVIS-CORIA-23.jpg\" alt=\"\" width=\"526\" height=\"400\" srcset=\"https:\/\/revistaepocadigital.com.ar\/wp-content\/uploads\/2023\/09\/DAVIS-CORIA-23.jpg 526w, https:\/\/revistaepocadigital.com.ar\/wp-content\/uploads\/2023\/09\/DAVIS-CORIA-23-300x228.jpg 300w, https:\/\/revistaepocadigital.com.ar\/wp-content\/uploads\/2023\/09\/DAVIS-CORIA-23-80x60.jpg 80w\" sizes=\"auto, (max-width: 526px) 100vw, 526px\" \/><\/p>\n<p>&nbsp;<\/p>\n<p>&nbsp;<\/p>\n<p>&nbsp;<\/p>\n<p>&nbsp;<\/p>\n<p>&nbsp;<\/p>\n<p>&nbsp;<\/p>\n<p>&nbsp;<\/p>\n<p>&nbsp;<\/p>\n<p><em>\u00a0 \u00a0 \u00a0 \u00a0 \u00a0 El gran Mago Coria, brillante ex tenista argentino. Capit\u00e1n del equipo de Copa Davis.<\/em><\/p>\n<p><img loading=\"lazy\" decoding=\"async\" class=\"aligncenter size-full wp-image-22491\" src=\"https:\/\/revistaepocadigital.com.ar\/wp-content\/uploads\/2023\/09\/davis-23-s-mianovic.jpg\" alt=\"\" width=\"443\" height=\"494\" srcset=\"https:\/\/revistaepocadigital.com.ar\/wp-content\/uploads\/2023\/09\/davis-23-s-mianovic.jpg 443w, https:\/\/revistaepocadigital.com.ar\/wp-content\/uploads\/2023\/09\/davis-23-s-mianovic-269x300.jpg 269w, https:\/\/revistaepocadigital.com.ar\/wp-content\/uploads\/2023\/09\/davis-23-s-mianovic-377x420.jpg 377w\" sizes=\"auto, (max-width: 443px) 100vw, 443px\" \/><\/p>\n<p><em>Sandra Mihanovich, cant\u00f3 el Himno Nacional<\/em><\/p>\n<p><img loading=\"lazy\" decoding=\"async\" class=\"aligncenter size-full wp-image-22490\" src=\"https:\/\/revistaepocadigital.com.ar\/wp-content\/uploads\/2023\/09\/davis-23-renaul.jpg\" alt=\"\" width=\"462\" height=\"219\" srcset=\"https:\/\/revistaepocadigital.com.ar\/wp-content\/uploads\/2023\/09\/davis-23-renaul.jpg 462w, https:\/\/revistaepocadigital.com.ar\/wp-content\/uploads\/2023\/09\/davis-23-renaul-300x142.jpg 300w\" sizes=\"auto, (max-width: 462px) 100vw, 462px\" \/><\/p>\n<p><em>Como en cada edici\u00f3n de la Davis o torneos importantes, grandes empresas presentes como el caso de la automotriz Renault. Expuso el nuevo Megane el\u00e9ctrico.<\/em><\/p>\n<p><img loading=\"lazy\" decoding=\"async\" class=\"alignleft size-medium wp-image-22488\" src=\"https:\/\/revistaepocadigital.com.ar\/wp-content\/uploads\/2023\/09\/davis-23-epoca-238x300.jpeg\" alt=\"\" width=\"238\" height=\"300\" srcset=\"https:\/\/revistaepocadigital.com.ar\/wp-content\/uploads\/2023\/09\/davis-23-epoca-238x300.jpeg 238w, https:\/\/revistaepocadigital.com.ar\/wp-content\/uploads\/2023\/09\/davis-23-epoca-952x1200.jpeg 952w, https:\/\/revistaepocadigital.com.ar\/wp-content\/uploads\/2023\/09\/davis-23-epoca-768x969.jpeg 768w, https:\/\/revistaepocadigital.com.ar\/wp-content\/uploads\/2023\/09\/davis-23-epoca-696x878.jpeg 696w, https:\/\/revistaepocadigital.com.ar\/wp-content\/uploads\/2023\/09\/davis-23-epoca-1068x1347.jpeg 1068w, https:\/\/revistaepocadigital.com.ar\/wp-content\/uploads\/2023\/09\/davis-23-epoca-333x420.jpeg 333w, https:\/\/revistaepocadigital.com.ar\/wp-content\/uploads\/2023\/09\/davis-23-epoca-666x840.jpeg 666w, https:\/\/revistaepocadigital.com.ar\/wp-content\/uploads\/2023\/09\/davis-23-epoca.jpeg 1080w\" sizes=\"auto, (max-width: 238px) 100vw, 238px\" \/><\/p>\n<p><em>No falt\u00f3 el color en el Buenos Aires, en este espacio se mostr\u00f3 el tenis de anta\u00f1o.<\/em><\/p>\n<p>&nbsp;<\/p>\n<p>La pareja argentina, campeona este a\u00f1o en cinco torneos, el C\u00f3rdoba Open, R\u00edo de Janeiro, el Conde de God\u00f3 en Barcelona, Washington y el Masters 1000 de Cincinnati,\u00a0<strong>cerr\u00f3 la serie y desat\u00f3 los festejos de un triunfo que hab\u00eda comenzado a edificarse el d\u00eda antes. El<\/strong><strong> equipo argentino capitaneado por el Mago Guillermo Coria lleg\u00f3 al domingo con una ventaja que se presum\u00eda decisiva, luego de las victorias logradas el s\u00e1bado por Francisco Cer\u00fandolo<\/strong> (21) sobre el juvenil Vilius Gaubas (476), de 18 a\u00f1os, por 6-1, 6-7 (6-8) y 6-2, y de Sebasti\u00e1n B\u00e1ez (28) ante el experimentado Ricardas Berankis (231), de 33 a\u00f1os, por 7-6 (8-6), 5-7 y 6-3<\/p>\n<p>&nbsp;<\/p>\n<p>Fotos: Juan Mar\u00eda De Michelis (especial para EPOCA)<\/p>\n","protected":false},"excerpt":{"rendered":"<p>&nbsp; EN EL BUENOS AIRES LAWN TENIS.<\/p>\n","protected":false},"author":3,"featured_media":22489,"comment_status":"open","ping_status":"closed","sticky":false,"template":"","format":"standard","meta":{"footnotes":"","jetpack_publicize_message":"","jetpack_publicize_feature_enabled":true,"jetpack_social_post_already_shared":true,"jetpack_social_options":{"image_generator_settings":{"template":"highway","default_image_id":0,"font":"","enabled":false},"version":2}},"categories":[14],"tags":[2477,2478],"class_list":["post-22484","post","type-post","status-publish","format-standard","has-post-thumbnail","hentry","category-la-gente","tag-copa-davis","tag-de-michelis"],"jetpack_publicize_connections":[],"jetpack_featured_media_url":"https:\/\/revistaepocadigital.com.ar\/wp-content\/uploads\/2023\/09\/davis-23-publi.jpg","jetpack_likes_enabled":true,"_links":{"self":[{"href":"https:\/\/revistaepocadigital.com.ar\/index.php?rest_route=\/wp\/v2\/posts\/22484","targetHints":{"allow":["GET"]}}],"collection":[{"href":"https:\/\/revistaepocadigital.com.ar\/index.php?rest_route=\/wp\/v2\/posts"}],"about":[{"href":"https:\/\/revistaepocadigital.com.ar\/index.php?rest_route=\/wp\/v2\/types\/post"}],"author":[{"embeddable":true,"href":"https:\/\/revistaepocadigital.com.ar\/index.php?rest_route=\/wp\/v2\/users\/3"}],"replies":[{"embeddable":true,"href":"https:\/\/revistaepocadigital.com.ar\/index.php?rest_route=%2Fwp%2Fv2%2Fcomments&post=22484"}],"version-history":[{"count":0,"href":"https:\/\/revistaepocadigital.com.ar\/index.php?rest_route=\/wp\/v2\/posts\/22484\/revisions"}],"wp:featuredmedia":[{"embeddable":true,"href":"https:\/\/revistaepocadigital.com.ar\/index.php?rest_route=\/wp\/v2\/media\/22489"}],"wp:attachment":[{"href":"https:\/\/revistaepocadigital.com.ar\/index.php?rest_route=%2Fwp%2Fv2%2Fmedia&parent=22484"}],"wp:term":[{"taxonomy":"category","embeddable":true,"href":"https:\/\/revistaepocadigital.com.ar\/index.php?rest_route=%2Fwp%2Fv2%2Fcategories&post=22484"},{"taxonomy":"post_tag","embeddable":true,"href":"https:\/\/revistaepocadigital.com.ar\/index.php?rest_route=%2Fwp%2Fv2%2Ftags&post=22484"}],"curies":[{"name":"wp","href":"https:\/\/api.w.org\/{rel}","templated":true}]}}