{"id":22549,"date":"2023-09-27T02:26:32","date_gmt":"2023-09-27T05:26:32","guid":{"rendered":"https:\/\/revistaepocadigital.com.ar\/?p=22549"},"modified":"2023-09-27T02:26:32","modified_gmt":"2023-09-27T05:26:32","slug":"en-robles-colocaron-uno-de-los-nuevos-tanques-para-agua-corriente","status":"publish","type":"post","link":"https:\/\/revistaepocadigital.com.ar\/?p=22549","title":{"rendered":"En Robles, colocaron uno de los nuevos tanques para agua corriente"},"content":{"rendered":"<div class=\"xjkvuk6 xuyqlj2 x1odjw0f\">\n<div class=\"xdj266r x11i5rnm xat24cr x1mh8g0r x1vvkbs\">\n<div dir=\"auto\"><strong>SE TRATA DEL AGUA.<\/strong><!--more--><\/div>\n<\/div>\n<div class=\"x11i5rnm xat24cr x1mh8g0r x1vvkbs xtlvy1s\">\n<div dir=\"auto\"><\/div>\n<div dir=\"auto\">Instalaron en Parada Robles, el primero de los cinco tanques de agua, que forman parte se inform\u00f3 desde el municipio, del plan de fortalecimiento de las redes de agua corriente, con nuevas perforaciones.<\/div>\n<\/div>\n<div class=\"x11i5rnm xat24cr x1mh8g0r x1vvkbs xtlvy1s\">\n<div dir=\"auto\"><\/div>\n<div dir=\"auto\">La capacidad de dicho tanque es de 30.000 litros, y fue colocado en el Barrio Arturo Mateo, de Parada Robles; <em>&#8220;el objetivo es mejorar el servicio de agua corriente y as\u00ed, la calidad de vida de nuestros vecinos, sobre todo en \u00e9poca estival&#8221;<\/em>, hicieron saber desde la comuna. Estuvieron el intendente Diego Nanni, candidatos a concejales de Uni\u00f3n por la Patria para las elecciones en octubre, funcionarios municipales, representantes de la empresa y vecinos.<\/div>\n<div dir=\"auto\">\n<figure id=\"attachment_22551\" aria-describedby=\"caption-attachment-22551\" style=\"width: 696px\" class=\"wp-caption aligncenter\"><img loading=\"lazy\" decoding=\"async\" class=\"size-large wp-image-22551\" src=\"https:\/\/revistaepocadigital.com.ar\/wp-content\/uploads\/2023\/09\/nanni-agua-cte23-1200x753.jpg\" alt=\"\" width=\"696\" height=\"437\" srcset=\"https:\/\/revistaepocadigital.com.ar\/wp-content\/uploads\/2023\/09\/nanni-agua-cte23-1200x753.jpg 1200w, https:\/\/revistaepocadigital.com.ar\/wp-content\/uploads\/2023\/09\/nanni-agua-cte23-300x188.jpg 300w, https:\/\/revistaepocadigital.com.ar\/wp-content\/uploads\/2023\/09\/nanni-agua-cte23-768x482.jpg 768w, https:\/\/revistaepocadigital.com.ar\/wp-content\/uploads\/2023\/09\/nanni-agua-cte23-696x437.jpg 696w, https:\/\/revistaepocadigital.com.ar\/wp-content\/uploads\/2023\/09\/nanni-agua-cte23-1068x670.jpg 1068w, https:\/\/revistaepocadigital.com.ar\/wp-content\/uploads\/2023\/09\/nanni-agua-cte23-669x420.jpg 669w, https:\/\/revistaepocadigital.com.ar\/wp-content\/uploads\/2023\/09\/nanni-agua-cte23.jpg 1308w\" sizes=\"auto, (max-width: 696px) 100vw, 696px\" \/><figcaption id=\"caption-attachment-22551\" class=\"wp-caption-text\">Nanni, los candidatos a concejales Luis Mariano Mart\u00edn, Norma Santill\u00e1n, representantes de la empresa, observan la colocaci\u00f3n del tanque para agua corriente.<\/figcaption><\/figure>\n<\/div>\n<\/div>\n<\/div>\n<div dir=\"auto\"><span style=\"color: #222222; font-size: 15px;\">El proyecto prev\u00e9 una inversi\u00f3n de m\u00e1s de 250 millones de pesos, y est\u00e1 destinada a fortalecer el suministro de agua, con nuevas perforaciones y tanques con mayor capacidad, como una forma de tomar prevenciones en relaci\u00f3n al constante crecimiento demogr\u00e1fico notado en el distrito, mencion\u00e1ndose en tal sentido, el Barrio La Loma de Capilla del Se\u00f1or, Barrio Mar\u00edn, Arroyo de la Cruz y Barrio Independencia. La obra se realiza a trav\u00e9s del programa Argentina Hace del ENHOSA, con la pretensi\u00f3n de mejorar servicios esenciales, en gran parte del partido.<\/span><\/div>\n<p>&nbsp;<\/p>\n","protected":false},"excerpt":{"rendered":"<p>SE TRATA DEL AGUA.<\/p>\n","protected":false},"author":3,"featured_media":22550,"comment_status":"open","ping_status":"closed","sticky":false,"template":"","format":"standard","meta":{"footnotes":"","jetpack_publicize_message":"","jetpack_publicize_feature_enabled":true,"jetpack_social_post_already_shared":true,"jetpack_social_options":{"image_generator_settings":{"template":"highway","default_image_id":0,"font":"","enabled":false},"version":2}},"categories":[5],"tags":[2152,2486,201],"class_list":["post-22549","post","type-post","status-publish","format-standard","has-post-thumbnail","hentry","category-aqui-parada-robles","tag-2152","tag-agua-corriente","tag-robles"],"jetpack_publicize_connections":[],"jetpack_featured_media_url":"https:\/\/revistaepocadigital.com.ar\/wp-content\/uploads\/2023\/09\/robles-agua-cte23.jpeg","jetpack_likes_enabled":true,"_links":{"self":[{"href":"https:\/\/revistaepocadigital.com.ar\/index.php?rest_route=\/wp\/v2\/posts\/22549","targetHints":{"allow":["GET"]}}],"collection":[{"href":"https:\/\/revistaepocadigital.com.ar\/index.php?rest_route=\/wp\/v2\/posts"}],"about":[{"href":"https:\/\/revistaepocadigital.com.ar\/index.php?rest_route=\/wp\/v2\/types\/post"}],"author":[{"embeddable":true,"href":"https:\/\/revistaepocadigital.com.ar\/index.php?rest_route=\/wp\/v2\/users\/3"}],"replies":[{"embeddable":true,"href":"https:\/\/revistaepocadigital.com.ar\/index.php?rest_route=%2Fwp%2Fv2%2Fcomments&post=22549"}],"version-history":[{"count":0,"href":"https:\/\/revistaepocadigital.com.ar\/index.php?rest_route=\/wp\/v2\/posts\/22549\/revisions"}],"wp:featuredmedia":[{"embeddable":true,"href":"https:\/\/revistaepocadigital.com.ar\/index.php?rest_route=\/wp\/v2\/media\/22550"}],"wp:attachment":[{"href":"https:\/\/revistaepocadigital.com.ar\/index.php?rest_route=%2Fwp%2Fv2%2Fmedia&parent=22549"}],"wp:term":[{"taxonomy":"category","embeddable":true,"href":"https:\/\/revistaepocadigital.com.ar\/index.php?rest_route=%2Fwp%2Fv2%2Fcategories&post=22549"},{"taxonomy":"post_tag","embeddable":true,"href":"https:\/\/revistaepocadigital.com.ar\/index.php?rest_route=%2Fwp%2Fv2%2Ftags&post=22549"}],"curies":[{"name":"wp","href":"https:\/\/api.w.org\/{rel}","templated":true}]}}