{"id":22553,"date":"2023-09-28T03:00:48","date_gmt":"2023-09-28T06:00:48","guid":{"rendered":"https:\/\/revistaepocadigital.com.ar\/?p=22553"},"modified":"2023-09-29T00:27:27","modified_gmt":"2023-09-29T03:27:27","slug":"premiados-en-los-masivos-festejos-patronales-que-seran-recordados","status":"publish","type":"post","link":"https:\/\/revistaepocadigital.com.ar\/?p=22553","title":{"rendered":"Premiados en los masivos festejos patronales que ser\u00e1n recordados"},"content":{"rendered":"<p><strong>Y POR MUCHO TIEMPO LOS FESTEJOS DE 2023.<\/strong><!--more--><\/p>\n<p>La celebraci\u00f3n m\u00e1s arraigada e importante que tiene lugar cada 14 de Septiembre, este a\u00f1o, extendida al d\u00eda siguiente 15, alcanz\u00f3 un significado especial ante el marco multitudinario visto en el epicentro que fue la Plaza San Mart\u00edn de Capilla del Se\u00f1or, y en el resto de la ciudad.<\/p>\n<p>Todo en un contexto que pocos acaso han resaltado como es debido,<strong> fue una fiesta en paz, tranquilidad, y sin ninguna clase de sobresaltos o disturbios<\/strong> que suelen ser frecuentes lamentablemente en el pa\u00eds, en eventos donde se congrega mucha asistencia. El <strong>secretario de seguridad Juan Boubeta<\/strong> remarc\u00f3 que &#8220;n<em>o se produjeron problemas ni desorden alguno, solo alg\u00fan problema que no pas\u00f3 a mayores como por ejemplo, cuando en la madrugada del d\u00eda 16, un sujeto rob\u00f3 un ciclomotor, pero fue detenido poco despu\u00e9s&#8221;. &#8220;A su vez<\/em> -agreg\u00f3- hubo<em> personas que quisieron ingresar a la plaza con bebidas alcoh\u00f3licas, algo que estaba prohibido; la polic\u00eda debi\u00f3 actuar, unos pudieron molestarse pero tampoco gener\u00f3 mayores consecuencias&#8221;.<\/em><\/p>\n<p>Valdr\u00e1 la pena resaltar el clima festivo y familiar y en calma, vivido y disfrutado en la Plaza San Mart\u00edn, donde se reunieron vecinos del distrito y gran cantidad de visitantes de otros lugares, arribados en veh\u00edculos que colapsaron las calles o colectivos, cuyos servicios fueron reforzados. Seg\u00fan el c\u00e1lculo del secretario de seguridad, acaso demasiado optimista, hubo unas 10 mil personas el 14 de Septiembre y desbord\u00f3 la Plaza San Mart\u00edn con alrededor de 30 mil almas al d\u00eda siguiente, en especial por la noche en el cierre de los festejos con la presentaci\u00f3n del popular grupo <strong>Los Palmeras,<\/strong> que brindaron un gran show extendido durante una hora y media.<\/p>\n<figure id=\"attachment_22587\" aria-describedby=\"caption-attachment-22587\" style=\"width: 550px\" class=\"wp-caption aligncenter\"><img loading=\"lazy\" decoding=\"async\" class=\"size-full wp-image-22587\" src=\"https:\/\/revistaepocadigital.com.ar\/wp-content\/uploads\/2023\/09\/14-set-palmeraa.jpg\" alt=\"\" width=\"550\" height=\"366\" srcset=\"https:\/\/revistaepocadigital.com.ar\/wp-content\/uploads\/2023\/09\/14-set-palmeraa.jpg 550w, https:\/\/revistaepocadigital.com.ar\/wp-content\/uploads\/2023\/09\/14-set-palmeraa-300x200.jpg 300w\" sizes=\"auto, (max-width: 550px) 100vw, 550px\" \/><figcaption id=\"caption-attachment-22587\" class=\"wp-caption-text\">Los Palmeras. Hicieron cantar y bailar a una plaza repleta.<\/figcaption><\/figure>\n<p><strong>El pueblo exaltacrucense dio una muestra m\u00e1s para sentirse orgulloso de si mismo.<\/strong><\/p>\n<p><strong>LOS PREMIOS\u00a0PREMIOS INTENDENTE DIEGO NANNI 2023<\/strong><\/p>\n<p>Como ocurre en cada festejo patronal, son entregados premios a deportistas locales, vecinos, instituciones, comercios, entre otros, destacados a lo largo del a\u00f1o. A saber:<\/p>\n<p><em><strong>Deportes.<\/strong><\/em><\/p>\n<p><strong>Kickboxing<\/strong><br \/>\nFueron reconocidos por sus desempe\u00f1o en 2023:<br \/>\nLemuel Nassivera<br \/>\nRita Gonzalez.<br \/>\nCristian Alga\u00f1araz.<br \/>\nElias Paiz.<br \/>\nLucia Salcedo<br \/>\nFranco \u00c1lvarez<br \/>\nBrisa Contreras<br \/>\nBrisa Nolasco.<br \/>\nAyrton L\u00f3pez.<\/p>\n<p><strong>Boxeo<\/strong><br \/>\nEl reconocimiento por su labor 2023 a Alan Boncompagni<\/p>\n<p><strong>B\u00e1squet<\/strong><\/p>\n<p><img loading=\"lazy\" decoding=\"async\" class=\"size-full wp-image-22613\" src=\"https:\/\/revistaepocadigital.com.ar\/wp-content\/uploads\/2023\/09\/14-set-bocca.jpg\" alt=\"\" width=\"307\" height=\"370\" srcset=\"https:\/\/revistaepocadigital.com.ar\/wp-content\/uploads\/2023\/09\/14-set-bocca.jpg 307w, https:\/\/revistaepocadigital.com.ar\/wp-content\/uploads\/2023\/09\/14-set-bocca-249x300.jpg 249w\" sizes=\"auto, (max-width: 307px) 100vw, 307px\" \/><\/p>\n<h6><em>Juan Bocca, el pibe capillense integr\u00f3<\/em><br \/>\n<em>y se hizo notar en el seleccionado argentino<\/em><br \/>\n<em> juvenil que jug\u00f3 el Mundial<\/em><\/h6>\n<p>Reconocimiento 2023 a:<br \/>\nTobias Albarenque.<br \/>\nLucas Unhold.<br \/>\nJuan Bocca.<br \/>\nSebasti\u00e1n Gasp\u00e9.<br \/>\nLos Tigres.<\/p>\n<p><strong>Gamer ( juegos en l\u00ednea)<\/strong><br \/>\nEl reconocido 2023 fue Mat\u00edas Balduzzi<\/p>\n<p><strong>F\u00fatbol<\/strong><br \/>\nReconocimiento a los jugadores 2023:<br \/>\nMauro Alarcon.<br \/>\nVera Borda Juan Cruz.<br \/>\nJuan Ponce.<\/p>\n<figure id=\"attachment_22606\" aria-describedby=\"caption-attachment-22606\" style=\"width: 390px\" class=\"wp-caption alignleft\"><img loading=\"lazy\" decoding=\"async\" class=\"size-full wp-image-22606\" src=\"https:\/\/revistaepocadigital.com.ar\/wp-content\/uploads\/2023\/09\/14-set-maiola.jpg\" alt=\"\" width=\"390\" height=\"469\" srcset=\"https:\/\/revistaepocadigital.com.ar\/wp-content\/uploads\/2023\/09\/14-set-maiola.jpg 390w, https:\/\/revistaepocadigital.com.ar\/wp-content\/uploads\/2023\/09\/14-set-maiola-249x300.jpg 249w, https:\/\/revistaepocadigital.com.ar\/wp-content\/uploads\/2023\/09\/14-set-maiola-349x420.jpg 349w\" sizes=\"auto, (max-width: 390px) 100vw, 390px\" \/><figcaption id=\"caption-attachment-22606\" class=\"wp-caption-text\">Un gran m\u00e9dico neur\u00f3logo, un gran ser humano. El Dr. Ricardo Maiola, tambi\u00e9n recibi\u00f3 su distinci\u00f3n de manos de Nanni.<\/figcaption><\/figure>\n<p>&nbsp;<\/p>\n<p>&nbsp;<\/p>\n<p>&nbsp;<\/p>\n<p>&nbsp;<\/p>\n<p>&nbsp;<\/p>\n<p>&nbsp;<\/p>\n<p>&nbsp;<\/p>\n<p>&nbsp;<\/p>\n<p>&nbsp;<\/p>\n<p>&nbsp;<\/p>\n<p>&nbsp;<\/p>\n<p><strong>Reconocimiento por la trayectoria deportiva<\/strong><br \/>\nSantiago Davio (DT, condujo al ascenso a Primera Nacional a Defensores Unidos de Z\u00e1rate)<br \/>\nMariano Tribulo.<\/p>\n<p><strong>Tenis<\/strong><br \/>\nReconocimiento 2023 a Natal\u00ed Balige, integrante del seleccionado argentino de tenis +30, subcampeona del mundo en su categor\u00eda<\/p>\n<p><strong>Automovilismo<\/strong><br \/>\nReconocimiento por las actuaciones a:<\/p>\n<figure id=\"attachment_22607\" aria-describedby=\"caption-attachment-22607\" style=\"width: 285px\" class=\"wp-caption alignleft\"><img loading=\"lazy\" decoding=\"async\" class=\"size-full wp-image-22607\" src=\"https:\/\/revistaepocadigital.com.ar\/wp-content\/uploads\/2023\/09\/14-set-diamante-e-h-ijo.jpg\" alt=\"\" width=\"285\" height=\"305\" srcset=\"https:\/\/revistaepocadigital.com.ar\/wp-content\/uploads\/2023\/09\/14-set-diamante-e-h-ijo.jpg 285w, https:\/\/revistaepocadigital.com.ar\/wp-content\/uploads\/2023\/09\/14-set-diamante-e-h-ijo-280x300.jpg 280w\" sizes=\"auto, (max-width: 285px) 100vw, 285px\" \/><figcaption id=\"caption-attachment-22607\" class=\"wp-caption-text\">Diamante, campe\u00f3n de TC Regional y su hijito quien ya corre en karting. Destacados por el intendente.<\/figcaption><\/figure>\n<p><span style=\"font-size: 15px; color: #222222;\">Augusto Sanz, de estupenda labor como navegante en el Rally Dakar 2023 en Arabia.<\/span><br \/>\nValerio Diamante. Consagrado nuevamente campe\u00f3n de TC Regional Clase\u00a0 A.<br \/>\nValentino Diamante (el jovencito iniciado en karting con triunfos inclu\u00eddos).<br \/>\nJuan Benedetti (uno de los protagonistas de la Clase 3 de Turismo Pista)<\/p>\n<p>&nbsp;<\/p>\n<p>&nbsp;<\/p>\n<p>&nbsp;<\/p>\n<p>&nbsp;<\/p>\n<p><strong>Pat\u00edn<\/strong><br \/>\nReconocimiento por la labor 2023 a:<br \/>\nJulieta Basabe.<br \/>\nAlmendra Foa.<br \/>\nGuadalupe Gimenez.<br \/>\nKaren Marzi<\/p>\n<p><strong>Arquer\u00eda<\/strong><br \/>\nReconocimiento por lo realizado en 2023 a:<br \/>\nEmilio Renda.<br \/>\nNicolas Ponce.<\/p>\n<p><img loading=\"lazy\" decoding=\"async\" class=\"size-full wp-image-22610\" style=\"text-align: center;\" src=\"https:\/\/revistaepocadigital.com.ar\/wp-content\/uploads\/2023\/09\/14-set-etcheverry-bombjj.jpg\" alt=\"\" width=\"391\" height=\"270\" srcset=\"https:\/\/revistaepocadigital.com.ar\/wp-content\/uploads\/2023\/09\/14-set-etcheverry-bombjj.jpg 391w, https:\/\/revistaepocadigital.com.ar\/wp-content\/uploads\/2023\/09\/14-set-etcheverry-bombjj-300x207.jpg 300w, https:\/\/revistaepocadigital.com.ar\/wp-content\/uploads\/2023\/09\/14-set-etcheverry-bombjj-100x70.jpg 100w, https:\/\/revistaepocadigital.com.ar\/wp-content\/uploads\/2023\/09\/14-set-etcheverry-bombjj-218x150.jpg 218w\" sizes=\"auto, (max-width: 391px) 100vw, 391px\" \/><\/p>\n<p>Carlos Etcheverry, jefe de los Bomberos Voluntarios de Capilla del Se\u00f1or y Parada Robles, con su plaqueta reconocimiento.<\/p>\n<p>&nbsp;<\/p>\n<p><strong>Esgrima<\/strong><br \/>\nReconocimiento por lo hecho en 2023 a<br \/>\nJazm\u00edn Fern\u00e1ndez<\/p>\n<p><strong>Fisiculturismo<\/strong><br \/>\nReconocimiento por la labor desplegada a Luciano Calvi<\/p>\n<p><strong>Ciclismo<\/strong><br \/>\nReconocimiento por el desempe\u00f1o 2023 a:<br \/>\nFrancesca Moroni.<br \/>\nFranco Buchanan.<\/p>\n<p><strong>Atletismo<\/strong><br \/>\nReconocimiento 2023 a:<br \/>\nFranco Miranda.<br \/>\nCarlos Charly Martinez.<br \/>\nCamila Gonzalez.<\/p>\n<p><img loading=\"lazy\" decoding=\"async\" class=\"size-full wp-image-22608\" style=\"text-align: center;\" src=\"https:\/\/revistaepocadigital.com.ar\/wp-content\/uploads\/2023\/09\/14-set-policiakkkk.jpg\" alt=\"\" width=\"428\" height=\"204\" srcset=\"https:\/\/revistaepocadigital.com.ar\/wp-content\/uploads\/2023\/09\/14-set-policiakkkk.jpg 428w, https:\/\/revistaepocadigital.com.ar\/wp-content\/uploads\/2023\/09\/14-set-policiakkkk-300x143.jpg 300w\" sizes=\"auto, (max-width: 428px) 100vw, 428px\" \/><\/p>\n<p>En el palco oficial, la distinci\u00f3n para la Polic\u00eda local.<\/p>\n<p>&nbsp;<\/p>\n<p><em><strong>Cultura.<\/strong><\/em><\/p>\n<p>Reconocimiento 2023 a Fabi\u00e1n Scovenna, director teatral, creador, director de la Comparsa O\u00b4Bah\u00eda de Gualeguaych\u00fa, Entre R\u00edos.<\/p>\n<p><img loading=\"lazy\" decoding=\"async\" class=\"size-full wp-image-22611\" style=\"text-align: center;\" src=\"https:\/\/revistaepocadigital.com.ar\/wp-content\/uploads\/2023\/09\/14-set-ahuadkkk.jpg\" alt=\"\" width=\"384\" height=\"256\" srcset=\"https:\/\/revistaepocadigital.com.ar\/wp-content\/uploads\/2023\/09\/14-set-ahuadkkk.jpg 384w, https:\/\/revistaepocadigital.com.ar\/wp-content\/uploads\/2023\/09\/14-set-ahuadkkk-300x200.jpg 300w\" sizes=\"auto, (max-width: 384px) 100vw, 384px\" \/><\/p>\n<p><em>Marcelo Auhad, jefe de los Bomberos Voluntarios<\/em><br \/>\n<em> de los Cardales, distinguido en el palco oficial.\u00a0<\/em><\/p>\n<p>&nbsp;<\/p>\n<p><strong>Trayectoria<\/strong><\/p>\n<p>Fue reconocida la profesora de danzas, July Errandonea.<\/p>\n<p>Reconocimiento por su labor y el 30\u00b0 Aniversario al Peque\u00f1o Hogar Exaltaci\u00f3n.<\/p>\n<p>Tambi\u00e9n fue reconocido el pintor C\u00e9sar Barcia.<\/p>\n<p><em><strong>Gastronom\u00eda.<\/strong><\/em><\/p>\n<p>Reconocimiento por lo hecho en 2023 a Rodrigo Beretta<\/p>\n<p>&nbsp;<\/p>\n<p><strong>DISTINCIONES DEL CONCEJO DELIBERANTE 2023.<\/strong><\/p>\n<p>Del mismo modo, el Concejo Deliberante entreg\u00f3 sus premios:<\/p>\n<p>-Dr. Alejandro Bazan<br \/>\n-Fatica, Parada Robles<br \/>\n-Jard\u00edn Maternal El Abrojito<br \/>\n-Peque\u00f1o Hogar Exaltaci\u00f3n<br \/>\n-Bar y confiter\u00eda La Fusta<br \/>\n-Familia Boracchia \u2013 Estancia Los Para\u00edsos.<br \/>\n-Natali Balige, subcampeona del mundo en tenis categor\u00eda +30 femenina en Turqu\u00eda.<br \/>\n-Mariana Martinez.<br \/>\n-Familia Deneri \u2013 Tambo San Jorge.<br \/>\n-Augusto Sanz. por su desempe\u00f1o como navegante en el Rally Dakar en Arabia Saudita.<br \/>\n-Cristina Beyr\u00f3.<br \/>\n-Daniel Jos\u00e9 Pintos.<\/p>\n<p>&nbsp;<\/p>\n","protected":false},"excerpt":{"rendered":"<p>Y POR MUCHO TIEMPO LOS FESTEJOS DE 2023.<\/p>\n","protected":false},"author":4,"featured_media":22586,"comment_status":"open","ping_status":"closed","sticky":false,"template":"","format":"standard","meta":{"footnotes":"","jetpack_publicize_message":"","jetpack_publicize_feature_enabled":true,"jetpack_social_post_already_shared":true,"jetpack_social_options":{"image_generator_settings":{"template":"highway","default_image_id":0,"font":"","enabled":false},"version":2}},"categories":[15],"tags":[2152,37,480,2177],"class_list":["post-22553","post","type-post","status-publish","format-standard","has-post-thumbnail","hentry","category-lo-que-tenes-que-saber","tag-2152","tag-destacada","tag-festejos-patronales","tag-premios"],"jetpack_publicize_connections":[],"jetpack_featured_media_url":"https:\/\/revistaepocadigital.com.ar\/wp-content\/uploads\/2023\/09\/14-set-palmer-public.jpeg","jetpack_likes_enabled":true,"_links":{"self":[{"href":"https:\/\/revistaepocadigital.com.ar\/index.php?rest_route=\/wp\/v2\/posts\/22553","targetHints":{"allow":["GET"]}}],"collection":[{"href":"https:\/\/revistaepocadigital.com.ar\/index.php?rest_route=\/wp\/v2\/posts"}],"about":[{"href":"https:\/\/revistaepocadigital.com.ar\/index.php?rest_route=\/wp\/v2\/types\/post"}],"author":[{"embeddable":true,"href":"https:\/\/revistaepocadigital.com.ar\/index.php?rest_route=\/wp\/v2\/users\/4"}],"replies":[{"embeddable":true,"href":"https:\/\/revistaepocadigital.com.ar\/index.php?rest_route=%2Fwp%2Fv2%2Fcomments&post=22553"}],"version-history":[{"count":0,"href":"https:\/\/revistaepocadigital.com.ar\/index.php?rest_route=\/wp\/v2\/posts\/22553\/revisions"}],"wp:featuredmedia":[{"embeddable":true,"href":"https:\/\/revistaepocadigital.com.ar\/index.php?rest_route=\/wp\/v2\/media\/22586"}],"wp:attachment":[{"href":"https:\/\/revistaepocadigital.com.ar\/index.php?rest_route=%2Fwp%2Fv2%2Fmedia&parent=22553"}],"wp:term":[{"taxonomy":"category","embeddable":true,"href":"https:\/\/revistaepocadigital.com.ar\/index.php?rest_route=%2Fwp%2Fv2%2Fcategories&post=22553"},{"taxonomy":"post_tag","embeddable":true,"href":"https:\/\/revistaepocadigital.com.ar\/index.php?rest_route=%2Fwp%2Fv2%2Ftags&post=22553"}],"curies":[{"name":"wp","href":"https:\/\/api.w.org\/{rel}","templated":true}]}}