{"id":22555,"date":"2023-09-27T02:56:45","date_gmt":"2023-09-27T05:56:45","guid":{"rendered":"https:\/\/revistaepocadigital.com.ar\/?p=22555"},"modified":"2023-09-27T02:56:45","modified_gmt":"2023-09-27T05:56:45","slug":"refuerzo-a-los-ingresos-ahora-le-toco-a-los-trabajadores-informales","status":"publish","type":"post","link":"https:\/\/revistaepocadigital.com.ar\/?p=22555","title":{"rendered":"Refuerzo a los ingresos. Ahora le toc\u00f3 a los trabajadores informales"},"content":{"rendered":"<p><strong>SE ACERCAN LAS ELECCIONES.<\/strong><!--more--><\/p>\n<p>El ministro de Econom\u00eda y candidato a presidente por Uni\u00f3n por la Patria, Sergio Massa junto a la directora de ANSES, Fernanda Raverta, anunciaron un refuerzo de ingresos para trabajadores informales, por el que se pagar\u00e1n 47.000 pesos en octubre y 47.000 pesos en noviembre. La medida ser\u00e1 compensada a trav\u00e9s del cobro de un anticipo extraordinario de ganancias a grandes contribuyentes, y beneficia a un sector de la poblaci\u00f3n que no hab\u00eda sido alcanzado por las medidas econ\u00f3micas dispuestas en las \u00faltimas semanas por el gobierno nacional en pleno proceso electoral, dijeron &#8220;para atenuar el impacto de la devaluaci\u00f3n impuesta por el FMI&#8221;.<\/p>\n<p>Se trata de un refuerzo para trabajadores y trabajadoras informales de entre 18 y 64 a\u00f1os, que no cuentan con ingresos registrados ni perciben ning\u00fan tipo de asistencia econ\u00f3mica del Estado, como la Asignaci\u00f3n Universal por Hijo (AUH), las becas Progresar o el Potenciar Trabajo.<\/p>\n<p>La inscripci\u00f3n estaba disponible desde el mi\u00e9rcoles 27 de septiembre, y permanec\u00eda abierta durante todo el mes de octubre. La misma se puede realizar exclusivamente a trav\u00e9s de la web del organismo www.anses.gob.ar, o de la aplicaci\u00f3n Mi ANSES, todos los d\u00edas de 14 a 22 horas.<\/p>\n<p>El ministro expres\u00f3: &#8220;A los efectos de que esta medida no termine afectando las cuentas p\u00fablicas y mantengamos el orden fiscal, sin que eso nos imposibilite llegar a los sectores m\u00e1s vulnerables como es este caso, es que hemos tomado la decisi\u00f3n de cobrarle un anticipo extraordinario de ganancias a aquellos sectores que fueron los grandes ganadores de la devaluaci\u00f3n impuesta por el FMI, centralmente bancos, compa\u00f1\u00edas financieras y compa\u00f1\u00edas de seguro que ser\u00e1n notificadas por la AFIP, a los efectos de realizar el pago del anticipo de ganancias&#8221;. &#8220;Pretendemos de esta manera mantener el equilibrio en las cuentas p\u00fablicas, pero llegar a los sectores m\u00e1s vulnerables de nuestra sociedad, a los efectos de cuidar el ingreso de todas y todos los argentinos. Tenemos un objetivo; recuperar el ingreso para mejorar la calidad de vida de la gente y estas medidas van en el mismo sentido\u201d, expres\u00f3 Massa.<\/p>\n<p><strong>Para acceder a este refuerzo, las personas no deben tener:<\/strong><\/p>\n<p>\u25cf Trabajo registrado (relaci\u00f3n de dependencia, aut\u00f3nomos, monotributo, monotributo social y casas particulares).<\/p>\n<p>\u25cf Jubilaci\u00f3n o pensi\u00f3n.<\/p>\n<p>\u25cf AUH, AUE, Asignaciones familiares o Progresar.<\/p>\n<p>\u25cf Planes sociales (por ejemplo, Potenciar Trabajo).<\/p>\n<p>\u25cf Prestaci\u00f3n por desempleo.<\/p>\n<p>Asimismo, ANSES realizar\u00e1 una evaluaci\u00f3n socioecon\u00f3mica y patrimonial (consumo, bienes, cobertura de salud, etc.) de los solicitantes.<\/p>\n<p>+ Link del anuncio:<\/p>\n","protected":false},"excerpt":{"rendered":"<p>SE ACERCAN LAS ELECCIONES.<\/p>\n","protected":false},"author":3,"featured_media":22557,"comment_status":"open","ping_status":"closed","sticky":false,"template":"","format":"standard","meta":{"footnotes":"","jetpack_publicize_message":"","jetpack_publicize_feature_enabled":true,"jetpack_social_post_already_shared":true,"jetpack_social_options":{"image_generator_settings":{"template":"highway","default_image_id":0,"font":"","enabled":false},"version":2}},"categories":[17],"tags":[],"class_list":["post-22555","post","type-post","status-publish","format-standard","has-post-thumbnail","hentry","category-politica"],"jetpack_publicize_connections":[],"jetpack_featured_media_url":"https:\/\/revistaepocadigital.com.ar\/wp-content\/uploads\/2023\/09\/massa_bonos.jpg_966076397.webp","jetpack_likes_enabled":true,"_links":{"self":[{"href":"https:\/\/revistaepocadigital.com.ar\/index.php?rest_route=\/wp\/v2\/posts\/22555","targetHints":{"allow":["GET"]}}],"collection":[{"href":"https:\/\/revistaepocadigital.com.ar\/index.php?rest_route=\/wp\/v2\/posts"}],"about":[{"href":"https:\/\/revistaepocadigital.com.ar\/index.php?rest_route=\/wp\/v2\/types\/post"}],"author":[{"embeddable":true,"href":"https:\/\/revistaepocadigital.com.ar\/index.php?rest_route=\/wp\/v2\/users\/3"}],"replies":[{"embeddable":true,"href":"https:\/\/revistaepocadigital.com.ar\/index.php?rest_route=%2Fwp%2Fv2%2Fcomments&post=22555"}],"version-history":[{"count":0,"href":"https:\/\/revistaepocadigital.com.ar\/index.php?rest_route=\/wp\/v2\/posts\/22555\/revisions"}],"wp:featuredmedia":[{"embeddable":true,"href":"https:\/\/revistaepocadigital.com.ar\/index.php?rest_route=\/wp\/v2\/media\/22557"}],"wp:attachment":[{"href":"https:\/\/revistaepocadigital.com.ar\/index.php?rest_route=%2Fwp%2Fv2%2Fmedia&parent=22555"}],"wp:term":[{"taxonomy":"category","embeddable":true,"href":"https:\/\/revistaepocadigital.com.ar\/index.php?rest_route=%2Fwp%2Fv2%2Fcategories&post=22555"},{"taxonomy":"post_tag","embeddable":true,"href":"https:\/\/revistaepocadigital.com.ar\/index.php?rest_route=%2Fwp%2Fv2%2Ftags&post=22555"}],"curies":[{"name":"wp","href":"https:\/\/api.w.org\/{rel}","templated":true}]}}