{"id":22565,"date":"2023-09-27T00:28:42","date_gmt":"2023-09-27T03:28:42","guid":{"rendered":"https:\/\/revistaepocadigital.com.ar\/?p=22565"},"modified":"2023-09-29T10:38:48","modified_gmt":"2023-09-29T13:38:48","slug":"el-candidato-a-intendente-de-zarate-por-juntos-por-el-cambio-en-la-sede-zaratena-de-la-rural","status":"publish","type":"post","link":"https:\/\/revistaepocadigital.com.ar\/?p=22565","title":{"rendered":"La candidata a intendente de Z\u00e1rate por Uni\u00f3n por la Patria en la Sede zarate\u00f1a de la Rural"},"content":{"rendered":"<p class=\"yiv4068894079MsoNormal\"><b><u>AGUSTINA PROPATO.<\/u><\/b><!--more--><\/p>\n<p class=\"yiv4068894079MsoNormal\">La Dra.Agustina Propato concurri\u00f3 acompa\u00f1ada por su asesor en seguridad Comisario (R) Guillermo Calvi\u00f1o.\u00a0Fue recibida por las autoridades de la Sociedad Rural: Oscar Diez (Presidente); Contador Mart\u00edn Coarasa (Vicepresidente 2\u00b0) ; Ingeniero Carlos Altieri (Secretario) y Pedro Querencio (Coordinador de Seguridad).<\/p>\n<p class=\"yiv4068894079MsoNormal\">Estuvieron presentes tambi\u00e9n el Ingeniero Horacio Girardi (Jefe T\u00e9cnico del Consorcio Vial Rural), y el Dr Fabi\u00e1n Brontes (Presidente C\u00edrculo Veterinarios de Z\u00e1rate -Campana) , adem\u00e1s de productores invitados.<\/p>\n<p class=\"yiv4068894079MsoNormal\"><img loading=\"lazy\" decoding=\"async\" id=\"yiv4068894079Imagen_x0020_5\" src=\"https:\/\/ecp.yusercontent.com\/mail?url=https%3A%2F%2F101737.asset.dattanet.com%2Fweb_public_shared%2Fimage%2F101737%2F6516ba34eacb3.jpeg&amp;t=1695993709&amp;ymreqid=a1e28384-e738-286e-1c27-c0000101e300&amp;sig=1nE9We.7fPystrmalA3WEg--~D\" width=\"567\" height=\"425\" \/><\/p>\n<h6 class=\"yiv4068894079MsoNormal\"><em>(izq. a der.): Dr. Fabi\u00e1n Brontes; Ing. Horacio Girardi; Cdor Martin Coarasa ; Pedro Querencio ; Dra. Agustina Propato; Ing. Carlos Altieri ; Oscar Diez; Comisario (R) \u00a0Guillermo Calvi\u00f1o.<\/em><\/h6>\n<p class=\"yiv4068894079MsoNormal\">Se trat\u00f3 un nutrido y variado temario, incluyendo la seguridad rural, caminos rurales , producci\u00f3n, islas , etc.\u00a0La Dra. Propato habl\u00f3 de sus propuestas para el gobierno local, y la reuni\u00f3n fue calificada como &#8220;muy positiva&#8221;.<\/p>\n<p style=\"text-align: center;\"><strong>&#8230;&#8230;&#8230;&#8230;&#8230;&#8230;&#8230;&#8230;&#8230;&#8230;&#8230;&#8230;&#8230;&#8230;&#8230;&#8230;..<\/strong><\/p>\n<p>&nbsp;<\/p>\n<p>nota anterior<\/p>\n<p class=\"yiv7452966912MsoNormal\"><b><u>MARCELO MATZKIN.<\/u><\/b><!--more--><\/p>\n<p class=\"yiv7452966912MsoNormal\">En la sede Z\u00e1rate de la Sociedad Rural de Exaltaci\u00f3n de la Cruz, Campana y Z\u00e1rate, estuvo reunido el candidato de Juntos por el Cambio a la intendencia de la vecina ciudad. Lo acompa\u00f1aron los dirigentes Eduardo Finkel , Ver\u00f3nica Berot , Juan Fern\u00e1ndez , entre otros.<\/p>\n<p class=\"yiv7452966912MsoNormal\">Coordin\u00f3 la reuni\u00f3n nuestro vicepresidente 2\u00b0 de la entidad ruralista, el contador Mart\u00edn Coarasa acompa\u00f1ado por otros miembros de Comisi\u00f3n Directiva, el Jefe T\u00e9cnico del Consorcio Vial Ing. Horacio Girardi y el Presidente del C\u00edrculo de Veterinarios de Z\u00e1rate-Campana, Dr. Fabi\u00e1n Brontes y varios productores.<\/p>\n<p class=\"yiv7452966912MsoNormal\"><img loading=\"lazy\" decoding=\"async\" id=\"yiv7452966912Imagen_x0020_5\" src=\"https:\/\/ecp.yusercontent.com\/mail?url=https%3A%2F%2F101737.asset.dattanet.com%2Fweb_public_shared%2Fimage%2F101737%2F6512d67ebdea9.jpeg&amp;t=1695827937&amp;ymreqid=a1e28384-e738-286e-1c28-090004019f00&amp;sig=SS2uKCZxqmwEDesF0uJvkA--~D\" width=\"566\" height=\"425\" \/><\/p>\n<p class=\"yiv7452966912MsoNormal\">Durante el encuentro, los candidatos escucharon las propuestas y la problem\u00e1tica del sector productivo, y a su vez tambi\u00e9n los productores escucharon las ideas y proyectos del candidato para llevar a la pr\u00e1ctica en caso de resultar electo para una pr\u00f3xima gesti\u00f3n de gobierno.<\/p>\n","protected":false},"excerpt":{"rendered":"<p>AGUSTINA PROPATO.<\/p>\n","protected":false},"author":3,"featured_media":22624,"comment_status":"open","ping_status":"closed","sticky":false,"template":"","format":"standard","meta":{"footnotes":"","jetpack_publicize_message":"","jetpack_publicize_feature_enabled":true,"jetpack_social_post_already_shared":true,"jetpack_social_options":{"image_generator_settings":{"template":"highway","default_image_id":0,"font":"","enabled":false},"version":2}},"categories":[17],"tags":[129,813],"class_list":["post-22565","post","type-post","status-publish","format-standard","has-post-thumbnail","hentry","category-politica","tag-candidatos","tag-soc-rural"],"jetpack_publicize_connections":[],"jetpack_featured_media_url":"https:\/\/revistaepocadigital.com.ar\/wp-content\/uploads\/2023\/09\/mail-3.jpeg","jetpack_likes_enabled":true,"_links":{"self":[{"href":"https:\/\/revistaepocadigital.com.ar\/index.php?rest_route=\/wp\/v2\/posts\/22565","targetHints":{"allow":["GET"]}}],"collection":[{"href":"https:\/\/revistaepocadigital.com.ar\/index.php?rest_route=\/wp\/v2\/posts"}],"about":[{"href":"https:\/\/revistaepocadigital.com.ar\/index.php?rest_route=\/wp\/v2\/types\/post"}],"author":[{"embeddable":true,"href":"https:\/\/revistaepocadigital.com.ar\/index.php?rest_route=\/wp\/v2\/users\/3"}],"replies":[{"embeddable":true,"href":"https:\/\/revistaepocadigital.com.ar\/index.php?rest_route=%2Fwp%2Fv2%2Fcomments&post=22565"}],"version-history":[{"count":0,"href":"https:\/\/revistaepocadigital.com.ar\/index.php?rest_route=\/wp\/v2\/posts\/22565\/revisions"}],"wp:featuredmedia":[{"embeddable":true,"href":"https:\/\/revistaepocadigital.com.ar\/index.php?rest_route=\/wp\/v2\/media\/22624"}],"wp:attachment":[{"href":"https:\/\/revistaepocadigital.com.ar\/index.php?rest_route=%2Fwp%2Fv2%2Fmedia&parent=22565"}],"wp:term":[{"taxonomy":"category","embeddable":true,"href":"https:\/\/revistaepocadigital.com.ar\/index.php?rest_route=%2Fwp%2Fv2%2Fcategories&post=22565"},{"taxonomy":"post_tag","embeddable":true,"href":"https:\/\/revistaepocadigital.com.ar\/index.php?rest_route=%2Fwp%2Fv2%2Ftags&post=22565"}],"curies":[{"name":"wp","href":"https:\/\/api.w.org\/{rel}","templated":true}]}}