{"id":22570,"date":"2023-09-28T01:01:56","date_gmt":"2023-09-28T04:01:56","guid":{"rendered":"https:\/\/revistaepocadigital.com.ar\/?p=22570"},"modified":"2023-09-28T01:01:56","modified_gmt":"2023-09-28T04:01:56","slug":"el-preso-que-escapo-ayer-en-campana-en-un-golpe-comando-fue-liberado-en-la-pandemia","status":"publish","type":"post","link":"https:\/\/revistaepocadigital.com.ar\/?p=22570","title":{"rendered":"El preso que escap\u00f3 ayer en Campana en un golpe comando, fue liberado en la pandemia"},"content":{"rendered":"<p><strong>JUAN BOUBETA, SECRETARIO DE SEGURIDAD MUNICIPAL HABL\u00d3 CON EPOCA.<\/strong><!--more--><\/p>\n<div dir=\"ltr\">\n<div class=\"row\">\n<div class=\"col-12 \">\n<div class=\"hidden\">\n<h6 class=\"com-subhead --bajada --m-xs-\">Volvi\u00f3 a sobresaltar a los argentinos, un hecho delictivo ocurrido en la vecina ciudad de Campana (en la ma\u00f1ana del 27\/9). Uno de los veinte reclusos alcanzados por la pol\u00e9mica medida de morigeraci\u00f3n dictada por un juez de Casaci\u00f3n bonaerense, durante la pandemia; Juan Manuel Montauri Vasallo, atrapado luego de robar en su momento, y trasladado a la c\u00e1rcel de cercana a Campana, fue rescatado luego de que un grupo de <a class=\"com-link\" title=\"cuatro c\u00f3mplices intercept\u00f3 la camioneta del Servicio Penitenciario Bonaerense (SPB) en la que lo trasladaban a un centro asistencial local\" href=\"https:\/\/www.lanacion.com.ar\/seguridad\/un-preso-se-fugo-con-un-golpe-comando-a-un-camion-del-servicio-penitenciario-nid27092023\/\" target=\"_self\" rel=\"noopener\" data-reactroot=\"\">cuatro c\u00f3mplices intercept\u00f3 la camioneta del Servicio Penitenciario Bonaerense (SPB) en la que lo trasladaban a un centro asistencial campanense para su atenci\u00f3n m\u00e9dica, seg\u00fan public\u00f3 el diario La Naci\u00f3n.<\/a><\/h6>\n<p>El tan grave suceso, repercuti\u00f3 en Capilla del Se\u00f1or luego que se conociera lo sucedido a trav\u00e9s de los medios de comunicaci\u00f3n; algunos incluso deslizando que los delincuentes pod\u00edan haber hu\u00eddo hacia Exaltaci\u00f3n de la Cruz, lo que gener\u00f3 inquietud y preocupaci\u00f3n en vecinos que se enteraron. Por la tarde, EPOCA consult\u00f3 al secretario de seguridad del municipio, Juan Boubeta al respecto.<\/p>\n<\/div>\n<\/div>\n<\/div>\n<section class=\"cuerpo__nota\">\n<div class=\"row\">\n<div class=\"col-deskxl-10 offset-deskxl-1 col-desksm-11\">\n<div class=\"row\">\n<div class=\"col-12\">\n<div>\n<div dir=\"ltr\">\n<figure id=\"attachment_22577\" aria-describedby=\"caption-attachment-22577\" style=\"width: 224px\" class=\"wp-caption aligncenter\"><img loading=\"lazy\" decoding=\"async\" class=\"size-full wp-image-22577\" src=\"https:\/\/revistaepocadigital.com.ar\/wp-content\/uploads\/2023\/09\/boubeta.jpeg\" alt=\"\" width=\"224\" height=\"225\" srcset=\"https:\/\/revistaepocadigital.com.ar\/wp-content\/uploads\/2023\/09\/boubeta.jpeg 224w, https:\/\/revistaepocadigital.com.ar\/wp-content\/uploads\/2023\/09\/boubeta-150x150.jpeg 150w\" sizes=\"auto, (max-width: 224px) 100vw, 224px\" \/><figcaption id=\"caption-attachment-22577\" class=\"wp-caption-text\">Juan Boubeta, secretario de seguridad (Foto gentileza El Diario de la Ma\u00f1ana)<\/figcaption><\/figure>\n<p><em>&#8220;Hay gente que aprovecha cualquier cosa, para generar miedo en el distrito y sacar provecho&#8221;<\/em>, sostuvo el funcionario quien cuando este medio le se\u00f1al\u00f3 que esos trascendidos sobre la direcci\u00f3n tomada por los delincuentes que fugaron, hab\u00edan sido deslizado por una de las principales se\u00f1ales de TV por cable, replic\u00f3<em> &#8220;\u00a1C\u00f3mo pueden decir una barbaridad as\u00ed!&#8221;.<\/em><\/div>\n<\/div>\n<\/div>\n<\/div>\n<\/div>\n<\/div>\n<\/section>\n<\/div>\n<div dir=\"ltr\">Despu\u00e9s explic\u00f3 los pasos dados una vez\u00a0 conocida la fuga, &#8220;en Exaltaci\u00f3n de la Cruz, estuvimos toda la ma\u00f1ana por orden del Ministerio de Seguridad de la provincia, haciendo rastrillajes con la Polic\u00eda a modo preventivo. no hab\u00eda certezas en esos momentos, hacia donde pudieron fugarse; en nuestro partido no las tuvimos ya que las investigaciones y la causa se tramita en Campana&#8221;.<\/div>\n<div dir=\"ltr\"><\/div>\n<div dir=\"ltr\">El contacto con Boubeta luego tambi\u00e9n dio pie a hablar sobre los dos robos sufridos por una familia residente en el distrito, en la zona del camino de Las Vizcayas, suceso publicado en nota anterior. <em>&#8220;S\u00ed, el caso del vecino Juan Gibelli y la familia; sufrieron dos\u00a0 robos similares con una diferencia de pocos meses. La fiscal\u00eda contin\u00faa trabajando junto a los<\/em><\/div>\n<div dir=\"ltr\"><em>investigadores que forman parte del personal de la DDI de Campana. Es un hecho complejo, participaron\u00a0 las dos veces hombres armados y con los rostros cubiertos. De nuestra parte hemos aportado las im\u00e1genes de las c\u00e1maras de seguridad que se encuentran instaladas en la zona. La investigaci\u00f3n la lleva adelante la fiscal\u00eda de Exaltaci\u00f3n de la Cruz junto a la DDI de Campana&#8221;.<\/em><\/div>\n","protected":false},"excerpt":{"rendered":"<p>JUAN BOUBETA, SECRETARIO DE SEGURIDAD MUNICIPAL HABL\u00d3 CON EPOCA.<\/p>\n","protected":false},"author":4,"featured_media":22576,"comment_status":"open","ping_status":"closed","sticky":false,"template":"","format":"standard","meta":{"footnotes":"","jetpack_publicize_message":"","jetpack_publicize_feature_enabled":true,"jetpack_social_post_already_shared":true,"jetpack_social_options":{"image_generator_settings":{"template":"highway","default_image_id":0,"font":"","enabled":false},"version":2}},"categories":[13],"tags":[2433,2487],"class_list":["post-22570","post","type-post","status-publish","format-standard","has-post-thumbnail","hentry","category-interes-general","tag-boubeta","tag-fuga-preso-carcel-campana"],"jetpack_publicize_connections":[],"jetpack_featured_media_url":"https:\/\/revistaepocadigital.com.ar\/wp-content\/uploads\/2023\/09\/penalcampanana_0.jpg","jetpack_likes_enabled":true,"_links":{"self":[{"href":"https:\/\/revistaepocadigital.com.ar\/index.php?rest_route=\/wp\/v2\/posts\/22570","targetHints":{"allow":["GET"]}}],"collection":[{"href":"https:\/\/revistaepocadigital.com.ar\/index.php?rest_route=\/wp\/v2\/posts"}],"about":[{"href":"https:\/\/revistaepocadigital.com.ar\/index.php?rest_route=\/wp\/v2\/types\/post"}],"author":[{"embeddable":true,"href":"https:\/\/revistaepocadigital.com.ar\/index.php?rest_route=\/wp\/v2\/users\/4"}],"replies":[{"embeddable":true,"href":"https:\/\/revistaepocadigital.com.ar\/index.php?rest_route=%2Fwp%2Fv2%2Fcomments&post=22570"}],"version-history":[{"count":0,"href":"https:\/\/revistaepocadigital.com.ar\/index.php?rest_route=\/wp\/v2\/posts\/22570\/revisions"}],"wp:featuredmedia":[{"embeddable":true,"href":"https:\/\/revistaepocadigital.com.ar\/index.php?rest_route=\/wp\/v2\/media\/22576"}],"wp:attachment":[{"href":"https:\/\/revistaepocadigital.com.ar\/index.php?rest_route=%2Fwp%2Fv2%2Fmedia&parent=22570"}],"wp:term":[{"taxonomy":"category","embeddable":true,"href":"https:\/\/revistaepocadigital.com.ar\/index.php?rest_route=%2Fwp%2Fv2%2Fcategories&post=22570"},{"taxonomy":"post_tag","embeddable":true,"href":"https:\/\/revistaepocadigital.com.ar\/index.php?rest_route=%2Fwp%2Fv2%2Ftags&post=22570"}],"curies":[{"name":"wp","href":"https:\/\/api.w.org\/{rel}","templated":true}]}}