{"id":2258,"date":"2019-04-25T23:06:02","date_gmt":"2019-04-26T02:06:02","guid":{"rendered":"https:\/\/revistaepocadigital.com.ar\/?p=2258"},"modified":"2019-04-25T23:06:02","modified_gmt":"2019-04-26T02:06:02","slug":"minnig-coordinador-del-parque-industrial-r6-es-falso-y-mal-intencionado-decir-que-se-rechazo-la-obtencion-de-aptitud-ambiental","status":"publish","type":"post","link":"https:\/\/revistaepocadigital.com.ar\/?p=2258","title":{"rendered":"Minnig, Coordinador del Parque Industrial R6: &#8220;Es falso y mal intencionado decir que se rechaz\u00f3 la obtenci\u00f3n de aptitud ambiental&#8221;"},"content":{"rendered":"<p><strong>FRENTE A LA CONTROVERSIA.<\/strong><!--more--><\/p>\n<p>La visi\u00f3n de <strong>Gustavo Minnig,<\/strong> <strong>Coordinador Operativo del Parque Industrial Ruta 6<\/strong>; sobre la fuerte pol\u00e9mica instalada debido a los efluentes, sobre los que vecinos presentan sus justificados reclamos ante la seria preocupaci\u00f3n generada.<\/p>\n<p>El tema planteado hace tiempo, acerca de los efluentes l\u00edquidos del Parque Industrial Ruta 6, dio pie a que vecinos de <strong>Los Cardales y aleda\u00f1os,<\/strong> se nuclearan para hacer escuchar sus reclamos y oposici\u00f3n la derivaci\u00f3n de los mismos sobre el<strong> Arroyo La Plegaria.<\/strong> Se han sucedido reuniones entre representantes del Parque, vecinos y autoridades municipales. Se conoci\u00f3 hace poco la alternativa propuesta por el Parque, para cambiar el curso de los efluentes que habr\u00eda sido objetada por el partido de Pilar; tambi\u00e9n surgieron informaciones period\u00edsticas en torno a que el OPDS, organismo de control de la provincia no hab\u00eda autorizado el informe de impacto ambiental.<\/p>\n<p><strong>-\u00bfEn que situaci\u00f3n se encuentra la propuesta dada a conocer por el Parque Industrial Ruta 6 a vecinos, en torno al tema de efluentes que ha generado tanta preocupaci\u00f3n?<\/strong><br \/>\n<em>-Est\u00e1 en la etapa de estudio t\u00e9cnico para incorporarla al proyecto hidr\u00e1ulico general del Parque. Luego ser\u00e1 presentado a la Direcci\u00f3n de Hidr\u00e1ulica del gobierno provincial para la factibilidad. Eso es lo que se refiere al destino de las aguas pluviales y vuelcos industriales, en los casos que hubiere, previamente tratados de las empresas; es decir a las obras afuera del parque y que tienen como destino final el R\u00edo Luj\u00e1n, cualquiera sea el proyecto.<\/em><br \/>\n<em>En cuanto a las obras internas hidr\u00e1ulicas del Parque, se encuentran para ser aprobadas, y as\u00ed obtener el certificado de aptitud hidra\u00falica. Cabe aclarar que hubo y est\u00e1 vigente, una declaraci\u00f3n de la autoridad de aplicaci\u00f3n de pre-factibilidad que permiti\u00f3 desarrollar los trabajos.<\/em><\/p>\n<p><strong>-Se ha sabido que el organismo provincial OPDS, no ha dado el visto bueno sobre el informe de impacto ambiental referido al parqueque industrial, a proposito de esto, algunos vecinos solicitan la clasura.<\/strong><br \/>\n<em>-Hay un error de concepto, no es que la OPDS no dio el visto bueno. Lo que ocurri\u00f3 e inform\u00f3 la OPDS a instancias de un vecino y del municipio, es que no se presentaron documentaciones solicitadas en su debido t\u00e9rmino. Eso ya se va regularizando, y asumimos el error de falta de presentaci\u00f3n a trav\u00e9s de la consultora que lleva adelante los tr\u00e1mites en ese organismo. Esa situaci\u00f3n no reviste gravedad. El expediente que llevar\u00e1 al certificado de Aptitud Ambiental, es un proceso largo de ida y vuelta en cuanto a la informaci\u00f3n. Por ejemplo se deben incorporar permisos al expediente que tienen que dar el ADA (Autoridad del Agua), y esos permisos son tambi\u00e9n procesos largos. Con esto quiere decir, que hay que tomar a esos expedientes como un tr\u00e1mite de gesti\u00f3n din\u00e1mica.<\/em><br \/>\n<em>Ahora bien, de ning\u00fan modo es motivo de clausura porque no hay da\u00f1o ambiental, OPDS hizo inspecciones para la primera etapa del Parque, y luego se incorpor\u00f3 la segunda etapa. Ese es el motivo por el cual a\u00fan el tr\u00e1mite no finaliz\u00f3.<\/em><br \/>\n<em>Por eso, es preciso aclarar que no es pasible de clausura y que es falso y mal intencionado decir que se rechaz\u00f3 la obtenci\u00f3n de aptitud ambiental. Los reclamos son siempre bienvenidos y atendidos, las mentiras no.<\/em><\/p>\n<p><img loading=\"lazy\" decoding=\"async\" class=\"aligncenter size-full wp-image-2264\" src=\"https:\/\/revistaepocadigital.com.ar\/wp-content\/uploads\/2019\/04\/parq-inds-6a.jpg\" alt=\"\" width=\"576\" height=\"394\" srcset=\"https:\/\/revistaepocadigital.com.ar\/wp-content\/uploads\/2019\/04\/parq-inds-6a.jpg 576w, https:\/\/revistaepocadigital.com.ar\/wp-content\/uploads\/2019\/04\/parq-inds-6a-300x205.jpg 300w, https:\/\/revistaepocadigital.com.ar\/wp-content\/uploads\/2019\/04\/parq-inds-6a-218x150.jpg 218w\" sizes=\"auto, (max-width: 576px) 100vw, 576px\" \/><\/p>\n<p><strong>-Sinteticamente, \u00bfcomo son los pasos que siguen los efluentes que generan empresas instaladas en el predio del Parque?<\/strong><br \/>\n<em>-Aquellas empresas que por su proceso productivo generen alg\u00fan tipo de efluentes, los tienen que tratar para que cuando vuelcan en el ducto pluvial del interior del parque, cumplan con la calidad que marca la ley. Esto es, agua sin contaminantes de ning\u00fan tipo. Agua apta, por ejemplo, para riego. Esto es as\u00ed en el Parque y para cualquier industria fuera del mismo. El principal interesado en que se cumpla con esta normativa, y que los vuelcos esten libre de contaminantes es el propio Parque Industrial. Porque si alguien lo hiciese contaminar\u00eda primero al Parque internamente, al reservorio y a los canales internos, adem\u00e1s el mismo Parque es co-responsable si ello sucediese. Por eso el control interno ser\u00e1 al m\u00e1ximo, m\u00e1s all\u00e1 de los controles municipales, de la Provincia o la Polic\u00eda Ambiental. Las empresas que estar\u00e1n adentro del Parque, no van a contaminar porque les saldr\u00e1 muy caro hacerlo, tanto econ\u00f3mica como legalmente.<\/em><\/p>\n<p><strong>-La Municipalidad de Pilar se opuso al proyecto alternativo del Parque Industrial Ruta 6, \u00bfes una posicion que no variar\u00e1?<\/strong><br \/>\n<em>-No s\u00e9 si se opuso, quiz\u00e1s hubo un mal entendido, de todas formas es jurisdicci\u00f3n provincial. El Arroyo Burgos o el R\u00edo Luj\u00e1n como muchos cursos de agua, no son propiedad de los municipios. Sino, por ejemplo, el partido de Escobar podr\u00eda plantear que Pilar y su parque industrial lo contamina. Porque los vuelcos sin tratar de las empresas de Pilar, perjudican aguas abajo al Partido de Escobar.<\/em><\/p>\n<p><strong>EL TIPO DE EMPRESAS QUE NO SE PUEDEN INSTALAR<\/strong><\/p>\n<p><strong>-\u00bfQue tipo de empresas se pueden instalar en el Parque Industrial Ruta 6?<\/strong><br \/>\n<em>-Menciono las empresas que no se pueden instalar, y son aquellas que, por historia y pr\u00e1cticas en otros lados son muy complejas en materia ambiental. Eso est\u00e1 especificado en las ventas que se realizan de los lotes. Se pueden mencionar acerca de las que no se pueden instalar, a curtiembres, papeleras y pasta de papel, industrias frigor\u00edficas, de harinas de pescado y otras tipo Willmor, de pirotecnia u otros explosivos, fabricaci\u00f3n de abonos y plaquicidas, refinar\u00edas de petr\u00f3leo y derivados.<\/em><\/p>\n<p><strong>-Acerca de controles de efluentes en el Parque, que organismos municipales o provinciales estan a cargo?<\/strong><br \/>\n<em>-Los efluentes los controla el Parque Industrial Ruta 6 por mandato del propio reglamento, la Autoridad del Agua <\/em>(ADA)<em>, es el principal organismo de control y la autoridad de aplicaci\u00f3n de la legislaci\u00f3n provincial en la materia. Tambi\u00e9n el OPDS es un organismo de control en material ambiental m\u00e1s amplio, y eventualmente el municipio a trav\u00e9s de la Direcci\u00f3n de Producci\u00f3n y Medio Ambiente o el cuerpo de inspectores.<\/em><\/p>\n<p>&nbsp;<\/p>\n","protected":false},"excerpt":{"rendered":"<p>FRENTE A LA CONTROVERSIA.<\/p>\n","protected":false},"author":4,"featured_media":2262,"comment_status":"open","ping_status":"open","sticky":false,"template":"","format":"standard","meta":{"footnotes":"","jetpack_publicize_message":"","jetpack_publicize_feature_enabled":true,"jetpack_social_post_already_shared":false,"jetpack_social_options":{"image_generator_settings":{"template":"highway","default_image_id":0,"font":"","enabled":false},"version":2}},"categories":[4,13],"tags":[157,317],"class_list":["post-2258","post","type-post","status-publish","format-standard","has-post-thumbnail","hentry","category-aqui-los-cardales","category-interes-general","tag-desagues","tag-parque-industrial-ruta-6"],"jetpack_publicize_connections":[],"jetpack_featured_media_url":"https:\/\/revistaepocadigital.com.ar\/wp-content\/uploads\/2019\/04\/minnig1.jpg","jetpack_likes_enabled":true,"_links":{"self":[{"href":"https:\/\/revistaepocadigital.com.ar\/index.php?rest_route=\/wp\/v2\/posts\/2258","targetHints":{"allow":["GET"]}}],"collection":[{"href":"https:\/\/revistaepocadigital.com.ar\/index.php?rest_route=\/wp\/v2\/posts"}],"about":[{"href":"https:\/\/revistaepocadigital.com.ar\/index.php?rest_route=\/wp\/v2\/types\/post"}],"author":[{"embeddable":true,"href":"https:\/\/revistaepocadigital.com.ar\/index.php?rest_route=\/wp\/v2\/users\/4"}],"replies":[{"embeddable":true,"href":"https:\/\/revistaepocadigital.com.ar\/index.php?rest_route=%2Fwp%2Fv2%2Fcomments&post=2258"}],"version-history":[{"count":0,"href":"https:\/\/revistaepocadigital.com.ar\/index.php?rest_route=\/wp\/v2\/posts\/2258\/revisions"}],"wp:featuredmedia":[{"embeddable":true,"href":"https:\/\/revistaepocadigital.com.ar\/index.php?rest_route=\/wp\/v2\/media\/2262"}],"wp:attachment":[{"href":"https:\/\/revistaepocadigital.com.ar\/index.php?rest_route=%2Fwp%2Fv2%2Fmedia&parent=2258"}],"wp:term":[{"taxonomy":"category","embeddable":true,"href":"https:\/\/revistaepocadigital.com.ar\/index.php?rest_route=%2Fwp%2Fv2%2Fcategories&post=2258"},{"taxonomy":"post_tag","embeddable":true,"href":"https:\/\/revistaepocadigital.com.ar\/index.php?rest_route=%2Fwp%2Fv2%2Ftags&post=2258"}],"curies":[{"name":"wp","href":"https:\/\/api.w.org\/{rel}","templated":true}]}}