{"id":22580,"date":"2023-09-27T11:29:21","date_gmt":"2023-09-27T14:29:21","guid":{"rendered":"https:\/\/revistaepocadigital.com.ar\/?p=22580"},"modified":"2023-09-28T01:39:06","modified_gmt":"2023-09-28T04:39:06","slug":"kicillof-y-massa-en-campana-por-ensenada","status":"publish","type":"post","link":"https:\/\/revistaepocadigital.com.ar\/?p=22580","title":{"rendered":"Kicillof en campa\u00f1a por Ensenada"},"content":{"rendered":"<div dir=\"ltr\"><strong>En un acto en el Club Defensores de Cambaceres.<\/strong><\/div>\n<p><!--more--><\/p>\n<div dir=\"ltr\"><\/div>\n<div dir=\"ltr\">El actual gobernador bonaerense quien va por su reelecci\u00f3n sostuvo que &#8220;la boleta de Uni\u00f3n por la Patria, funcionar\u00e1 como un escudo para defender los derechos de nuestro pueblo\u201d. Y despu\u00e9s se\u00f1al\u00f3, &#8220;nuestra misi\u00f3n en estas elecciones es explicarle a nuestro pueblo que detr\u00e1s de cada insulto y de cada idea que nos quieren vender como novedosa, lo que hay son pol\u00edticas que ya se aplicaron y que destruyeron el empleo y los salarios de las y los trabajadores\u201d. Kicillof encabez\u00f3 el acto acompa\u00f1ado por el candidato a presidente Sergio Massa y al intendente de Ensenada, Mario Secco.<\/div>\n<div dir=\"ltr\"><\/div>\n<div dir=\"ltr\">\u201cHoy quieren intentar de nuevo la misma estafa electoral que en el 2015: nos quieren vender espejitos de colores con ideas supuestamente milagrosas que, en realidad, ya se usaron muchas veces y siempre fueron ruinosas para la provincia de Buenos Aires y la Argentina\u201d, marc\u00f3 el gobernador quien acot\u00f3, &#8220;sabemos que hay problemas y dificultades, por eso venimos a pedir el voto no solo por lo que se hizo, sino reconociendo todo lo que falta y nos comprometemos a hacer\u201d.<\/div>\n<div dir=\"ltr\"><\/div>\n<div dir=\"ltr\">Tambi\u00e9n asistieron el candidato a vicepresidente Agust\u00edn Rossi, la vicegobernadora Ver\u00f3nica Magario; integrantes de los gabinetes nacional y provincial; intendentes; legisladores; y representantes gremiales.<\/div>\n","protected":false},"excerpt":{"rendered":"<p>En un acto en el Club Defensores de Cambaceres.<\/p>\n","protected":false},"author":3,"featured_media":22581,"comment_status":"open","ping_status":"closed","sticky":false,"template":"","format":"standard","meta":{"footnotes":"","jetpack_publicize_message":"","jetpack_publicize_feature_enabled":true,"jetpack_social_post_already_shared":true,"jetpack_social_options":{"image_generator_settings":{"template":"highway","default_image_id":0,"font":"","enabled":false},"version":2}},"categories":[13],"tags":[293,478],"class_list":["post-22580","post","type-post","status-publish","format-standard","has-post-thumbnail","hentry","category-interes-general","tag-campana-electoral","tag-kicillof"],"jetpack_publicize_connections":[],"jetpack_featured_media_url":"https:\/\/revistaepocadigital.com.ar\/wp-content\/uploads\/2023\/09\/kici-mas23.jpg","jetpack_likes_enabled":true,"_links":{"self":[{"href":"https:\/\/revistaepocadigital.com.ar\/index.php?rest_route=\/wp\/v2\/posts\/22580","targetHints":{"allow":["GET"]}}],"collection":[{"href":"https:\/\/revistaepocadigital.com.ar\/index.php?rest_route=\/wp\/v2\/posts"}],"about":[{"href":"https:\/\/revistaepocadigital.com.ar\/index.php?rest_route=\/wp\/v2\/types\/post"}],"author":[{"embeddable":true,"href":"https:\/\/revistaepocadigital.com.ar\/index.php?rest_route=\/wp\/v2\/users\/3"}],"replies":[{"embeddable":true,"href":"https:\/\/revistaepocadigital.com.ar\/index.php?rest_route=%2Fwp%2Fv2%2Fcomments&post=22580"}],"version-history":[{"count":0,"href":"https:\/\/revistaepocadigital.com.ar\/index.php?rest_route=\/wp\/v2\/posts\/22580\/revisions"}],"wp:featuredmedia":[{"embeddable":true,"href":"https:\/\/revistaepocadigital.com.ar\/index.php?rest_route=\/wp\/v2\/media\/22581"}],"wp:attachment":[{"href":"https:\/\/revistaepocadigital.com.ar\/index.php?rest_route=%2Fwp%2Fv2%2Fmedia&parent=22580"}],"wp:term":[{"taxonomy":"category","embeddable":true,"href":"https:\/\/revistaepocadigital.com.ar\/index.php?rest_route=%2Fwp%2Fv2%2Fcategories&post=22580"},{"taxonomy":"post_tag","embeddable":true,"href":"https:\/\/revistaepocadigital.com.ar\/index.php?rest_route=%2Fwp%2Fv2%2Ftags&post=22580"}],"curies":[{"name":"wp","href":"https:\/\/api.w.org\/{rel}","templated":true}]}}