{"id":22592,"date":"2023-09-28T21:41:08","date_gmt":"2023-09-29T00:41:08","guid":{"rendered":"https:\/\/revistaepocadigital.com.ar\/?p=22592"},"modified":"2023-09-28T22:03:27","modified_gmt":"2023-09-29T01:03:27","slug":"en-rosario-leda-la-mujer-de-los-milagros","status":"publish","type":"post","link":"https:\/\/revistaepocadigital.com.ar\/?p=22592","title":{"rendered":"En Rosario. Leda, la &#8220;mujer de los milagros&#8221;"},"content":{"rendered":"<p><strong>Qui\u00e9n es Leda, la &#8220;mujer de los milagros&#8221; que re\u00fane a miles de fieles est\u00e1 en Rosario.<\/strong><!--more--><\/p>\n<p>Leda est\u00e1 en Rosario y congrega a miles de personas que se acercan para acercarse a ella; cu\u00e1l es el origen del fen\u00f3meno Leda Bergonzi.<\/p>\n<p>Es conocida como &#8220;la mujer de los milagros&#8221;. Atiende todos los martes a los fieles, que se fueron sumando semana a semana, lo que deriv\u00f3 en la necesidad de contar con un espacio mayor.<\/p>\n<p style=\"text-align: center;\"><strong>\u00a0&#8212;&#8212;&#8212;&#8212;&#8212;&#8212;&#8212;&#8212;&#8212;&#8212;&#8212;&#8212;&#8212;&#8211;<\/strong><\/p>\n<p><strong>\u00a0 \u00a0 \u00a0 \u00a0 \u00a0 \u00a0Desde Exaltaci\u00f3n de la Cruz, se han organizado en octubre, dos viajes<\/strong><\/p>\n<p><img loading=\"lazy\" decoding=\"async\" class=\"aligncenter size-full wp-image-22594\" src=\"https:\/\/revistaepocadigital.com.ar\/wp-content\/uploads\/2023\/09\/leda.jpg\" alt=\"\" width=\"460\" height=\"640\" srcset=\"https:\/\/revistaepocadigital.com.ar\/wp-content\/uploads\/2023\/09\/leda.jpg 460w, https:\/\/revistaepocadigital.com.ar\/wp-content\/uploads\/2023\/09\/leda-216x300.jpg 216w, https:\/\/revistaepocadigital.com.ar\/wp-content\/uploads\/2023\/09\/leda-302x420.jpg 302w\" sizes=\"auto, (max-width: 460px) 100vw, 460px\" \/><\/p>\n<p><strong>\u00a0 \u00a0 \u00a0 \u00a0 \u00a0 \u00a0 \u00a0 \u00a0 \u00a0 para <\/strong><strong>asistir a sendas misas de sanaci\u00f3n de Leda en Rosario.<\/strong><\/p>\n<p><strong>\u00a0 \u00a0 \u00a0 \u00a0 \u00a0 \u00a0 \u00a0 \u00a0 \u00a0 Ambos viajes en un micro con capacidad para 40 pasajeros,<\/strong><\/p>\n<p><strong>\u00a0 \u00a0 \u00a0 \u00a0 \u00a0 \u00a0 \u00a0 \u00a0 \u00a0 saldr\u00e1n desde Capilla del Se\u00f1or.<\/strong><\/p>\n<p style=\"text-align: center;\"><strong>\u00a0&#8212;&#8212;&#8212;&#8212;&#8212;&#8212;&#8212;&#8212;&#8212;&#8212;&#8212;&#8212;&#8212;&#8211;<\/strong><\/p>\n<p>Leda, avalada por la Iglesia Cat\u00f3lica Argentina, quien en Rosario sana a los enfermos por imposici\u00f3n de manos, congrega a miles de personas en el predio de Sociedad Rural rosarina. &#8220;<em>Si Rosario fue motivo de esc\u00e1ndalo, ahora que sea motivo de alegr\u00eda, creo que es nuestro tiempo, unidos para adelante&#8221;<\/em>, expres\u00f3 la mujer.<\/p>\n<p>Su surgimiento, moviliza a miles de fieles que viajan desde distintos puntos del pa\u00eds para visitarla en Rosario. La &#8220;mujer de los milagros&#8221; tiene 44 a\u00f1os, cinco hijos, una nieta y hace ocho a\u00f1os proclam\u00f3 que recibi\u00f3 un don del Esp\u00edritu Santo, y la Iglesia la respald\u00f3. Uno de sus hijos tiene par\u00e1lisis cerebral, los caballos lo ayudaron a caminar y ahora lucha por una ley de equinoterapia. Leda comenz\u00f3 en una parroquia en el barrio de Pichincha, en Rosario, con el transcurso del tiempo, la cantidad de personas que la visitaban fue creciendo, hasta acudir por miles.<\/p>\n<p>&nbsp;<\/p>\n<p>Fuente: Agrofy News<\/p>\n","protected":false},"excerpt":{"rendered":"<p>Qui\u00e9n es Leda, la &#8220;mujer de los milagros&#8221; que re\u00fane a miles de fieles est\u00e1 en Rosario.<\/p>\n","protected":false},"author":3,"featured_media":22599,"comment_status":"open","ping_status":"closed","sticky":false,"template":"","format":"standard","meta":{"footnotes":"","jetpack_publicize_message":"","jetpack_publicize_feature_enabled":true,"jetpack_social_post_already_shared":true,"jetpack_social_options":{"image_generator_settings":{"template":"highway","default_image_id":0,"font":"","enabled":false},"version":2}},"categories":[13],"tags":[2488,2489,2490],"class_list":["post-22592","post","type-post","status-publish","format-standard","has-post-thumbnail","hentry","category-interes-general","tag-leda","tag-misa-sanacion","tag-rosario"],"jetpack_publicize_connections":[],"jetpack_featured_media_url":"https:\/\/revistaepocadigital.com.ar\/wp-content\/uploads\/2023\/09\/leda-11-1.jpg","jetpack_likes_enabled":true,"_links":{"self":[{"href":"https:\/\/revistaepocadigital.com.ar\/index.php?rest_route=\/wp\/v2\/posts\/22592","targetHints":{"allow":["GET"]}}],"collection":[{"href":"https:\/\/revistaepocadigital.com.ar\/index.php?rest_route=\/wp\/v2\/posts"}],"about":[{"href":"https:\/\/revistaepocadigital.com.ar\/index.php?rest_route=\/wp\/v2\/types\/post"}],"author":[{"embeddable":true,"href":"https:\/\/revistaepocadigital.com.ar\/index.php?rest_route=\/wp\/v2\/users\/3"}],"replies":[{"embeddable":true,"href":"https:\/\/revistaepocadigital.com.ar\/index.php?rest_route=%2Fwp%2Fv2%2Fcomments&post=22592"}],"version-history":[{"count":0,"href":"https:\/\/revistaepocadigital.com.ar\/index.php?rest_route=\/wp\/v2\/posts\/22592\/revisions"}],"wp:featuredmedia":[{"embeddable":true,"href":"https:\/\/revistaepocadigital.com.ar\/index.php?rest_route=\/wp\/v2\/media\/22599"}],"wp:attachment":[{"href":"https:\/\/revistaepocadigital.com.ar\/index.php?rest_route=%2Fwp%2Fv2%2Fmedia&parent=22592"}],"wp:term":[{"taxonomy":"category","embeddable":true,"href":"https:\/\/revistaepocadigital.com.ar\/index.php?rest_route=%2Fwp%2Fv2%2Fcategories&post=22592"},{"taxonomy":"post_tag","embeddable":true,"href":"https:\/\/revistaepocadigital.com.ar\/index.php?rest_route=%2Fwp%2Fv2%2Ftags&post=22592"}],"curies":[{"name":"wp","href":"https:\/\/api.w.org\/{rel}","templated":true}]}}