{"id":22634,"date":"2023-10-03T01:13:08","date_gmt":"2023-10-03T04:13:08","guid":{"rendered":"https:\/\/revistaepocadigital.com.ar\/?p=22634"},"modified":"2023-10-03T01:13:08","modified_gmt":"2023-10-03T04:13:08","slug":"asamblea-anual-ordinaria-asociacion-civil-exaltacion-de-la-cruz-menores-en-riesgo","status":"publish","type":"post","link":"https:\/\/revistaepocadigital.com.ar\/?p=22634","title":{"rendered":"Asamblea Anual Ordinaria. Asociaci\u00f3n Civil Exaltaci\u00f3n de la Cruz. Menores en Riesgo"},"content":{"rendered":"<p><strong>EL PEQUE\u00d1O HOGAR EXALTACI\u00d3N<\/strong>.<br \/>\n<!--more--><\/p>\n<p><img loading=\"lazy\" decoding=\"async\" class=\"size-large wp-image-22635\" src=\"https:\/\/revistaepocadigital.com.ar\/wp-content\/uploads\/2023\/10\/thumbnail-1-900x1200.jpeg\" alt=\"\" width=\"696\" height=\"928\" srcset=\"https:\/\/revistaepocadigital.com.ar\/wp-content\/uploads\/2023\/10\/thumbnail-1-900x1200.jpeg 900w, https:\/\/revistaepocadigital.com.ar\/wp-content\/uploads\/2023\/10\/thumbnail-1-225x300.jpeg 225w, https:\/\/revistaepocadigital.com.ar\/wp-content\/uploads\/2023\/10\/thumbnail-1-768x1024.jpeg 768w, https:\/\/revistaepocadigital.com.ar\/wp-content\/uploads\/2023\/10\/thumbnail-1-696x928.jpeg 696w, https:\/\/revistaepocadigital.com.ar\/wp-content\/uploads\/2023\/10\/thumbnail-1-1068x1424.jpeg 1068w, https:\/\/revistaepocadigital.com.ar\/wp-content\/uploads\/2023\/10\/thumbnail-1-315x420.jpeg 315w, https:\/\/revistaepocadigital.com.ar\/wp-content\/uploads\/2023\/10\/thumbnail-1-630x840.jpeg 630w, https:\/\/revistaepocadigital.com.ar\/wp-content\/uploads\/2023\/10\/thumbnail-1.jpeg 1080w\" sizes=\"auto, (max-width: 696px) 100vw, 696px\" \/><\/p>\n<p>&nbsp;<\/p>\n","protected":false},"excerpt":{"rendered":"<p>EL PEQUE\u00d1O HOGAR EXALTACI\u00d3N.<\/p>\n","protected":false},"author":4,"featured_media":22636,"comment_status":"open","ping_status":"closed","sticky":false,"template":"","format":"standard","meta":{"footnotes":"","jetpack_publicize_message":"","jetpack_publicize_feature_enabled":true,"jetpack_social_post_already_shared":true,"jetpack_social_options":{"image_generator_settings":{"template":"highway","default_image_id":0,"font":"","enabled":false},"version":2}},"categories":[11],"tags":[1584,1132],"class_list":["post-22634","post","type-post","status-publish","format-standard","has-post-thumbnail","hentry","category-entidades","tag-asamblea-anual","tag-pequeno-hogar"],"jetpack_publicize_connections":[],"jetpack_featured_media_url":"https:\/\/revistaepocadigital.com.ar\/wp-content\/uploads\/2023\/10\/peq-hogar-ex.jpg","jetpack_likes_enabled":true,"_links":{"self":[{"href":"https:\/\/revistaepocadigital.com.ar\/index.php?rest_route=\/wp\/v2\/posts\/22634","targetHints":{"allow":["GET"]}}],"collection":[{"href":"https:\/\/revistaepocadigital.com.ar\/index.php?rest_route=\/wp\/v2\/posts"}],"about":[{"href":"https:\/\/revistaepocadigital.com.ar\/index.php?rest_route=\/wp\/v2\/types\/post"}],"author":[{"embeddable":true,"href":"https:\/\/revistaepocadigital.com.ar\/index.php?rest_route=\/wp\/v2\/users\/4"}],"replies":[{"embeddable":true,"href":"https:\/\/revistaepocadigital.com.ar\/index.php?rest_route=%2Fwp%2Fv2%2Fcomments&post=22634"}],"version-history":[{"count":0,"href":"https:\/\/revistaepocadigital.com.ar\/index.php?rest_route=\/wp\/v2\/posts\/22634\/revisions"}],"wp:featuredmedia":[{"embeddable":true,"href":"https:\/\/revistaepocadigital.com.ar\/index.php?rest_route=\/wp\/v2\/media\/22636"}],"wp:attachment":[{"href":"https:\/\/revistaepocadigital.com.ar\/index.php?rest_route=%2Fwp%2Fv2%2Fmedia&parent=22634"}],"wp:term":[{"taxonomy":"category","embeddable":true,"href":"https:\/\/revistaepocadigital.com.ar\/index.php?rest_route=%2Fwp%2Fv2%2Fcategories&post=22634"},{"taxonomy":"post_tag","embeddable":true,"href":"https:\/\/revistaepocadigital.com.ar\/index.php?rest_route=%2Fwp%2Fv2%2Ftags&post=22634"}],"curies":[{"name":"wp","href":"https:\/\/api.w.org\/{rel}","templated":true}]}}