{"id":22652,"date":"2023-10-07T00:27:50","date_gmt":"2023-10-07T03:27:50","guid":{"rendered":"https:\/\/revistaepocadigital.com.ar\/?p=22652"},"modified":"2023-10-07T00:29:13","modified_gmt":"2023-10-07T03:29:13","slug":"los-candidatos-a-intendente-de-exaltacion-de-la-cruz-en-la-rural","status":"publish","type":"post","link":"https:\/\/revistaepocadigital.com.ar\/?p=22652","title":{"rendered":"Los candidatos a intendente de Exaltaci\u00f3n de la Cruz en La Rural"},"content":{"rendered":"<p>En un esquema de &#8220;<strong>conversatorio<\/strong>&#8221; la Sociedad Rural de ex. De la Cruz, Campa\u00f1a, Z\u00e1rate, organizo una importante reuni\u00f3n a pocos d\u00edas de las elecciones, que congreg\u00f3 a los candidatos a intendente y a concejales y consejeros escolares del distrito como Ra\u00fal Sancho y Patricio Diez de Juntos por el Cambio, Alejandro Marcus , Denisa Ver\u00f3n y Guillermo Mc Loughlin de La Libertad Avanza y Diego Nanni y Luis Mariano Mart\u00edn de Unidos por la Patria.<\/p>\n<figure id=\"attachment_22577\" aria-describedby=\"caption-attachment-22577\" style=\"width: 567px\" class=\"wp-caption aligncenter\"><img loading=\"lazy\" decoding=\"async\" class=\"aligncenter size-full wp-image-22653\" src=\"https:\/\/revistaepocadigital.com.ar\/wp-content\/uploads\/2023\/10\/nanni.jpeg\" alt=\"\" width=\"567\" height=\"633\" srcset=\"https:\/\/revistaepocadigital.com.ar\/wp-content\/uploads\/2023\/10\/nanni.jpeg 567w, https:\/\/revistaepocadigital.com.ar\/wp-content\/uploads\/2023\/10\/nanni-269x300.jpeg 269w, https:\/\/revistaepocadigital.com.ar\/wp-content\/uploads\/2023\/10\/nanni-376x420.jpeg 376w\" sizes=\"auto, (max-width: 567px) 100vw, 567px\" \/><figcaption id=\"caption-attachment-22577\" class=\"wp-caption-text\">Luis Mariano Mart\u00edn-Diego Nanni<\/figcaption><\/figure>\n<p>Durante el encuentro, al qu tambi\u00e9n asistieron representantes, m\u00e1s candidatos y colaboradores de las tres fuerzas pol\u00edticas y desde ya los due\u00f1os de casa, directivos de La Rural enbezados por su presidente Oscar Diez, productores inmersos en el presente y futuro del pa\u00eds, rodeado por cierto por grandes interrogantes, plantearon sus consultas e inquietudes vinculadas a tan vital sector, a los candidatos que\u00a0expusieron\u00a0.<\/p>\n<figure id=\"attachment_22577\" aria-describedby=\"caption-attachment-22577\" style=\"width: 567px\" class=\"wp-caption aligncenter\"><img loading=\"lazy\" decoding=\"async\" class=\"aligncenter size-full wp-image-22654\" src=\"https:\/\/revistaepocadigital.com.ar\/wp-content\/uploads\/2023\/10\/sancho.jpeg\" alt=\"\" width=\"567\" height=\"633\" srcset=\"https:\/\/revistaepocadigital.com.ar\/wp-content\/uploads\/2023\/10\/sancho.jpeg 567w, https:\/\/revistaepocadigital.com.ar\/wp-content\/uploads\/2023\/10\/sancho-269x300.jpeg 269w, https:\/\/revistaepocadigital.com.ar\/wp-content\/uploads\/2023\/10\/sancho-376x420.jpeg 376w\" sizes=\"auto, (max-width: 567px) 100vw, 567px\" \/><figcaption id=\"caption-attachment-22577\" class=\"wp-caption-text\">Patricio Diez-Raul Sancho<\/figcaption><\/figure>\n<p>Los candidatos hablaron sobre lo que han venido proponiendo al electorado de Exaltaci\u00f3n de la Cruz, as\u00ed como planes y proyectos a llevar a cabo en caso de ser elegidos en las inminentes\u00a0elecciones.<\/p>\n<figure id=\"attachment_22577\" aria-describedby=\"caption-attachment-22577\" style=\"width: 567px\" class=\"wp-caption aligncenter\"><img loading=\"lazy\" decoding=\"async\" class=\"aligncenter size-full wp-image-22655\" src=\"https:\/\/revistaepocadigital.com.ar\/wp-content\/uploads\/2023\/10\/marcus.jpeg\" alt=\"\" width=\"567\" height=\"633\" srcset=\"https:\/\/revistaepocadigital.com.ar\/wp-content\/uploads\/2023\/10\/marcus.jpeg 567w, https:\/\/revistaepocadigital.com.ar\/wp-content\/uploads\/2023\/10\/marcus-269x300.jpeg 269w, https:\/\/revistaepocadigital.com.ar\/wp-content\/uploads\/2023\/10\/marcus-376x420.jpeg 376w\" sizes=\"auto, (max-width: 567px) 100vw, 567px\" \/><figcaption id=\"caption-attachment-22577\" class=\"wp-caption-text\">Guillermo Mc Loughlin-Denisa Veron-Alejandro Marcus Roberto Galarza<\/figcaption><\/figure>\n<p>Para los directivos de la Rural fue <strong>\u201cuna jornada c\u00edvica muy importante\u00a0y\u00a0positiva\u201d<\/strong>.<br \/>\nLa hora para que el pueblo se exprese en las urnas para dar su veredicto, a la vuelta\u00a0de\u00a0la\u00a0esquina.<\/p>\n<pre>Por Epoca digital<\/pre>\n","protected":false},"excerpt":{"rendered":"<p>En un esquema de &#8220;conversatorio&#8221; la Sociedad Rural de ex. De la Cruz, Campa\u00f1a, Z\u00e1rate, organizo una importante reuni\u00f3n a pocos d\u00edas de las elecciones, que congreg\u00f3 a los candidatos a intendente y a concejales y consejeros escolares del distrito como Ra\u00fal Sancho y Patricio Diez de Juntos por el Cambio, Alejandro Marcus , Denisa [&hellip;]<\/p>\n","protected":false},"author":3,"featured_media":22655,"comment_status":"open","ping_status":"closed","sticky":false,"template":"","format":"standard","meta":{"footnotes":"","jetpack_publicize_message":"","jetpack_publicize_feature_enabled":true,"jetpack_social_post_already_shared":true,"jetpack_social_options":{"image_generator_settings":{"template":"highway","default_image_id":0,"font":"","enabled":false},"version":2}},"categories":[17],"tags":[],"class_list":["post-22652","post","type-post","status-publish","format-standard","has-post-thumbnail","hentry","category-politica"],"jetpack_publicize_connections":[],"jetpack_featured_media_url":"https:\/\/revistaepocadigital.com.ar\/wp-content\/uploads\/2023\/10\/marcus.jpeg","jetpack_likes_enabled":true,"_links":{"self":[{"href":"https:\/\/revistaepocadigital.com.ar\/index.php?rest_route=\/wp\/v2\/posts\/22652","targetHints":{"allow":["GET"]}}],"collection":[{"href":"https:\/\/revistaepocadigital.com.ar\/index.php?rest_route=\/wp\/v2\/posts"}],"about":[{"href":"https:\/\/revistaepocadigital.com.ar\/index.php?rest_route=\/wp\/v2\/types\/post"}],"author":[{"embeddable":true,"href":"https:\/\/revistaepocadigital.com.ar\/index.php?rest_route=\/wp\/v2\/users\/3"}],"replies":[{"embeddable":true,"href":"https:\/\/revistaepocadigital.com.ar\/index.php?rest_route=%2Fwp%2Fv2%2Fcomments&post=22652"}],"version-history":[{"count":0,"href":"https:\/\/revistaepocadigital.com.ar\/index.php?rest_route=\/wp\/v2\/posts\/22652\/revisions"}],"wp:featuredmedia":[{"embeddable":true,"href":"https:\/\/revistaepocadigital.com.ar\/index.php?rest_route=\/wp\/v2\/media\/22655"}],"wp:attachment":[{"href":"https:\/\/revistaepocadigital.com.ar\/index.php?rest_route=%2Fwp%2Fv2%2Fmedia&parent=22652"}],"wp:term":[{"taxonomy":"category","embeddable":true,"href":"https:\/\/revistaepocadigital.com.ar\/index.php?rest_route=%2Fwp%2Fv2%2Fcategories&post=22652"},{"taxonomy":"post_tag","embeddable":true,"href":"https:\/\/revistaepocadigital.com.ar\/index.php?rest_route=%2Fwp%2Fv2%2Ftags&post=22652"}],"curies":[{"name":"wp","href":"https:\/\/api.w.org\/{rel}","templated":true}]}}