{"id":22688,"date":"2023-10-12T08:23:18","date_gmt":"2023-10-12T11:23:18","guid":{"rendered":"https:\/\/revistaepocadigital.com.ar\/?p=22688"},"modified":"2023-10-12T08:35:05","modified_gmt":"2023-10-12T11:35:05","slug":"llamado-a-asamblea-general-ordinaria-periodo-2023-2024","status":"publish","type":"post","link":"https:\/\/revistaepocadigital.com.ar\/?p=22688","title":{"rendered":"LLAMADO A ASAMBLEA GENERAL ORDINARIA PERIODO 2023-2024"},"content":{"rendered":"<p>La Comisi\u00f3n Directiva de la Sociedad Rural de Exaltaci\u00f3n de la Cruz, Campana y Z\u00e1rate; convoca a sus socios a concurrir a la Asamblea General Ordinaria, que se realizara el d\u00eda 27de Octubre de 2023, a las 19:00 hs. en 1\u00ba convocatoria y a las 19:30 hs. en 2\u00b0 convocatoria, en la Sede Social, sita en calle Bolivar N\u00b0 437, Capilla del Se\u00f1or, para tratar el siguiente<\/p>\n<p style=\"text-align: center;\"><strong><u>ORDEN\u00a0 DEL\u00a0 DIA<\/u><\/strong><\/p>\n<ol>\n<li>Motivo del llamado fuera de t\u00e9rmino.<\/li>\n<li>Elecci\u00f3n de dos (2) socios para firmar el Acta de la Asamblea.<\/li>\n<li>Lectura y consideraci\u00f3n del Acta de la Asamblea anterior.<\/li>\n<li>Consideraci\u00f3n del Balance General, Memoria, Inventario, Cuentas de Ganancias y P\u00e9rdidas e Informe de la Comisi\u00f3n Revisora de Cuentas, del Ejercicio Econ\u00f3mico finalizado el d\u00eda 31\/12\/2022.<\/li>\n<li>Elecci\u00f3n de Vicepresidente 2\u00ba, Secretario, Pro-secretario, Tesorero, Secretario de Actas.<\/li>\n<li>Elecci\u00f3n de 2 (dos) vocales titulares en reemplazo de los se\u00f1ores socios Juan Jose Arricau\u00a0 y Dr. Maximiliano Martin Grassi, por finalizaci\u00f3n de mandatos.<\/li>\n<li>Elecci\u00f3n de siete (7) vocales suplentes para el per\u00edodo 2023\/2024.<\/li>\n<li>Elecci\u00f3n de tres (3) Revisores de Cuentas Titulares y tres (3) Revisores de Cuentas Suplentes y seis (6) Titulares para la Comisi\u00f3n de Honor, Conciliaci\u00f3n y Arbitraje para el periodo 2023\/2024.<\/li>\n<li>Cuota social. Ratificaci\u00f3n de la delegaci\u00f3n de atribuciones en la Comisi\u00f3n Directiva para su actualizaci\u00f3n y\/o modificaci\u00f3n y fijaci\u00f3n de criterios.<\/li>\n<li>Autorizaci\u00f3n para aplicar el Art. 25\u00ba, Inc. \u201cU\u201d, del Estatuto Social, facultando al Vicepresidente 1\u00ba conjuntamente al Tesorero y\/o al Secretario a firmar valores, cheques, libranzas y otros documentos bancarios y financieros.<\/li>\n<li>Homenaje a los Sres. Socios fallecidos.<\/li>\n<\/ol>\n<p>&nbsp;<\/p>\n<p style=\"text-align: left;\">\u00a0\u00a0\u00a0\u00a0\u00a0\u00a0 Carlos Angel Altieri\u00a0 \u00a0\u00a0\u00a0\u00a0\u00a0\u00a0\u00a0\u00a0\u00a0\u00a0\u00a0\u00a0\u00a0\u00a0\u00a0\u00a0\u00a0 \u00a0\u00a0\u00a0\u00a0\u00a0\u00a0\u00a0\u00a0\u00a0 \u00a0\u00a0\u00a0\u00a0\u00a0 Oscar Alberto Diez<\/p>\n<p style=\"text-align: left;\">\u00a0 \u00a0\u00a0\u00a0\u00a0\u00a0\u00a0\u00a0 \u00a0\u00a0Secretario\u00a0\u00a0\u00a0\u00a0\u00a0\u00a0\u00a0\u00a0\u00a0\u00a0\u00a0\u00a0\u00a0\u00a0\u00a0\u00a0\u00a0\u00a0\u00a0 \u00a0\u00a0 \u00a0\u00a0\u00a0\u00a0\u00a0\u00a0\u00a0\u00a0\u00a0\u00a0\u00a0\u00a0\u00a0\u00a0\u00a0\u00a0\u00a0\u00a0\u00a0\u00a0\u00a0\u00a0\u00a0\u00a0 Presidente.<\/p>\n<p>&nbsp;<\/p>\n<p>DE NUESTROS ESTATUTOS:<\/p>\n<p>Art. 47 Inc. C: Para tener voz y voto en la Asamblea se requiere estar al d\u00eda con las cuotas sociales. Inc. D: no mantener deuda con la Entidad.<\/p>\n<p>Art. 20: Los Sres. Socios deber\u00e1n tener una antig\u00fcedad de un a\u00f1o como m\u00ednimo para formar parte de la Comisi\u00f3n Directiva.<\/p>\n","protected":false},"excerpt":{"rendered":"<p>La Comisi\u00f3n Directiva de la Sociedad Rural de Exaltaci\u00f3n de la Cruz, Campana y Z\u00e1rate; convoca a sus socios a concurrir a la Asamblea General Ordinaria, que se realizara el d\u00eda 27de Octubre de 2023, a las 19:00 hs. en 1\u00ba convocatoria y a las 19:30 hs. en 2\u00b0 convocatoria, en la Sede Social, sita [&hellip;]<\/p>\n","protected":false},"author":3,"featured_media":22690,"comment_status":"open","ping_status":"closed","sticky":false,"template":"","format":"standard","meta":{"footnotes":"","jetpack_publicize_message":"","jetpack_publicize_feature_enabled":true,"jetpack_social_post_already_shared":true,"jetpack_social_options":{"image_generator_settings":{"template":"highway","default_image_id":0,"font":"","enabled":false},"version":2}},"categories":[11],"tags":[],"class_list":["post-22688","post","type-post","status-publish","format-standard","has-post-thumbnail","hentry","category-entidades"],"jetpack_publicize_connections":[],"jetpack_featured_media_url":"https:\/\/revistaepocadigital.com.ar\/wp-content\/uploads\/2023\/10\/socrural.jpg","jetpack_likes_enabled":true,"_links":{"self":[{"href":"https:\/\/revistaepocadigital.com.ar\/index.php?rest_route=\/wp\/v2\/posts\/22688","targetHints":{"allow":["GET"]}}],"collection":[{"href":"https:\/\/revistaepocadigital.com.ar\/index.php?rest_route=\/wp\/v2\/posts"}],"about":[{"href":"https:\/\/revistaepocadigital.com.ar\/index.php?rest_route=\/wp\/v2\/types\/post"}],"author":[{"embeddable":true,"href":"https:\/\/revistaepocadigital.com.ar\/index.php?rest_route=\/wp\/v2\/users\/3"}],"replies":[{"embeddable":true,"href":"https:\/\/revistaepocadigital.com.ar\/index.php?rest_route=%2Fwp%2Fv2%2Fcomments&post=22688"}],"version-history":[{"count":0,"href":"https:\/\/revistaepocadigital.com.ar\/index.php?rest_route=\/wp\/v2\/posts\/22688\/revisions"}],"wp:featuredmedia":[{"embeddable":true,"href":"https:\/\/revistaepocadigital.com.ar\/index.php?rest_route=\/wp\/v2\/media\/22690"}],"wp:attachment":[{"href":"https:\/\/revistaepocadigital.com.ar\/index.php?rest_route=%2Fwp%2Fv2%2Fmedia&parent=22688"}],"wp:term":[{"taxonomy":"category","embeddable":true,"href":"https:\/\/revistaepocadigital.com.ar\/index.php?rest_route=%2Fwp%2Fv2%2Fcategories&post=22688"},{"taxonomy":"post_tag","embeddable":true,"href":"https:\/\/revistaepocadigital.com.ar\/index.php?rest_route=%2Fwp%2Fv2%2Ftags&post=22688"}],"curies":[{"name":"wp","href":"https:\/\/api.w.org\/{rel}","templated":true}]}}