{"id":22714,"date":"2023-10-17T01:27:27","date_gmt":"2023-10-17T04:27:27","guid":{"rendered":"https:\/\/revistaepocadigital.com.ar\/?p=22714"},"modified":"2023-10-17T01:27:27","modified_gmt":"2023-10-17T04:27:27","slug":"el-gran-premio-historico-volvio-a-concitar-la-atencion-gran-actuacion-del-capillense-pedro-sarri","status":"publish","type":"post","link":"https:\/\/revistaepocadigital.com.ar\/?p=22714","title":{"rendered":"El Gran Premio Hist\u00f3rico volvi\u00f3 a concitar la atenci\u00f3n. Gran actuaci\u00f3n del capillense Pedro Sarri"},"content":{"rendered":"<p><strong>UN CL\u00c1SICO DEL AUTOMOVILISMO CL\u00c1SICO CON PARTICIPACI\u00d3N DE DOS PARTICIPANTES DE EXALTACI\u00d3N DE LA CRUZ<\/strong><\/p>\n<p><strong>Pedro Sarri con su Ford Falcon, quien compite desde hace varios a\u00f1os en el Gran Premio Argentino Hist\u00f3rico organizado por el Autom\u00f3vil Club Argentino, triunf\u00f3 en su categor\u00eda. En tanto, Gustavo Oribe navegado por su hijo por primera vez, en una cup\u00e9 Ford 1940, luego de superar inconvenientes mec\u00e1nicos, completaron el recorrido.<\/strong><\/p>\n<p><!--more--><\/p>\n<p><span lang=\"es\">La vig\u00e9sima edici\u00f3n del <strong>Gran Premio Argentino Hist\u00f3rico<\/strong> consagr\u00f3 como vencedores al binomio <strong>Edgardo Vergagni<\/strong> y <strong>V\u00edctor Sorrentino<\/strong> con Peugeot 404 del a\u00f1o 1977. Los oriundos de Monte Grande fueron galardonados por el Vicepresidente primero del ACA, el Lic.<strong> C\u00e9sar Carman (h)<\/strong> y por el Vicepresidente segundo <strong>Jorge Revello<\/strong> (foto inferior) en la cena de premiaci\u00f3n realizada en la ciudad de Villa Carlos Paz, provincia de C\u00f3rdoba, donde frente al lago San Roque finaliz\u00f3 oficialmente la prueba.<\/span><\/p>\n<p><img loading=\"lazy\" decoding=\"async\" class=\"aligncenter size-full wp-image-200498\" src=\"https:\/\/visionauto.com.ar\/wp-content\/uploads\/2023\/10\/ACA2.jpg\" alt=\"\" width=\"1459\" height=\"973\" \/><\/p>\n<p><em><strong>.El vicepresidente 2\u00b0 del Autom\u00f3vil Club Argentino (ACA), Jorge Revello entrega los <\/strong><\/em><em><strong>premios a los ganadores de la clasificaci\u00f3n general.<\/strong><\/em><\/p>\n<p><span lang=\"es\">La vig\u00e9sima edici\u00f3n del <strong>Gran Premio Argentino Hist\u00f3rico<\/strong> consagr\u00f3 como vencedores al binomio <strong>Edgardo Vergagni<\/strong> y <strong>V\u00edctor Sorrentino<\/strong> con Peugeot 404 del a\u00f1o 1977. Los oriundos de Monte Grande fueron galardonados por el Vicepresidente primero del ACA, el Lic.<strong> C\u00e9sar Carman (h)<\/strong> y por el Vicepresidente segundo <strong>Jorge Revello<\/strong> (foto inferior) en la cena de premiaci\u00f3n realizada en la ciudad de Villa Carlos Paz, provincia de C\u00f3rdoba, donde frente al lago San Roque finaliz\u00f3 oficialmente la prueba.<\/span><\/p>\n<p><span lang=\"es\">Se vivi\u00f3 una extraordinaria vig\u00e9sima edici\u00f3n que <strong>a lo largo de sus 3.137 kil\u00f3metros atraves\u00f3 siete provincias: Buenos Aires, Santa Fe, C\u00f3rdoba, La Rioja, Catamarca, Tucum\u00e1n y San Juan<\/strong>. El s\u00e1bado pasado largaron 157 autom\u00f3viles desde la Ciudad Aut\u00f3noma de Buenos Aires y arribaron 124 a Villa Carlos Paz.<\/span><\/p>\n<p><span lang=\"es\">Los vencedores repitieron el triunfo conseguido en 2019. Vergagni-Sorrentino que son campeones absolutos GPA del a\u00f1o 2022, <strong>no obtuvieron ninguna etapa, pero su impecable regularidad promedio los llev\u00f3 al \u00e9xito<\/strong>. Fueron segundos en la primera etapa a Villa General Belgrano, octavos en la segunda a San Fernando del Valle de Catamarca, cuartos en la tercera por la provincia catamarque\u00f1a, segundos en la cuarta jornada hasta San Juan y nuevamente segundos en la quinta y definitiva hasta Villa Carlos Paz que fue ganada por los Osman.<\/span><\/p>\n<p><span lang=\"es\">Con semejante actuaci\u00f3n prevalecieron sobre Carlos Castelli y Juli\u00e1n Quattrocchi (Fiat 128, 1975) por dos segundos y diecis\u00e9is cent\u00e9simas. Completaron el podio los campeones paraguayos Esteban Gauto y Michael Meier (VW Passat, 1981) a m\u00e1s de cuatro segundos. La nota del d\u00eda fue el abandono de Rossi-Nasazzi (BMW 520, 1981) a causa del embrague. Este binomio de Firmat punte\u00f3 durante dos jornadas.<\/span><\/p>\n<figure id=\"attachment_200500\" aria-describedby=\"caption-attachment-200500\" style=\"width: 727px\" class=\"wp-caption aligncenter\"><img loading=\"lazy\" decoding=\"async\" class=\"size-full wp-image-200500\" src=\"https:\/\/visionauto.com.ar\/wp-content\/uploads\/2023\/10\/3309fe36-9d11-4da1-b7bd-15c2972d64fc.jpg\" alt=\"\" width=\"727\" height=\"1024\" \/><figcaption id=\"caption-attachment-200500\" class=\"wp-caption-text\">Don Pedro Sarri, un habitu\u00e9 del GPH, oriundo de Capilla del se\u00f1or, gan\u00f3 su categor\u00eda con su venerable Ford Falcon.<\/figcaption><\/figure>\n<p><span lang=\"es\">En la concurrida clase veloc\u00edmetro Lucas y Leandro Garc\u00eda (Fiat 1500, 1968, foto inferior) confirmaron su superioridad demostrada al mantenerse al frente de la general todos los d\u00edas. Los escoltaron a m\u00e1s de tres segundos Roberto y Santiago Rodr\u00edguez (Peugeot 404, 1973), terceros Pablo Weiss junto a Emilio Tapia (Fiat 128, 1977).<\/span><\/p>\n<p><img loading=\"lazy\" decoding=\"async\" class=\"aligncenter size-full wp-image-200499\" src=\"https:\/\/visionauto.com.ar\/wp-content\/uploads\/2023\/10\/ACA3.jpg\" alt=\"\" width=\"1624\" height=\"1080\" \/><\/p>\n<p><span lang=\"es\">El ACA y los participantes en el Gran Premio hicieron su aporte solidario con m\u00e1s de tres toneladas de alimentos no perecederos que se fueron acumulando en cada cabecera de arribo.<\/span><\/p>\n<figure id=\"attachment_200501\" aria-describedby=\"caption-attachment-200501\" style=\"width: 543px\" class=\"wp-caption aligncenter\"><img loading=\"lazy\" decoding=\"async\" class=\"size-full wp-image-200501\" src=\"https:\/\/visionauto.com.ar\/wp-content\/uploads\/2023\/10\/cade2e10-a5d2-473b-86cb-8fddf59a12a4.jpg\" alt=\"\" width=\"543\" height=\"656\" \/><figcaption id=\"caption-attachment-200501\" class=\"wp-caption-text\">Gustavo Oribe y su hijo, de Los Cardales, corrieron el GPH por primera vez en una cup\u00e9 Ford 1940 y completaron el recorrido.<\/figcaption><\/figure>\n<p><em><span lang=\"es\">Fotos para Prensa ACA \u2013 Juan Biaggini y Miguel Tillous<\/span><\/em><\/p>\n<pre><\/pre>\n<p>&nbsp;<\/p>\n","protected":false},"excerpt":{"rendered":"<p>UN CL\u00c1SICO DEL AUTOMOVILISMO CL\u00c1SICO CON PARTICIPACI\u00d3N DE DOS PARTICIPANTES DE EXALTACI\u00d3N DE LA CRUZ Pedro Sarri con su Ford Falcon, quien compite desde hace varios a\u00f1os en el Gran Premio Argentino Hist\u00f3rico organizado por el Autom\u00f3vil Club Argentino, triunf\u00f3 en su categor\u00eda. En tanto, Gustavo Oribe navegado por su hijo por primera vez, en [&hellip;]<\/p>\n","protected":false},"author":4,"featured_media":22715,"comment_status":"open","ping_status":"closed","sticky":false,"template":"","format":"standard","meta":{"footnotes":"","jetpack_publicize_message":"","jetpack_publicize_feature_enabled":true,"jetpack_social_post_already_shared":true,"jetpack_social_options":{"image_generator_settings":{"template":"highway","default_image_id":0,"font":"","enabled":false},"version":2}},"categories":[9],"tags":[2152,2498,1101,73],"class_list":["post-22714","post","type-post","status-publish","format-standard","has-post-thumbnail","hentry","category-deportes","tag-2152","tag-gran-premio-historico","tag-oribe","tag-sarri"],"jetpack_publicize_connections":[],"jetpack_featured_media_url":"https:\/\/revistaepocadigital.com.ar\/wp-content\/uploads\/2023\/10\/gph-23-sarri.jpg","jetpack_likes_enabled":true,"_links":{"self":[{"href":"https:\/\/revistaepocadigital.com.ar\/index.php?rest_route=\/wp\/v2\/posts\/22714","targetHints":{"allow":["GET"]}}],"collection":[{"href":"https:\/\/revistaepocadigital.com.ar\/index.php?rest_route=\/wp\/v2\/posts"}],"about":[{"href":"https:\/\/revistaepocadigital.com.ar\/index.php?rest_route=\/wp\/v2\/types\/post"}],"author":[{"embeddable":true,"href":"https:\/\/revistaepocadigital.com.ar\/index.php?rest_route=\/wp\/v2\/users\/4"}],"replies":[{"embeddable":true,"href":"https:\/\/revistaepocadigital.com.ar\/index.php?rest_route=%2Fwp%2Fv2%2Fcomments&post=22714"}],"version-history":[{"count":0,"href":"https:\/\/revistaepocadigital.com.ar\/index.php?rest_route=\/wp\/v2\/posts\/22714\/revisions"}],"wp:featuredmedia":[{"embeddable":true,"href":"https:\/\/revistaepocadigital.com.ar\/index.php?rest_route=\/wp\/v2\/media\/22715"}],"wp:attachment":[{"href":"https:\/\/revistaepocadigital.com.ar\/index.php?rest_route=%2Fwp%2Fv2%2Fmedia&parent=22714"}],"wp:term":[{"taxonomy":"category","embeddable":true,"href":"https:\/\/revistaepocadigital.com.ar\/index.php?rest_route=%2Fwp%2Fv2%2Fcategories&post=22714"},{"taxonomy":"post_tag","embeddable":true,"href":"https:\/\/revistaepocadigital.com.ar\/index.php?rest_route=%2Fwp%2Fv2%2Ftags&post=22714"}],"curies":[{"name":"wp","href":"https:\/\/api.w.org\/{rel}","templated":true}]}}