{"id":22722,"date":"2023-10-19T00:55:21","date_gmt":"2023-10-19T03:55:21","guid":{"rendered":"https:\/\/revistaepocadigital.com.ar\/?p=22722"},"modified":"2023-10-19T00:55:21","modified_gmt":"2023-10-19T03:55:21","slug":"aca-esta-el-futuro-presidente-de-los-argentinos","status":"publish","type":"post","link":"https:\/\/revistaepocadigital.com.ar\/?p=22722","title":{"rendered":"AC\u00c1 EST\u00c1 EL FUTURO PRESIDENTE DE LOS ARGENTINOS"},"content":{"rendered":"<div class=\"lay-sidebar\">\n<div class=\"sidebar__main\">\n<section class=\"cuerpo__nota\">\n<div class=\"row\">\n<div class=\"col-deskxl-10 offset-deskxl-1 col-desksm-11\">\n<div class=\"row\">\n<div class=\"col-12\">\n<p class=\"com-paragraph --capital --s\"><strong>LAS BOLETAS ELECTORALES.<\/strong><\/p>\n<p class=\"com-paragraph --capital --s\"><strong>El domingo 22 de octubre llega.<!--more--><\/strong><\/p>\n<p class=\"com-paragraph --capital --s\">\n<h2 class=\"com-title --font-primary --xl --font-extra\"><b>Una por una: <\/b><\/h2>\n<h2 class=\"com-title --font-primary --xl --font-extra\"><b>Las boletas de los candidatos a presidentes<\/b><\/h2>\n<p>&nbsp;<\/p>\n<h3 class=\"com-title --font-primary --l --font-extra\">Javier Milei (La Libertad Avanza)<\/h3>\n<div class=\"hidden\">\n<div class=\"mod-banner --middle_1_dsk \">\n<div id=\"middle_1_dsk\" class=\"com-banner \" data-slot-group=\"nota\" data-device=\"desktop\" data-subscription=\"true\" data-ad-unit-path=\"\/133919216\/la_nacion_desktop\/Nota\/middle_1_dsk\" data-targeting=\"{&quot;sitio&quot;:&quot;lanacion&quot;,&quot;seccion&quot;:&quot;nota&quot;}\" data-without-hide=\"true\" data-size=\"[[1,1],[640,360],[640,480],[728,90]]\" data-sizemap=\"[]\" data-prebid-enabled=\"true\" data-google-query-id=\"CP7QxpORgYIDFQdK3QIdOLsHUA\">\n<div id=\"google_ads_iframe_\/133919216\/la_nacion_desktop\/Nota\/middle_1_dsk_0__container__\"><\/div>\n<\/div>\n<\/div>\n<\/div>\n<p class=\"com-paragraph --s\"><a class=\"com-link\" title=\"Tiene 52 a\u00f1os, es economista de profesi\u00f3n y se define a s\u00ed mismo como \u201canarcocapitalista\u201d en la teor\u00eda y \u201cminarquista\u201d\" href=\"https:\/\/www.lanacion.com.ar\/politica\/frases-destacadas-de-javier-milei-en-el-segundo-debate-presidencial-2023-nid08102023\/\" target=\"_self\" rel=\"noopener\" data-reactroot=\"\">Tiene 52 a\u00f1os, es economista de profesi\u00f3n y se define a s\u00ed mismo como \u201canarcocapitalista\u201d en la teor\u00eda y \u201cminarquista\u201d<\/a>\u00a0en la pr\u00e1ctica, por lo que propone la reducci\u00f3n del Estado a la seguridad, la educaci\u00f3n y la salud. Entre sus promesas de campa\u00f1a se cuentan la\u00a0<strong>dolarizaci\u00f3n<\/strong>, la eliminaci\u00f3n del<strong>\u00a0Banco Central (BCRA)\u00a0<\/strong>y una reducci\u00f3n del gasto p\u00fablico en 15 puntos porcentuales del PBI.<\/p>\n<div class=\"hidden\"><\/div>\n<p class=\"com-paragraph --s\">Va con la\u00a0<strong>lista 135<\/strong>\u00a0y la\u00a0<strong>boleta\u00a0<\/strong>lleva la imagen de\u00a0<strong>Milei\u00a0<\/strong>y\u00a0<strong>Villarruel\u00a0<\/strong>en su frente.<\/p>\n<div class=\"hidden\"><\/div>\n<div class=\"content-media\">\n<section class=\"mod-media --zoom \" role=\"button\">\n<figure class=\"mod-figure \" role=\"button\">\n<div class=\"placeholder \">\n<div class=\"com-image\"><picture><source srcset=\"https:\/\/resizer.glanacion.com\/resizer\/v2\/asi-es-la-boleta-de-javier-milei-como-candidato-a-T5WMRC6BW5GRNA2LVE3LJFMYAE.png?auth=0c2a62d39401f325cbd474675c4460a1b58babf1f2d3be1b69e7b12eba407530&amp;width=780&amp;height=1170&amp;quality=70&amp;smart=true\" media=\"(min-width: 768px)\" \/><img loading=\"lazy\" decoding=\"async\" class=\"image flex com-image\" src=\"https:\/\/resizer.glanacion.com\/resizer\/v2\/asi-es-la-boleta-de-javier-milei-como-candidato-a-T5WMRC6BW5GRNA2LVE3LJFMYAE.png?auth=0c2a62d39401f325cbd474675c4460a1b58babf1f2d3be1b69e7b12eba407530&amp;width=420&amp;height=630&amp;quality=70&amp;smart=true\" alt=\"As\u00ed es la boleta de Javier Milei como candidato a presidente\" width=\"1333\" height=\"2000\" \/><\/picture><\/div>\n<\/div><figcaption class=\"mod-figcaption\"><\/figcaption><\/figure>\n<\/section>\n<\/div>\n<div class=\"hidden\">\n<div class=\"mod-banner --middle_2_dsk \">\n<div id=\"middle_2_dsk\" class=\"com-banner \" data-slot-group=\"nota\" data-device=\"desktop\" data-subscription=\"true\" data-ad-unit-path=\"\/133919216\/la_nacion_desktop\/Nota\/middle_2_dsk\" data-targeting=\"{&quot;sitio&quot;:&quot;lanacion&quot;,&quot;seccion&quot;:&quot;nota&quot;}\" data-without-hide=\"true\" data-size=\"[[1,1],[728,90]]\" data-sizemap=\"[]\" data-prebid-enabled=\"true\" data-google-query-id=\"CP_QxpORgYIDFQdK3QIdOLsHUA\">\n<div><\/div>\n<div><\/div>\n<div id=\"google_ads_iframe_\/133919216\/la_nacion_desktop\/Nota\/middle_2_dsk_0__container__\"><span style=\"color: #111111; font-family: Roboto, sans-serif; font-size: 22px;\">Patricia Bullrich (Juntos por el Cambio)<\/span><\/div>\n<\/div>\n<\/div>\n<\/div>\n<p class=\"com-paragraph --s\"><strong>La candidata que encabeza la boleta de Juntos por el Cambio, Patricia Bullrich<\/strong>. Fue la ganadora de la interna de\u00a0<strong>Juntos por el Cambio<\/strong>\u00a0en las\u00a0<strong>PASO\u00a0<\/strong>contra\u00a0<strong>Horacio Rodr\u00edguez Larreta<\/strong>, que en conjunto obtuvieron el 28 por ciento de los votos, por lo que fue la segunda fuerza pol\u00edtica con m\u00e1s votos. Su compa\u00f1ero de f\u00f3rmula es el radical\u00a0<strong>Luis Petri<\/strong>, quien se desempe\u00f1\u00f3 como diputado nacional por la provincia de Mendoza.<\/p>\n<p class=\"com-paragraph --s\">Tiene la\u00a0<strong>lista 132\u00a0<\/strong>y su\u00a0<strong>boleta<\/strong>\u00a0tiene la imagen de los dos candidatos al ejecutivo en su frente.<\/p>\n<div class=\"content-media\">\n<section class=\"mod-media --zoom \" role=\"button\">\n<figure class=\"mod-figure \" role=\"button\">\n<div class=\"placeholder \">\n<div class=\"com-image\"><picture><source srcset=\"https:\/\/resizer.glanacion.com\/resizer\/v2\/asi-es-la-boleta-de-patricia-bullrich-como-ZXZFX2IZCZDG5O4MTHN45Y253U.png?auth=f88da8bba86191cd58c791e859b742642935232915966e164ac0dcb7bcf2d6e9&amp;width=780&amp;height=1170&amp;quality=70&amp;smart=true\" media=\"(min-width: 768px)\" \/><img loading=\"lazy\" decoding=\"async\" class=\"image flex com-image\" src=\"https:\/\/resizer.glanacion.com\/resizer\/v2\/asi-es-la-boleta-de-patricia-bullrich-como-ZXZFX2IZCZDG5O4MTHN45Y253U.png?auth=f88da8bba86191cd58c791e859b742642935232915966e164ac0dcb7bcf2d6e9&amp;width=420&amp;height=630&amp;quality=70&amp;smart=true\" alt=\"As\u00ed es la boleta de Patricia Bullrich como candidata a presidente\" width=\"1333\" height=\"2000\" \/><\/picture><\/div>\n<\/div><figcaption class=\"mod-figcaption\"><\/figcaption><\/figure>\n<\/section>\n<\/div>\n<h2><\/h2>\n<h2 class=\"com-title --font-primary --xl --font-extra\">Sergio Massa (Uni\u00f3n por la Patria)<\/h2>\n<p class=\"com-paragraph --s\">Por el oficialismo van como candidatos a presidente y vice el ministro de Econom\u00eda,<strong>\u00a0Sergio Massa<\/strong>, y el jefe de Gabinete,<strong>\u00a0Agust\u00edn Rossi,\u00a0<\/strong>respectivamente. En las PASO,\u00a0<strong>Uni\u00f3n por la Patria<\/strong>\u00a0qued\u00f3 en tercer lugar con el 27,28 por ciento de los\u00a0<strong>sufragios<\/strong>. Es la segunda postulaci\u00f3n presidencial de Massa.<\/p>\n<p class=\"com-paragraph --s\">Su\u00a0<strong>boleta\u00a0<\/strong>va con la\u00a0<strong>lista 134<\/strong>\u00a0y lleva la imagen de los candidatos en su frente.<\/p>\n<div class=\"content-media\">\n<section class=\"mod-media \" role=\"button\">\n<figure class=\"mod-figure \" role=\"button\">\n<div class=\"placeholder \">\n<div class=\"com-image\"><picture><source srcset=\"https:\/\/resizer.glanacion.com\/resizer\/v2\/asi-es-la-boleta-de-sergio-massa-de-cara-a-los-AOZL6MRJ3JB5BA5NRNLNTZLLMI.jpg?auth=4c5e4878a98033f2fe5c59cbec7306c7178792d5de5e3186c7d6e5939a7804d5&amp;width=780&amp;height=1231&amp;quality=70&amp;smart=true\" media=\"(min-width: 768px)\" \/><img loading=\"lazy\" decoding=\"async\" class=\"image flex com-image\" src=\"https:\/\/resizer.glanacion.com\/resizer\/v2\/asi-es-la-boleta-de-sergio-massa-de-cara-a-los-AOZL6MRJ3JB5BA5NRNLNTZLLMI.jpg?auth=4c5e4878a98033f2fe5c59cbec7306c7178792d5de5e3186c7d6e5939a7804d5&amp;width=420&amp;height=663&amp;quality=70&amp;smart=true\" alt=\"As\u00ed es la boleta de Sergio Massa de cara a los comicios de este 2023\" width=\"711\" height=\"1122\" \/><\/picture><\/div>\n<\/div><figcaption class=\"mod-figcaption\"><\/figcaption><\/figure>\n<\/section>\n<\/div>\n<div class=\"hidden\"><\/div>\n<h3 class=\"com-title --font-primary --l --font-extra\">Juan Schiaretti (Hacemos por Nuestro Pa\u00eds)<\/h3>\n<p class=\"com-paragraph --s\">El actual gobernado de la provincia de C\u00f3rdoba,\u00a0<strong>Juan Schiaretti<\/strong>, lidera la lista de espacio\u00a0<strong>Hacemos por Nuestro Pa\u00eds<\/strong>. Tiene como candidato a vicepresidente al exministro de Transporte\u00a0<strong>Florencio Randazzo<\/strong>.<a class=\"com-link\" title=\" Ambos obtuvieron el 3,71 por ciento de los votos en las PASO\" href=\"https:\/\/www.lanacion.com.ar\/politica\/hacemos-por-nuestro-pais-asi-es-la-boleta-electoral-de-juan-schiaretti-y-florencio-randazzo-nid14072023\/\" target=\"_self\" rel=\"noopener\" data-reactroot=\"\">\u00a0Ambos obtuvieron el 3,71 por ciento de los votos en las PASO<\/a>, lo que les dio un lugar en las elecciones generales.<\/p>\n<p class=\"com-paragraph --s\"><strong>Schiaretti<\/strong>\u00a0ofrece una agenda m\u00e1s federal en sus propuestas. Plante\u00f3 \u201cque trabajar y estudiar cueste lo mismo en cada rinc\u00f3n de la patria\u201d, as\u00ed como mantener la educaci\u00f3n p\u00fablica y est\u00edmulos a las econom\u00edas regionales.<\/p>\n<p class=\"com-paragraph --s\">Su\u00a0<strong>boleta\u00a0<\/strong>va con<strong>\u00a0<\/strong>la\u00a0<strong>lista 133<\/strong>\u00a0y tienen la imagen de ambos candidatos.<\/p>\n<div class=\"content-media\">\n<section class=\"mod-media --zoom \" role=\"button\">\n<figure class=\"mod-figure \" role=\"button\">\n<div class=\"placeholder \">\n<div class=\"com-image\"><picture><source srcset=\"https:\/\/resizer.glanacion.com\/resizer\/v2\/asi-es-la-boleta-de-juan-schiaretti-como-AI37MZS7Q5F2HENLQB5W3VURMQ.png?auth=e134d8868ca4eeab807d80380298d251ab91b88c60bc75404bab751954c9ddce&amp;width=780&amp;height=1170&amp;quality=70&amp;smart=true\" media=\"(min-width: 768px)\" \/><img loading=\"lazy\" decoding=\"async\" class=\"image flex com-image\" src=\"https:\/\/resizer.glanacion.com\/resizer\/v2\/asi-es-la-boleta-de-juan-schiaretti-como-AI37MZS7Q5F2HENLQB5W3VURMQ.png?auth=e134d8868ca4eeab807d80380298d251ab91b88c60bc75404bab751954c9ddce&amp;width=420&amp;height=630&amp;quality=70&amp;smart=true\" alt=\"As\u00ed es la boleta de Juan Schiaretti como candidato a presidente\" width=\"1333\" height=\"2000\" \/><\/picture><\/div>\n<\/div><figcaption class=\"mod-figcaption\"><\/figcaption><\/figure>\n<\/section>\n<\/div>\n<h3><\/h3>\n<h3 class=\"com-title --font-primary --l --font-extra\">Myriam Bregman (Frente de Izquierda y de los Trabajadores- Unidad)<\/h3>\n<p class=\"com-paragraph --s\"><strong>Myriam Bregman<\/strong> la candidata del <strong>Frente de Izquierda y de los Trabajadores Unidad<\/strong> La dirigente del Partido de los Trabajadores Socialistas es diputada nacional por la Ciudad Aut\u00f3noma de Buenos Aires (CABA). Su compa\u00f1ero de f\u00f3rmula es\u00a0<strong>Nicol\u00e1s del Ca\u00f1o<\/strong>.<\/p>\n<p class=\"com-paragraph --s\">Entre sus propuestas, se cuentan la nacionalizaci\u00f3n del comercio exterior, la reducci\u00f3n de la jornada laboral a 6 horas, 5 d\u00edas a la semana y un aumento de emergencia de salarios, jubilaciones y programas sociales que equivalga al valor de una canasta familiar.<\/p>\n<p class=\"com-paragraph --s\">Tiene la<strong>\u00a0lista 136<\/strong>, que aparece en la\u00a0<strong>boleta\u00a0<\/strong>arriba de la imagen de ambos candidatos.<\/p>\n<div class=\"content-media\">\n<section class=\"mod-media --zoom \" role=\"button\">\n<figure class=\"mod-figure \" role=\"button\">\n<div class=\"placeholder \">\n<div class=\"com-image\"><picture><source srcset=\"https:\/\/resizer.glanacion.com\/resizer\/v2\/asi-es-la-boleta-de-myriam-bregman-como-candidata-HSRVDWA3BBHCLHL2SLMSEGIUGM.png?auth=f1cf49a4bc35d8103f7ccae44b70c74abbf76627abdda07dd79d7512af5b5c0e&amp;width=780&amp;height=1170&amp;quality=70&amp;smart=true\" media=\"(min-width: 768px)\" \/><img loading=\"lazy\" decoding=\"async\" class=\"image flex com-image\" src=\"https:\/\/resizer.glanacion.com\/resizer\/v2\/asi-es-la-boleta-de-myriam-bregman-como-candidata-HSRVDWA3BBHCLHL2SLMSEGIUGM.png?auth=f1cf49a4bc35d8103f7ccae44b70c74abbf76627abdda07dd79d7512af5b5c0e&amp;width=420&amp;height=630&amp;quality=70&amp;smart=true\" alt=\"As\u00ed es la boleta de Myriam Bregman como candidata a presidente\" width=\"1333\" height=\"2000\" \/><\/picture><\/div>\n<\/div><figcaption class=\"mod-figcaption\"><\/figcaption><\/figure>\n<\/section>\n<\/div>\n<h2 class=\"com-title --font-primary --xl --font-extra\"><strong>Qu\u00e9 debe pasar en las elecciones para que haya balotaje<\/strong><\/h2>\n<p class=\"com-paragraph --s\">En el caso de que ninguno de los\u00a0<strong>candidatos presidenciales\u00a0<\/strong>obtenga el 45 por ciento de los sufragios o el 40 por ciento sumado a una diferencia de 10 puntos con respecto al segundo postulante, se desarrollar\u00e1 una segunda vuelta o\u00a0<em><strong>balotaje <\/strong><\/em>entre los dos que obtuvieron la mayor cantidad de\u00a0<strong>votos<\/strong>.<\/p>\n<h2 class=\"com-title --font-primary --xl --font-extra\"><strong>\u00bfCu\u00e1ndo ser\u00eda un eventual balotaje?<\/strong><\/h2>\n<div class=\"content-media\">\n<section class=\"mod-media\">\n<div class=\"mod-video\">\n<div class=\"video-player --background --ar-16-9\">\n<div id=\"facade-Elecciones 2023 en Argentina: \u00bfPor qu\u00e9 es importante que vayas a votar?\" class=\"content-facade-jw\">\n<div id=\"button-play\" class=\"button-play\"><\/div>\n<\/div>\n<\/div>\n<\/div>\n<\/section>\n<\/div>\n<p class=\"com-paragraph --s\">El calendario electoral prev\u00e9 la posibilidad de una\u00a0<strong>segunda vuelta<\/strong>, que deber\u00eda realizarse el 19 de noviembre. Adem\u00e1s, en caso de acceder a esta instancia electoral,\u00a0<a class=\"com-link\" title=\"tambi\u00e9n se realizar\u00e1 un debate presidencial \" href=\"https:\/\/www.lanacion.com.ar\/politica\/cuando-es-el-segundo-debate-presidencial-2023-dia-hora-y-lugar-nid01102023\/\" target=\"_self\" rel=\"noopener\" data-reactroot=\"\">tambi\u00e9n se realizar\u00e1 un\u00a0<strong>debate presidencial<\/strong>\u00a0<\/a>entre los dos contendientes, que est\u00e1 programado para el 12 de noviembre, en la Facultad de Derecho de la Universidad de Buenos Aires, ubicada en la Ciudad Aut\u00f3noma de Buenos Aires.<\/p>\n<h3 class=\"com-title --font-primary --l --font-medium\"><strong><a class=\"com-link\" title=\"Tr\u00e1mite online. \u00bfC\u00f3mo consultar el padr\u00f3n electoral para las elecciones 2023?\" href=\"https:\/\/www.lanacion.com.ar\/politica\/donde-voto-consulta-el-padron-electoral-para-las-elecciones-2023-nid17102023\/\"><span class=\"com-lead\">Tr\u00e1mite online.\u00a0<\/span>\u00bfC\u00f3mo consultar el padr\u00f3n electoral para las elecciones 2023?<\/a><\/strong><\/h3>\n<div class=\"row\">\n<div class=\"col-12\">\n<section class=\"keep-reading\" data-is-block=\"true\" data-block-name=\"n_segui_leyendo\" data-diagramacion-id=\"0\">\n<div data-module=\"tema_toi\">\n<section id=\"tema_toi\" class=\"box-articles \" data-block-name=\"h_SeguiLeyendotema-toi\" data-diagramacion-id=\"grilla3\" data-is-block=\"true\">\n<div class=\"row-gap-tablet-3 \">\n<article class=\"mod-article\" data-pos=\"toi3\" data-id=\"YKEUUBXI7BFNNN4MNQ4AARYG6Y\" data-notaid=\"YKEUUBXI7BFNNN4MNQ4AARYG6Y\" data-source=\"editor\">\n<div class=\"content-media\">\n<section class=\"mod-media \" role=\"button\">\n<figure class=\"mod-figure --horizontal\" role=\"button\">\n<div class=\"placeholder \"><\/div>\n<\/figure>\n<\/section>\n<\/div>\n<\/article>\n<\/div>\n<\/section>\n<\/div>\n<\/section>\n<\/div>\n<\/div>\n<\/div>\n<\/div>\n<\/div>\n<\/div>\n<\/section>\n<\/div>\n<\/div>\n<p><!--more--><\/p>\n<p><!--more--><\/p>\n<div class=\"lay-sidebar\">\n<div class=\"sidebar__main\">\n<div class=\"row interest\" data-module=\"tema_tePuedeInteresar\">\n<section class=\"box-articles \" data-block-name=\"n_te_puede_interesar\" data-diagramacion-id=\"0\" data-is-block=\"true\">\n<div class=\"row-gap-tablet-3 \">\n<article class=\"mod-article\" data-pos=\"toi15\" data-id=\"YHDRH7EGONDONFQTMBWQOJASHY\" data-notaid=\"YHDRH7EGONDONFQTMBWQOJASHY\" data-source=\"editor\">\n<section class=\"mod-description\">\n<h3 class=\"com-title --font-primary --l --font-medium\"><picture><img loading=\"lazy\" decoding=\"async\" class=\"image flex com-image\" src=\"https:\/\/resizer.glanacion.com\/resizer\/kRAWGjTTY0ncTuarTVfdLbHzKyA=\/300x200\/smart\/filters:format(webp):quality(70)\/cloudfront-us-east-1.images.arcpublishing.com\/lanacionar\/UNIDRZKGPZDXXBUEY5UFQFN73E.png\" alt=\"\u00bfC\u00f3mo consultar el padr\u00f3n electoral para las elecciones 2023?\" width=\"768\" height=\"513\" \/><\/picture><\/h3>\n<\/section>\n<\/article>\n<\/div>\n<\/section>\n<\/div>\n<div>\n<section class=\"box-articles \" data-block-name=\"n_ultimas_noticias\" data-diagramacion-id=\"0\" data-is-block=\"true\">\n<div class=\"row-gap-tablet-3 \">\n<article class=\"mod-article\" data-pos=\"toi5\" data-id=\"CON5GREQBRCFJP7NHH6HIZOSCM\" data-notaid=\"CON5GREQBRCFJP7NHH6HIZOSCM\" data-source=\"editor\">\n<section class=\"mod-description\">\n<h3 class=\"com-title --font-primary --l --font-medium\"><\/h3>\n<\/section>\n<\/article>\n<article class=\"mod-article\" data-pos=\"toi6\" data-id=\"OQ42HXKCVRCKVJYOYG4UUITH3M\" data-notaid=\"OQ42HXKCVRCKVJYOYG4UUITH3M\" data-source=\"editor\">\n<div class=\"content-media\">\n<section class=\"mod-media \" role=\"button\">\n<div class=\"com-image\">Fuente: La Naci\u00f3n<\/div>\n<\/section>\n<\/div>\n<\/article>\n<\/div>\n<\/section>\n<\/div>\n<\/div>\n<\/div>\n","protected":false},"excerpt":{"rendered":"<p>LAS BOLETAS ELECTORALES. El domingo 22 de octubre llega.<\/p>\n","protected":false},"author":3,"featured_media":22726,"comment_status":"open","ping_status":"closed","sticky":false,"template":"","format":"standard","meta":{"footnotes":"","jetpack_publicize_message":"","jetpack_publicize_feature_enabled":true,"jetpack_social_post_already_shared":true,"jetpack_social_options":{"image_generator_settings":{"template":"highway","default_image_id":0,"font":"","enabled":false},"version":2}},"categories":[13],"tags":[2500],"class_list":["post-22722","post","type-post","status-publish","format-standard","has-post-thumbnail","hentry","category-interes-general","tag-candidatos-presidente-elecciones-2023"],"jetpack_publicize_connections":[],"jetpack_featured_media_url":"https:\/\/revistaepocadigital.com.ar\/wp-content\/uploads\/2023\/10\/cuarto-oscu.webp","jetpack_likes_enabled":true,"_links":{"self":[{"href":"https:\/\/revistaepocadigital.com.ar\/index.php?rest_route=\/wp\/v2\/posts\/22722","targetHints":{"allow":["GET"]}}],"collection":[{"href":"https:\/\/revistaepocadigital.com.ar\/index.php?rest_route=\/wp\/v2\/posts"}],"about":[{"href":"https:\/\/revistaepocadigital.com.ar\/index.php?rest_route=\/wp\/v2\/types\/post"}],"author":[{"embeddable":true,"href":"https:\/\/revistaepocadigital.com.ar\/index.php?rest_route=\/wp\/v2\/users\/3"}],"replies":[{"embeddable":true,"href":"https:\/\/revistaepocadigital.com.ar\/index.php?rest_route=%2Fwp%2Fv2%2Fcomments&post=22722"}],"version-history":[{"count":0,"href":"https:\/\/revistaepocadigital.com.ar\/index.php?rest_route=\/wp\/v2\/posts\/22722\/revisions"}],"wp:featuredmedia":[{"embeddable":true,"href":"https:\/\/revistaepocadigital.com.ar\/index.php?rest_route=\/wp\/v2\/media\/22726"}],"wp:attachment":[{"href":"https:\/\/revistaepocadigital.com.ar\/index.php?rest_route=%2Fwp%2Fv2%2Fmedia&parent=22722"}],"wp:term":[{"taxonomy":"category","embeddable":true,"href":"https:\/\/revistaepocadigital.com.ar\/index.php?rest_route=%2Fwp%2Fv2%2Fcategories&post=22722"},{"taxonomy":"post_tag","embeddable":true,"href":"https:\/\/revistaepocadigital.com.ar\/index.php?rest_route=%2Fwp%2Fv2%2Ftags&post=22722"}],"curies":[{"name":"wp","href":"https:\/\/api.w.org\/{rel}","templated":true}]}}