{"id":22737,"date":"2023-10-19T02:34:25","date_gmt":"2023-10-19T05:34:25","guid":{"rendered":"https:\/\/revistaepocadigital.com.ar\/?p=22737"},"modified":"2023-10-19T02:41:16","modified_gmt":"2023-10-19T05:41:16","slug":"22737-2","status":"publish","type":"post","link":"https:\/\/revistaepocadigital.com.ar\/?p=22737","title":{"rendered":"Para Intendente Municipal. La elecci\u00f3n con una carga de tensi\u00f3n extra"},"content":{"rendered":"<p><strong>LA PELEA EN LAS URNAS QUE TOCA BIEN DE CERCA A LOS EXALTACRUCENSES<\/strong>.<!--more--><\/p>\n<p>Adem\u00e1s de elegirse presidente, vice, gobernadores, legisladores provinciales y nacionales, representantes ante Mercosur, las elecciones del domingo adquieren m\u00e1s expectativas, dado que luego de las votaciones, los resultados van a indicar quien ser\u00e1 el intendente para los pr\u00f3ximos cuatro a\u00f1os.<\/p>\n<p>&nbsp;<\/p>\n<p><strong>DIEGO NANNI. UNI\u00d3N POR LA PATRIA.<img loading=\"lazy\" decoding=\"async\" class=\"alignleft size-full wp-image-22738\" src=\"https:\/\/revistaepocadigital.com.ar\/wp-content\/uploads\/2023\/10\/elec-nan-23.jpg\" alt=\"\" width=\"382\" height=\"629\" srcset=\"https:\/\/revistaepocadigital.com.ar\/wp-content\/uploads\/2023\/10\/elec-nan-23.jpg 382w, https:\/\/revistaepocadigital.com.ar\/wp-content\/uploads\/2023\/10\/elec-nan-23-182x300.jpg 182w, https:\/\/revistaepocadigital.com.ar\/wp-content\/uploads\/2023\/10\/elec-nan-23-255x420.jpg 255w\" sizes=\"auto, (max-width: 382px) 100vw, 382px\" \/>\u00a0<\/strong><\/p>\n<p>&nbsp;<\/p>\n<p><strong>\u00a0 \u00a0 \u00a0 \u00a0 \u00a0 \u00a0 \u00a0 \u00a0 \u00a0 \u00a0 \u00a0 \u00a0 \u00a0 \u00a0 \u00a0<\/strong><\/p>\n<p>&nbsp;<\/p>\n<p>&nbsp;<\/p>\n<p>&nbsp;<\/p>\n<p>&nbsp;<\/p>\n<p>&nbsp;<\/p>\n<p>&nbsp;<\/p>\n<p>&nbsp;<\/p>\n<p>&nbsp;<\/p>\n<p>&nbsp;<\/p>\n<p>&nbsp;<\/p>\n<p>&nbsp;<\/p>\n<p><strong>RAUL SANCHO (H). JUNTOS POR EL CAMBIO.<\/strong><\/p>\n<p><img loading=\"lazy\" decoding=\"async\" class=\"size-full wp-image-22739\" src=\"https:\/\/revistaepocadigital.com.ar\/wp-content\/uploads\/2023\/10\/elec-sancho-23.jpg\" alt=\"\" width=\"382\" height=\"635\" srcset=\"https:\/\/revistaepocadigital.com.ar\/wp-content\/uploads\/2023\/10\/elec-sancho-23.jpg 382w, https:\/\/revistaepocadigital.com.ar\/wp-content\/uploads\/2023\/10\/elec-sancho-23-180x300.jpg 180w, https:\/\/revistaepocadigital.com.ar\/wp-content\/uploads\/2023\/10\/elec-sancho-23-253x420.jpg 253w\" sizes=\"auto, (max-width: 382px) 100vw, 382px\" \/><\/p>\n<p><strong>ALEJANDRO MARCUS. LA LIBERTAD AVANZA.<\/strong><\/p>\n<p><img loading=\"lazy\" decoding=\"async\" class=\"size-full wp-image-22740\" src=\"https:\/\/revistaepocadigital.com.ar\/wp-content\/uploads\/2023\/10\/elec-marcus.jpg\" alt=\"\" width=\"151\" height=\"249\" \/><\/p>\n<p>&nbsp;<\/p>\n<p>&nbsp;<\/p>\n<p><strong>El resultado de las PASO<\/strong><\/p>\n<p>Nanni fue el ganador con claridad.<\/p>\n<p>(hac\u00e9 clic en el link)<\/p>\n<p><a href=\"https:\/\/revistaepocadigital.com.ar\/wp-content\/uploads\/2023\/10\/paso-edlc-23-resultados.docx\">paso edlc 23 resultados<\/a><\/p>\n<p>&nbsp;<\/p>\n<p>NOTA EN DESARROLLO<\/p>\n","protected":false},"excerpt":{"rendered":"<p>LA PELEA EN LAS URNAS QUE TOCA BIEN DE CERCA A LOS EXALTACRUCENSES.<\/p>\n","protected":false},"author":4,"featured_media":22745,"comment_status":"open","ping_status":"closed","sticky":false,"template":"","format":"standard","meta":{"footnotes":"","jetpack_publicize_message":"","jetpack_publicize_feature_enabled":true,"jetpack_social_post_already_shared":true,"jetpack_social_options":{"image_generator_settings":{"template":"highway","default_image_id":0,"font":"","enabled":false},"version":2}},"categories":[17],"tags":[2502],"class_list":["post-22737","post","type-post","status-publish","format-standard","has-post-thumbnail","hentry","category-politica","tag-candidatos-a-intendente-2023"],"jetpack_publicize_connections":[],"jetpack_featured_media_url":"https:\/\/revistaepocadigital.com.ar\/wp-content\/uploads\/2023\/10\/el-gobierno-fijo-la-suma-que-recibiran-las-autoridades-mesajpg-1.jpg","jetpack_likes_enabled":true,"_links":{"self":[{"href":"https:\/\/revistaepocadigital.com.ar\/index.php?rest_route=\/wp\/v2\/posts\/22737","targetHints":{"allow":["GET"]}}],"collection":[{"href":"https:\/\/revistaepocadigital.com.ar\/index.php?rest_route=\/wp\/v2\/posts"}],"about":[{"href":"https:\/\/revistaepocadigital.com.ar\/index.php?rest_route=\/wp\/v2\/types\/post"}],"author":[{"embeddable":true,"href":"https:\/\/revistaepocadigital.com.ar\/index.php?rest_route=\/wp\/v2\/users\/4"}],"replies":[{"embeddable":true,"href":"https:\/\/revistaepocadigital.com.ar\/index.php?rest_route=%2Fwp%2Fv2%2Fcomments&post=22737"}],"version-history":[{"count":0,"href":"https:\/\/revistaepocadigital.com.ar\/index.php?rest_route=\/wp\/v2\/posts\/22737\/revisions"}],"wp:featuredmedia":[{"embeddable":true,"href":"https:\/\/revistaepocadigital.com.ar\/index.php?rest_route=\/wp\/v2\/media\/22745"}],"wp:attachment":[{"href":"https:\/\/revistaepocadigital.com.ar\/index.php?rest_route=%2Fwp%2Fv2%2Fmedia&parent=22737"}],"wp:term":[{"taxonomy":"category","embeddable":true,"href":"https:\/\/revistaepocadigital.com.ar\/index.php?rest_route=%2Fwp%2Fv2%2Fcategories&post=22737"},{"taxonomy":"post_tag","embeddable":true,"href":"https:\/\/revistaepocadigital.com.ar\/index.php?rest_route=%2Fwp%2Fv2%2Ftags&post=22737"}],"curies":[{"name":"wp","href":"https:\/\/api.w.org\/{rel}","templated":true}]}}