{"id":2277,"date":"2019-04-29T19:58:26","date_gmt":"2019-04-29T22:58:26","guid":{"rendered":"https:\/\/revistaepocadigital.com.ar\/?p=2277"},"modified":"2019-04-29T19:58:26","modified_gmt":"2019-04-29T22:58:26","slug":"las-medidas-de-vidal-para-llevar-alivio-y-tranquilidad-al-bolsillo-de-los-bonaerenses","status":"publish","type":"post","link":"https:\/\/revistaepocadigital.com.ar\/?p=2277","title":{"rendered":"LAS MEDIDAS DE VIDAL &#8220;PARA LLEVAR ALIVIO Y TRANQUILIDAD AL BOLSILLO DE LOS BONAERENSES&#8221;"},"content":{"rendered":"<p><strong>EL PRESENTE EN EL PA\u00cdS VIENE MUY COMPLICADO.<\/strong><!--more--><\/p>\n<p>En ese marco, se han dado las <strong>medidas econ\u00f3micas<\/strong> de la gobernadora de la provincia de Buenos Aires, <strong>Mar\u00eda Eugenia Vidal,<\/strong> para <em>&#8220;llevar alivio y tranquilidad al bolsillo de los bonaerenses&#8221;.<\/em> Las medidas han inclu\u00eddo: congelamiento de las tarifas el\u00e9ctricas, descuentos del 50% en supermercados y ayuda financiera para PyMEs y beneficiarios de cr\u00e9ditos hipotecarios UVA del Banco Provincia.<\/p>\n<p>Sobre las medidas dijo Vidal,<em> &#8220;no es un discurso ni un relato, sino una respuesta muy concreta que tiene <\/em><em>que ver con no mirar para otro lado ni negar la realidad. No vamos a hacer como en otros tiempos, no vamos <\/em><em>a decir que no pasa lo que pasa: nos hacemos cargo y damos respuestas&#8221;.<\/em> Despu\u00e9s sostuvo, <em>&#8220;nuestro compromiso es acompa\u00f1ar a las familias bonaerenses para aliviar su situaci\u00f3n y estar cerca, sobre todo en los momentos dif\u00edciles. Sabemos que en la Provincia hay muchas personas que est\u00e1n haciendo enormes esfuerzos para sacar adelante a su familia. Sabemos lo que pasa, no somos indiferentes a eso. Queremos dar respuestas concretas&#8221;.<\/em><\/p>\n<p>En tal sentido, precis\u00f3 <strong>Vidal<\/strong> que volver\u00e1n a implementarse los descuentos del 50% para compras en supermercados a trav\u00e9s de las tarjetas del Banco Provincia. El beneficio, que alcanzar\u00e1 a 4 millones de personas, estar\u00e1 disponible para <em>&#8220;la compra en supermercados de alimentos, bebidas no alcoh\u00f3licas y art\u00edculos de limpieza el tercer y cuarto mi\u00e9rcoles de cada mes, de aqu\u00ed a lo que queda del a\u00f1o, con un tope de reintegro de dos mil pesos&#8221;.<\/em><\/p>\n<p>Adem\u00e1s, la gobernadora indic\u00f3 que habr\u00e1 un<em> &#8220;congelamiento de tarifas de electricidad para la provincia de Buenos Aires. Como gobierno decidimos el a\u00f1o pasado eliminar los impuestos. Ahora hemos decidido congelar los aumentos previstos para la parte de distribuci\u00f3n: la factura no deber\u00eda aumentar de aqu\u00ed a fin de a\u00f1o en toda la Provincia&#8221;.<\/em><\/p>\n<p>Para los 17.500 beneficiarios de cr\u00e9ditos hipotecarios UVA del Banco Provincia, la mandataria dijo que hasta diciembre se establecer\u00e1 <em>&#8220;un tope del treinta por ciento del salario&#8221; del titular, pero &#8220;si la cuota que se debe pagar es superior, de la diferencia se va a hacer cargo el Banco Provincia&#8221;.<\/em><\/p>\n<figure id=\"attachment_2281\" aria-describedby=\"caption-attachment-2281\" style=\"width: 840px\" class=\"wp-caption aligncenter\"><img loading=\"lazy\" decoding=\"async\" class=\"size-full wp-image-2281\" src=\"https:\/\/revistaepocadigital.com.ar\/wp-content\/uploads\/2019\/04\/vidal-secciones-bonaerenses.jpg\" alt=\"\" width=\"840\" height=\"381\" srcset=\"https:\/\/revistaepocadigital.com.ar\/wp-content\/uploads\/2019\/04\/vidal-secciones-bonaerenses.jpg 840w, https:\/\/revistaepocadigital.com.ar\/wp-content\/uploads\/2019\/04\/vidal-secciones-bonaerenses-300x136.jpg 300w, https:\/\/revistaepocadigital.com.ar\/wp-content\/uploads\/2019\/04\/vidal-secciones-bonaerenses-768x348.jpg 768w, https:\/\/revistaepocadigital.com.ar\/wp-content\/uploads\/2019\/04\/vidal-secciones-bonaerenses-696x316.jpg 696w\" sizes=\"auto, (max-width: 840px) 100vw, 840px\" \/><figcaption id=\"caption-attachment-2281\" class=\"wp-caption-text\">La gobernadora Vidal (foto gentileza secciones bonaerenses)<\/figcaption><\/figure>\n<p>Finalmente, Vidal anunci\u00f3<em> &#8220;una l\u00ednea especial de cr\u00e9dito para los sectores de textil y calzado, que han <\/em><em>tenido enormes dificultades en los \u00faltimos a\u00f1os&#8221;,<\/em> y que se enviar\u00e1 a la Legislatura provincial <em>&#8220;un proyecto de ley para definir que en los supermercados haya un espacio definido para las PyMEs bonaerenses del diez por ciento de la g\u00f3ndola&#8221;.<\/em><\/p>\n<p><strong>Detalles<\/strong> del paquete de medidas econ\u00f3micas<\/p>\n<p>-Congelamiento de la tarifa de luz.<\/p>\n<p>.Los bonaerenses no tendr\u00e1n aumentos en la tarifa el\u00e9ctrica en lo que resta del a\u00f1o.<\/p>\n<p>-Descuento del 50% en supermercados con Banco Provincia<\/p>\n<p>.Desde el 24 de abril, se volvi\u00f3 a implementar el beneficio del 50% de reintegro en los comercios y cadenas<\/p>\n<p>de supermercados adheridas en compras con las tarjetas Visa D\u00e9bito, Visa Cr\u00e9dito y Mastercard Cr\u00e9dito del Banco Provincia. Como novedad, se aument\u00f3 el tope de reintegro a $2.000 que antes era de $ 1.500. Es decir, en una compra de $4.000 se reintegrar\u00e1 $2.000, en una de $2.000 se reintegrar\u00e1 $1.000 y en una de $5.500 se reintegrar\u00e1n $2.000.<\/p>\n<p>.Quienes no sean clientes del Banco Provincia podr\u00e1n acceder a la promoci\u00f3n solicitando su caja de ahorro gratuita que los habilita a tener la tarjeta de d\u00e9bito Visa.<\/p>\n<p>-Topes para cr\u00e9ditos hipotecarios UVA.<\/p>\n<p>Desde el inicio de la gesti\u00f3n en diciembre de 2015, se han otorgado 17.500 cr\u00e9ditos hipotecarios UVA a trav\u00e9s del Banco Provincia, por $22 mil millones de pesos. Para acompa\u00f1ar a estas familias, el gobierno provincial implementar\u00e1 un mecanismo de evaluaci\u00f3n para que las cuotas de los cr\u00e9ditos hipotecarios no excedan el 30% del salario.<\/p>\n<p>-L\u00edneas de cr\u00e9dito para la industria textil y del calzado.<\/p>\n<p>Desde el Banco Provincia, ya se brindaron m\u00e1s de $246 mil millones en l\u00edneas de cr\u00e9dito para impulsar el trabajo de las PyMEs de la industria textil y de calzado. El Banco Provincia va a sostener la l\u00ednea de cr\u00e9dito y a lanzar nuevas con especial foco en estas dos categor\u00edas. Esto contempla una l\u00ednea de descuento de cheques al 25% hasta 120 d\u00edas para que no se corte la cadena de pagos y, para impulsar su producci\u00f3n, una nueva l\u00ednea de capital de trabajo al 29% con tasa fija en pesos hasta 12 meses.<\/p>\n<p>-Moratoria para deudas laborales con el Ministerio de Trabajo.<\/p>\n<p>Para aliviar a m\u00e1s de 30 mil PyMEs, el gobierno bonaerense presenta una moratoria para deudas laborales con el Ministerio de Trabajo para el 2019. Implica la quita total o condonaci\u00f3n del 100% de los intereses de la deuda y un plan de pagos para el capital originario. Las PyMEs que adhieran podr\u00e1n pagarla en funci\u00f3n de sus posibilidades hasta en 60 cuotas.<\/p>\n<p>Una vez que las empresas ingresen en la moratoria, se levantar\u00e1n o suspender\u00e1n todas las medidas cautelares sobre PyMEs o empresas radicadas en la Provincia de Buenos Aires. Las empresas dejan de estar limitadas a ser proveedoras del Estado y podr\u00e1n acceder a l\u00edneas de cr\u00e9dito del Banco Provincia, que por deuda estaban impedidas para hacerlo.<\/p>\n<p>-Ley para la promoci\u00f3n de la competencia.<\/p>\n<p>.La Provincia impulsar\u00e1 un nuevo proyecto de ley para promover la competencia, ayudar a las PyMEs a colocar m\u00e1s productos en los supermercados y garantizar que los bonaerenses puedan elegir entre m\u00e1s de una marca por producto, acceder a mayor variedad y mejores precios.<\/p>\n<p>.Entre los puntos principales, establece que estos comercios deben contar en sus g\u00f3ndolas con productos de no menos de 4 proveedores distintos por art\u00edculo. As\u00ed, los de una misma marca, proveedor o grupo econ\u00f3mico de empresas (de cualquier manera vinculadas o integradas) no deber\u00e1n superar el 30% del espacio de cada g\u00f3ndola.<\/p>\n<p>Adem\u00e1s, se deber\u00e1 destinar 10% de espacio para productos de PyMEs lo que permitir\u00e1 asegurar la pluralidad de marcas. El proyecto alcanza a mayoristas que no comercialicen sus productos exclusivamente, grandes superficies comerciales y cadenas de distribuci\u00f3n.<\/p>\n<p>A su vez, la ubicaci\u00f3n en g\u00f3ndola deber\u00e1 ser rotada peri\u00f3dicamente, de manera tal que toda la mercader\u00eda independientemente de su proveedor est\u00e9 a una altura de visi\u00f3n horizontal \u2014que es la que m\u00e1s visibilidad brinda\u2014 durante el mismo tiempo.<\/p>\n<p>Las<strong> sanciones<\/strong> para los establecimientos que se encuentren en infracci\u00f3n ser\u00e1n aplicadas seg\u00fan la gravedad de cada caso: apercibimiento, multa, decomiso, clausura o suspensi\u00f3n del Registro de Proveedores.<\/p>\n<p>Foto portada: Secretar\u00eda de Medios de la provincia de Buenos Aires.<\/p>\n","protected":false},"excerpt":{"rendered":"<p>EL PRESENTE EN EL PA\u00cdS VIENE MUY COMPLICADO.<\/p>\n","protected":false},"author":3,"featured_media":2279,"comment_status":"open","ping_status":"open","sticky":false,"template":"","format":"standard","meta":{"footnotes":"","jetpack_publicize_message":"","jetpack_publicize_feature_enabled":true,"jetpack_social_post_already_shared":false,"jetpack_social_options":{"image_generator_settings":{"template":"highway","default_image_id":0,"font":"","enabled":false},"version":2}},"categories":[13],"tags":[318,319],"class_list":["post-2277","post","type-post","status-publish","format-standard","has-post-thumbnail","hentry","category-interes-general","tag-gobernadora-vidal","tag-medidas-economicas"],"jetpack_publicize_connections":[],"jetpack_featured_media_url":"https:\/\/revistaepocadigital.com.ar\/wp-content\/uploads\/2019\/04\/vidal-4-19.jpg","jetpack_likes_enabled":true,"_links":{"self":[{"href":"https:\/\/revistaepocadigital.com.ar\/index.php?rest_route=\/wp\/v2\/posts\/2277","targetHints":{"allow":["GET"]}}],"collection":[{"href":"https:\/\/revistaepocadigital.com.ar\/index.php?rest_route=\/wp\/v2\/posts"}],"about":[{"href":"https:\/\/revistaepocadigital.com.ar\/index.php?rest_route=\/wp\/v2\/types\/post"}],"author":[{"embeddable":true,"href":"https:\/\/revistaepocadigital.com.ar\/index.php?rest_route=\/wp\/v2\/users\/3"}],"replies":[{"embeddable":true,"href":"https:\/\/revistaepocadigital.com.ar\/index.php?rest_route=%2Fwp%2Fv2%2Fcomments&post=2277"}],"version-history":[{"count":0,"href":"https:\/\/revistaepocadigital.com.ar\/index.php?rest_route=\/wp\/v2\/posts\/2277\/revisions"}],"wp:featuredmedia":[{"embeddable":true,"href":"https:\/\/revistaepocadigital.com.ar\/index.php?rest_route=\/wp\/v2\/media\/2279"}],"wp:attachment":[{"href":"https:\/\/revistaepocadigital.com.ar\/index.php?rest_route=%2Fwp%2Fv2%2Fmedia&parent=2277"}],"wp:term":[{"taxonomy":"category","embeddable":true,"href":"https:\/\/revistaepocadigital.com.ar\/index.php?rest_route=%2Fwp%2Fv2%2Fcategories&post=2277"},{"taxonomy":"post_tag","embeddable":true,"href":"https:\/\/revistaepocadigital.com.ar\/index.php?rest_route=%2Fwp%2Fv2%2Ftags&post=2277"}],"curies":[{"name":"wp","href":"https:\/\/api.w.org\/{rel}","templated":true}]}}