{"id":22842,"date":"2023-10-30T01:05:02","date_gmt":"2023-10-30T04:05:02","guid":{"rendered":"https:\/\/revistaepocadigital.com.ar\/?p=22842"},"modified":"2023-11-08T00:58:45","modified_gmt":"2023-11-08T03:58:45","slug":"rige-la-nueva-ley-de-alquileres-cuales-son-los-cambios","status":"publish","type":"post","link":"https:\/\/revistaepocadigital.com.ar\/?p=22842","title":{"rendered":"Rige la nueva Ley de Alquileres: cu\u00e1les son los cambios"},"content":{"rendered":"<div class=\"wrapper-header\">\n<div class=\"container-xl\">\n<div class=\"row\">\n<div class=\"col-12\">\n<div class=\"head-content mb-4\">\n<div class=\"my-3\">\n<div class=\"social mt-3\"><\/div>\n<\/div>\n<p class=\"speak\"><strong>Los contratos de alquiler deber\u00e1n tener un plazo m\u00ednimo de tres a\u00f1os y prever una actualizaci\u00f3n semestral de acuerdo con un \u00edndice denominado Casa Propia, actualmente utilizado para los cr\u00e9ditos.<\/strong><\/p>\n<\/div>\n<\/div>\n<\/div>\n<\/div>\n<\/div>\n<p><!--more--><\/p>\n<div class=\"wrapper-editable-content\">\n<div class=\"wrapper-editable-content\">\n<div class=\"container-md\">\n<div class=\"row\">\n<div class=\"col-md-12 speak\">\n<div class=\"paragraph\">\n<figure class=\"mb-3\"><figcaption>La nueva<strong>\u00a0Ley de Alquileres\u00a0<\/strong>comenz\u00f3 a regir el 18 de octubre pasado, con lo cual los contratos deber\u00e1n ser de tres a\u00f1os de duraci\u00f3n, y las actualizaciones de los valores se realizar\u00e1n en un plazo m\u00ednimo de seis meses, en base al denominado Coeficiente Casa Propia, utilizados desde hace dos a\u00f1os para los cr\u00e9ditos enmarcardos en el programa Procrear.<\/figcaption><\/figure>\n<p>En base a lo dispuesto en la nueva ley,<strong>\u00a0los contratos de alquiler seguir\u00e1n teniendo una duraci\u00f3n de tres a\u00f1os<\/strong>, deber\u00e1n ser estipulados &#8220;en valor \u00fanico en moneda nacional&#8221; y se podr\u00e1n realizar &#8220;ajustes con periodicidad a intervalos no inferiores a seis meses&#8221;.<\/p>\n<p>&#8220;Las disposiciones de la presente ley entrar\u00e1n en vigencia el d\u00eda siguiente al de su publicaci\u00f3n en el Bolet\u00edn Oficial y resultar\u00e1 de aplicaci\u00f3n para los ejercicios fiscales 2023 y siguientes&#8221;, asevera el art\u00edculo 12 de la nueva norma, promulgada ayer, con lo cual desde este mi\u00e9rcoles est\u00e1n vigentes las nuevas disposiciones para los contratos de alquiler.<\/p>\n<p>La reforma de la\u00a0<strong>Ley 27.737\u00a0<\/strong>hab\u00eda sido aprobada la semana pasada por el Congreso y fue\u00a0<strong>promulgada\u00a0<\/strong>con la publicaci\u00f3n del\u00a0<strong>Decreto 533\/2023<\/strong>\u00a0el martes en el Bolet\u00edn Oficial.<\/p>\n<p><strong>Los contratos que ya est\u00e1n firmados bajo la ley aprobada en 2020 -con plazo de vigencia de tres a\u00f1os y esquema de ajuste anual por ICL- seguir\u00e1n su curso hasta la finalizaci\u00f3n<\/strong>\u00a0de los 36 meses de duraci\u00f3n y se ajustar\u00e1n a la nueva ley al momento de la renovaci\u00f3n.<\/p>\n<p>En tanto, desde este mi\u00e9rcoles<strong>, el \u00edndice que debe emplearse\u00a0<\/strong>para la actualizaci\u00f3n de los alquileres es un coeficiente conformado por la menor variaci\u00f3n que surja de comparar el promedio del 0,9 de la variaci\u00f3n del coeficiente de variaci\u00f3n salarial publicado por el Indec y la variaci\u00f3n del Coeficiente de Estabilizaci\u00f3n de Referencia (CER), publicado por el BCRA.<\/p>\n<pre class=\"mb-3\"><img decoding=\"async\" class=\" lazy \" src=\"https:\/\/www.telam.com.ar\/thumbs\/bluesteel\/advf\/imagenes\/2023\/09\/650220988d8b6.09.2023%20foto%20camila%20godoy_1200.jpg\" alt=\"Foto Camila Godoy\" width=\"100%\" height=\"100%\" \/><\/pre>\n<div class=\"media-icons\"><\/div>\n<pre class=\"mb-3\"><em>Foto: gentileza Camila Godoy (Telam).<\/em><\/pre>\n<h2 class=\"\">Los detalles<\/h2>\n<p>El \u00edndice Casa Propia, que se utiliza desde 2021 para la actualizaci\u00f3n de las cuotas para los diferentes cr\u00e9ditos que se enmarcan dentro del Programa Federal Casa Propia y Procrear II, tiene en cuenta el menor indicador entre el promedio de la variaci\u00f3n salarial del \u00faltimo a\u00f1o y el promedio de la inflaci\u00f3n del mismo per\u00edodo.<\/p>\n<p>De acuerdo con informaci\u00f3n suministrada por el Ministerio de Desarrollo Territorial y H\u00e1bitat, esta f\u00f3rmula promueve una mayor estabilidad en la actualizaci\u00f3n de las cuotas, ya que contribuye a morigerar el impacto de eventuales hitos en la evoluci\u00f3n de los salarios que respondan a per\u00edodos puntuales.<\/p>\n<p>Adem\u00e1s, la f\u00f3rmula Casa Propia incorpora el Coeficiente de Variaci\u00f3n Salarial con un aforo igual al 0,9, de modo que en lugar de reflejar el promedio de la variaci\u00f3n salarial plena, la referencia que se tomar\u00e1 en cuenta ser\u00e1 equivalente al 90% de ese total.<\/p>\n<p>En l\u00ednea con la periodicidad de ajuste semestral, la primera actualizaci\u00f3n con el Coeficiente Casa Propia podr\u00e1 hacerse a partir del mes de marzo de 2024.<\/p>\n<p>Para calcular el ajuste, se debe consultar cu\u00e1les fueron los \u00faltimos seis valores del Coeficiente Casa Propia, que el Ministerio de Desarrollo Territorial y H\u00e1bitat actualiza peri\u00f3dicamente <u><strong><a href=\"https:\/\/www.argentina.gob.ar\/sites\/default\/files\/coeficiente_casa_propia_hasta_noviembre_2023.pdf\" target=\"_blank\" rel=\"noopener\">en el siguiente sitio<\/a><\/strong><\/u>.<\/p>\n<p>Luego se deber\u00e1 multiplicar los seis valores entre s\u00ed, y a ese resultado, habr\u00e1 que multiplicarlo por el n\u00famero de la cuota de alquiler vigente.<\/p>\n<figure class=\"mb-3\">A modo de ejemplo, si la actualizaci\u00f3n se tuviera que realizar este mes, tomando los \u00faltimos seis meses el Coeficiente Casa Propia el c\u00e1lculo arroja una actualizaci\u00f3n de 39,3%.<\/figure>\n<p>Esto surge de multiplicar los valores del coeficiente publicado de junio a noviembre y luego multiplicar el resultado por un alquiler inicial de $ 100.000, lo que da como resultado que se deber\u00e1 aumentar a $ 139.350.<\/p>\n<p>Tambi\u00e9n a modo de ejemplo, si se aplica el ajuste semestral a un contrato iniciado en diciembre 2022 con un valor inicial de $ 100.000, en junio 2023 hubiera aumentado a $ 132.300 (+32,3%) y en noviembre 2023 hubiese trepado a $ 184.400 (+39,3% respecto de junio y +84,4% respecto del valor inicial).<\/p>\n<p>En tanto, si este mes se tuviera que aplicar una actualizaci\u00f3n con la ley aprobada en 2020 bajo el \u00cdndice de Contrato de Locaci\u00f3n (ICL), el costo del alquiler pasar\u00eda -de por ejemplo- $ 100.000 en octubre 2022 a $ 215.326 en octubre 2023, con un incremento anual de 115,33%.<\/p>\n<p>En los \u00faltimos nueve meses hasta septiembre (\u00faltimo dato disponible), la inflaci\u00f3n acumulada fue de 103,2% y mientras que en t\u00e9rminos interanuales la suba fue de 138,3%, lo que refleja que en ambos casos la actualizaci\u00f3n de los alquileres est\u00e1 por debajo del costo de vida general, pero con la nueva modalidad la diferencia es mayor.<\/p>\n<p>Desde Inquilinos Agrupados informaron que pr\u00f3ximamente contar\u00e1 en su p\u00e1gina web con una calculadora online para consultar la suba de alquiler en base al nuevo \u00edndice.<\/p>\n<p>Juan Jos\u00e9 Griselli, presidente de la Asociaci\u00f3n de Defensa de Inquilinos, dijo a T\u00e9lam que est\u00e1 de acuerdo con las nuevas modificaciones a la ley y valor\u00f3 la decisi\u00f3n de &#8220;optar por un \u00edndice objetivo&#8221; para la actualizaci\u00f3n.\u00a0Afirm\u00f3 que la nueva modalidad de c\u00e1lculo beneficia a los inquilinos.<\/p>\n<p>Por su parte, desde el sector inmobiliario, desde el Consejo Federal de Colegios Inmobiliarios (CoFeCi) advirtieron que con la utilizaci\u00f3n de esta nueva f\u00f3rmula &#8220;el propietario perder\u00eda en tres de los cuatro escenarios posibles: cuando los salarios se incrementen por debajo de la inflaci\u00f3n, cuando los salarios se incrementen en el mismo porcentaje que la inflaci\u00f3n y cuando los salarios se incrementen por encima de la inflaci\u00f3n, pero en menos de 10 puntos porcentuales de diferencia&#8221;.<\/p>\n<p>&#8220;La \u00fanica posibilidad de que el propietario no pierda en un contrato de alquiler actualizado con \u00edndice Casa Propia es que, en cada a\u00f1o de duraci\u00f3n del contrato, los salarios se incrementen gan\u00e1ndole por m\u00e1s de 10 puntos porcentuales a la inflaci\u00f3n&#8221;, complet\u00f3 el informe de la entidad inmobiliaria.<\/p>\n<\/div>\n<\/div>\n<\/div>\n<\/div>\n<div class=\"social mt-3\">Fuente: Agencia Telam.<\/div>\n<\/div>\n<\/div>\n","protected":false},"excerpt":{"rendered":"<p>Los contratos de alquiler deber\u00e1n tener un plazo m\u00ednimo de tres a\u00f1os y prever una actualizaci\u00f3n semestral de acuerdo con un \u00edndice denominado Casa Propia, actualmente utilizado para los cr\u00e9ditos.<\/p>\n","protected":false},"author":3,"featured_media":22843,"comment_status":"open","ping_status":"closed","sticky":false,"template":"","format":"standard","meta":{"footnotes":"","jetpack_publicize_message":"","jetpack_publicize_feature_enabled":true,"jetpack_social_post_already_shared":true,"jetpack_social_options":{"image_generator_settings":{"template":"highway","default_image_id":0,"font":"","enabled":false},"version":2}},"categories":[17],"tags":[37,2512],"class_list":["post-22842","post","type-post","status-publish","format-standard","has-post-thumbnail","hentry","category-politica","tag-destacada","tag-ley-alquileres"],"jetpack_publicize_connections":[],"jetpack_featured_media_url":"https:\/\/revistaepocadigital.com.ar\/wp-content\/uploads\/2023\/10\/alquiler.png","jetpack_likes_enabled":true,"_links":{"self":[{"href":"https:\/\/revistaepocadigital.com.ar\/index.php?rest_route=\/wp\/v2\/posts\/22842","targetHints":{"allow":["GET"]}}],"collection":[{"href":"https:\/\/revistaepocadigital.com.ar\/index.php?rest_route=\/wp\/v2\/posts"}],"about":[{"href":"https:\/\/revistaepocadigital.com.ar\/index.php?rest_route=\/wp\/v2\/types\/post"}],"author":[{"embeddable":true,"href":"https:\/\/revistaepocadigital.com.ar\/index.php?rest_route=\/wp\/v2\/users\/3"}],"replies":[{"embeddable":true,"href":"https:\/\/revistaepocadigital.com.ar\/index.php?rest_route=%2Fwp%2Fv2%2Fcomments&post=22842"}],"version-history":[{"count":0,"href":"https:\/\/revistaepocadigital.com.ar\/index.php?rest_route=\/wp\/v2\/posts\/22842\/revisions"}],"wp:featuredmedia":[{"embeddable":true,"href":"https:\/\/revistaepocadigital.com.ar\/index.php?rest_route=\/wp\/v2\/media\/22843"}],"wp:attachment":[{"href":"https:\/\/revistaepocadigital.com.ar\/index.php?rest_route=%2Fwp%2Fv2%2Fmedia&parent=22842"}],"wp:term":[{"taxonomy":"category","embeddable":true,"href":"https:\/\/revistaepocadigital.com.ar\/index.php?rest_route=%2Fwp%2Fv2%2Fcategories&post=22842"},{"taxonomy":"post_tag","embeddable":true,"href":"https:\/\/revistaepocadigital.com.ar\/index.php?rest_route=%2Fwp%2Fv2%2Ftags&post=22842"}],"curies":[{"name":"wp","href":"https:\/\/api.w.org\/{rel}","templated":true}]}}