{"id":23012,"date":"2023-11-08T01:40:36","date_gmt":"2023-11-08T04:40:36","guid":{"rendered":"https:\/\/revistaepocadigital.com.ar\/?p=23012"},"modified":"2023-11-08T01:56:50","modified_gmt":"2023-11-08T04:56:50","slug":"votar-con-un-broche-en-la-nariz-los-electores-frente-a-la-disyuntiva-electoral-del-balotaje","status":"publish","type":"post","link":"https:\/\/revistaepocadigital.com.ar\/?p=23012","title":{"rendered":"VOTAR CON UN BROCHE EN LA NARIZ: LOS ELECTORES FRENTE A LA DISYUNTIVA ELECTORAL DEL BALOTAJE"},"content":{"rendered":"<p dir=\"ltr\"><strong>EN TIEMPOS DE ELECCIONES.<\/strong><!--more--><\/p>\n<p dir=\"ltr\">El votante se plantea a quien elige, escucha sus propuestas y lee sus plataformas, despu\u00e9s en el cuarto oscuro emite su voto seg\u00fan su convicci\u00f3n o ideolog\u00eda, vota en blanco o anula\u00a0 el voto.<\/p>\n<p dir=\"ltr\">Por estos d\u00edas asistimos a un fen\u00f3meno sociol\u00f3gico muy particular: muchos electores afirman que ir\u00e1n al cuarto oscuro \u201c<em>con un broche en la nariz\u201d<\/em>, haciendo referencia a que votar\u00e1n en contra de sus convicciones, con la premisa de que no gane el otro candidato.<\/p>\n<p dir=\"ltr\"><img loading=\"lazy\" decoding=\"async\" class=\"alignright size-full wp-image-23014\" src=\"https:\/\/revistaepocadigital.com.ar\/wp-content\/uploads\/2023\/11\/santucho-monzon.jpg\" alt=\"\" width=\"174\" height=\"173\" srcset=\"https:\/\/revistaepocadigital.com.ar\/wp-content\/uploads\/2023\/11\/santucho-monzon.jpg 174w, https:\/\/revistaepocadigital.com.ar\/wp-content\/uploads\/2023\/11\/santucho-monzon-150x150.jpg 150w\" sizes=\"auto, (max-width: 174px) 100vw, 174px\" \/><img loading=\"lazy\" decoding=\"async\" class=\"alignleft size-full wp-image-23016\" src=\"https:\/\/revistaepocadigital.com.ar\/wp-content\/uploads\/2023\/11\/monz-23.jpg\" alt=\"\" width=\"173\" height=\"173\" srcset=\"https:\/\/revistaepocadigital.com.ar\/wp-content\/uploads\/2023\/11\/monz-23.jpg 173w, https:\/\/revistaepocadigital.com.ar\/wp-content\/uploads\/2023\/11\/monz-23-150x150.jpg 150w\" sizes=\"auto, (max-width: 173px) 100vw, 173px\" \/>Este fen\u00f3meno, que se denomina <strong>voto t\u00e1ctico<\/strong>, sirve para explicar el voto a ambos candidatos. Aunque los motivos son bien distintos. En un estudio reciente de nuestra <strong>consultora\u00a0Inteligencia Colectiva,<\/strong> solicitamos a los entrevistados que no hab\u00edan votado por Sergio Massa y Javier Milei en las elecciones generales, que definieran a estos candidatos con las sensaciones que primero le ven\u00edan a la mente: frente a <strong>Massa eligieron asco y hartazgo, frente a Milei respondieron miedo, terror e incertidumbre.\u00a0<\/strong><\/p>\n<p dir=\"ltr\">En la elecci\u00f3n de octubre una parte de la ciudadan\u00eda expres\u00f3 precozmente, que era capaz de renunciar al candidato que mejor representaba sus valores e ideas, con tal de que no ganara el candidato que expresa un peligro para ellos. Esto es lo que vimos en una entrevista en profundidad en la que el entrevistado dec\u00eda <em>&#8220;Massa, bueno, ya sabes que va a hacer, el otro no sab\u00e9s, puede disparar para cualquier lado&#8221;.<\/em><\/p>\n<p dir=\"ltr\">Similares respuestas obtuvimos en un<em> focus group<\/em> de j\u00f3venes, realizado previo a las Primarias Abiertas, en el que los integrantes del grupo calificaron a Sergio Massa con una serie de ep\u00edtetos, muchos con una fuerte carga negativa, sin embargo parad\u00f3jicamente a la hora de votar, quienes hab\u00edan decidido su voto lo har\u00edan por \u00e9l, frente al riesgo e incertidumbre que representaban los otros candidatos.<\/p>\n<p dir=\"ltr\">En pa\u00edses europeos, como el Reino Unido y Francia, los movimientos por el <em>voto t\u00e1ctico<\/em> tienen unos cuantos a\u00f1os, como el que llama a votar contra los Tories o los electores organizados del pa\u00eds galo, que llaman a votar a los candidatos mayoritarios para evitar el triunfo de Marine Le Pen en Francia. En el caso argentino, el voto t\u00e1ctico ser\u00e1 un recurso obligado de cara a la instancia planteada en el tan cercano balotaje, que cuenta con s\u00f3lo dos opciones. Queda preguntarse qu\u00e9 sensaci\u00f3n ser\u00e1 m\u00e1s fuerte \u00bfel asco o el miedo?<\/p>\n<p><strong>Queda por preguntarse qu\u00e9 sensaci\u00f3n ser\u00e1 m\u00e1s fuerte, \u00bfel asco o el miedo?<\/strong><\/p>\n<p dir=\"ltr\"><em><strong>Por Nancy Monz\u00f3n y Leopoldo Santucho<\/strong><\/em><\/p>\n<p dir=\"ltr\">Directores de la Consultora Inteligencia Colectiva<\/p>\n<p dir=\"ltr\"><a href=\"https:\/\/www.inteligenciacolectiva.ar\/blog\/\" target=\"_blank\" rel=\"nofollow noopener noreferrer\">https:\/\/www.inteligenciacolectiva.ar\/blog\/<\/a><\/p>\n","protected":false},"excerpt":{"rendered":"<p>EN TIEMPOS DE ELECCIONES.<\/p>\n","protected":false},"author":3,"featured_media":23019,"comment_status":"open","ping_status":"open","sticky":false,"template":"","format":"standard","meta":{"footnotes":"","jetpack_publicize_message":"","jetpack_publicize_feature_enabled":true,"jetpack_social_post_already_shared":true,"jetpack_social_options":{"image_generator_settings":{"template":"highway","default_image_id":0,"font":"","enabled":false},"version":2}},"categories":[17],"tags":[2528,1699,2527],"class_list":["post-23012","post","type-post","status-publish","format-standard","has-post-thumbnail","hentry","category-politica","tag-balotaje","tag-monzon","tag-santucho"],"jetpack_publicize_connections":[],"jetpack_featured_media_url":"https:\/\/revistaepocadigital.com.ar\/wp-content\/uploads\/2023\/11\/sergio-massa-y-javier-milei-1689418.webp","jetpack_likes_enabled":true,"_links":{"self":[{"href":"https:\/\/revistaepocadigital.com.ar\/index.php?rest_route=\/wp\/v2\/posts\/23012","targetHints":{"allow":["GET"]}}],"collection":[{"href":"https:\/\/revistaepocadigital.com.ar\/index.php?rest_route=\/wp\/v2\/posts"}],"about":[{"href":"https:\/\/revistaepocadigital.com.ar\/index.php?rest_route=\/wp\/v2\/types\/post"}],"author":[{"embeddable":true,"href":"https:\/\/revistaepocadigital.com.ar\/index.php?rest_route=\/wp\/v2\/users\/3"}],"replies":[{"embeddable":true,"href":"https:\/\/revistaepocadigital.com.ar\/index.php?rest_route=%2Fwp%2Fv2%2Fcomments&post=23012"}],"version-history":[{"count":0,"href":"https:\/\/revistaepocadigital.com.ar\/index.php?rest_route=\/wp\/v2\/posts\/23012\/revisions"}],"wp:featuredmedia":[{"embeddable":true,"href":"https:\/\/revistaepocadigital.com.ar\/index.php?rest_route=\/wp\/v2\/media\/23019"}],"wp:attachment":[{"href":"https:\/\/revistaepocadigital.com.ar\/index.php?rest_route=%2Fwp%2Fv2%2Fmedia&parent=23012"}],"wp:term":[{"taxonomy":"category","embeddable":true,"href":"https:\/\/revistaepocadigital.com.ar\/index.php?rest_route=%2Fwp%2Fv2%2Fcategories&post=23012"},{"taxonomy":"post_tag","embeddable":true,"href":"https:\/\/revistaepocadigital.com.ar\/index.php?rest_route=%2Fwp%2Fv2%2Ftags&post=23012"}],"curies":[{"name":"wp","href":"https:\/\/api.w.org\/{rel}","templated":true}]}}