{"id":23029,"date":"2023-11-14T17:46:20","date_gmt":"2023-11-14T20:46:20","guid":{"rendered":"https:\/\/revistaepocadigital.com.ar\/?p=23029"},"modified":"2023-11-14T17:46:20","modified_gmt":"2023-11-14T20:46:20","slug":"balotaje-en-la-argentina-massa-y-milei-y-si-vivana-canosa-tiene-razon","status":"publish","type":"post","link":"https:\/\/revistaepocadigital.com.ar\/?p=23029","title":{"rendered":"BALOTAJE EN LA ARGENTINA. MASSA Y MILEI. \u00bfY SI VIVANA CANOSA TIENE RAZ\u00d3N?"},"content":{"rendered":"<p><strong>\u00bf Y SI TIENE RAZ\u00d3N? Sola contra todos. EN LA RECTA FINAL HACIA EL BALOTAJE. <\/strong><!--more--><\/p>\n<p><img decoding=\"async\" class=\"css-9pa8cd\" draggable=\"true\" src=\"https:\/\/pbs.twimg.com\/profile_images\/1634995050680578049\/VJ_ptoOu_bigger.jpg\" alt=\"\" \/><\/p>\n<div class=\"css-1dbjc4n r-6gpygo r-14gqq1x\" data-testid=\"UserName\">\n<div class=\"css-1dbjc4n r-1wbh5a2 r-dnmrzs r-1ny4l3l\">\n<div class=\"css-1dbjc4n r-1wbh5a2 r-dnmrzs r-1ny4l3l\">\n<div class=\"css-1dbjc4n r-1wbh5a2 r-dnmrzs r-1ny4l3l\">\n<div class=\"css-1dbjc4n r-1awozwy r-18u37iz r-dnmrzs\">\n<div class=\"css-901oao r-1awozwy r-18jsvk2 r-6koalj r-1qd0xha r-adyw6z r-1vr29t4 r-135wba7 r-bcqeeo r-1udh08x r-qvutc0\" dir=\"ltr\"><em><span class=\"css-901oao css-16my406 r-poiln3 r-bcqeeo r-qvutc0\">Gustavo Bruzo <\/span>@gabruzo<\/em><\/div>\n<\/div>\n<\/div>\n<\/div>\n<\/div>\n<div class=\"css-1dbjc4n r-1habvwh r-1wbh5a2 r-13hce6t r-14gqq1x\">\n<div class=\"css-1dbjc4n r-1habvwh r-18u37iz r-dnmrzs r-1ny4l3l\">\n<div class=\"css-901oao css-1hf3ou5 r-14j79pv r-1qd0xha r-a023e6 r-16dba41 r-rjixqe r-bcqeeo r-qvutc0\" dir=\"ltr\"><em><span class=\"css-901oao css-16my406 r-poiln3 r-bcqeeo r-qvutc0\">Un tipo simple de barrio Rebelde Cuervo CASLA <\/span><span class=\"r-18u37iz\"><a class=\"css-4rbku5 css-18t94o4 css-901oao css-16my406 r-1cvl2hr r-1loqt21 r-poiln3 r-bcqeeo r-1ny4l3l r-1ddef8g r-tjvw6i r-qvutc0\" dir=\"ltr\" role=\"link\" href=\"https:\/\/twitter.com\/search?q=%23SinJusticiaNoHayRep%C3%BAblica&amp;src=hashtag_click\">#SinJusticiaNoHayRep\u00fablica<\/a><\/span> <span class=\"r-18u37iz\"><a class=\"css-4rbku5 css-18t94o4 css-901oao css-16my406 r-1cvl2hr r-1loqt21 r-poiln3 r-bcqeeo r-qvutc0\" dir=\"ltr\" role=\"link\" href=\"https:\/\/twitter.com\/search?q=%23PRO&amp;src=hashtag_click\">#PRO<\/a><\/span><span class=\"css-901oao css-16my406 r-poiln3 r-bcqeeo r-qvutc0\"> Macrista (como indica su perfil en la red social X)<\/span><\/em><\/div>\n<div dir=\"ltr\"><\/div>\n<div dir=\"ltr\">Un ciudadano argentino que se expres\u00f3 en su cuenta de la red social X (antes Twitter) donde cuenta con casi 24 mil seguidores, expres\u00f3 su pensamiento que vale la pena analizarlo pues desliza conceptos para tener muy en cuenta, surgidos luego de opiniones vertidas en su programa en el canal La Naci\u00f3n + por la periodista Liliana Canosa.<\/div>\n<\/div>\n<\/div>\n<\/div>\n<p>&nbsp;<\/p>\n<p>&nbsp;<\/p>\n<p><em>Te puede caer bien o no, pero no hay que dejar pasar que tiene pocas pulgas para decir lo que piensa. Viviana Canosa sin medias tintas y sin pelos en la lengua desliz\u00f3 lo que ella interpret\u00f3 del debate Milei &#8211; Massa, si analizo detalladamente, pienso igual que ella.<\/em><\/p>\n<p><em>Pasamos de cansarnos de publicar lo que cada uno pensaba sobre el libertario a tenerlo como \u00fanica opci\u00f3n, de transar con Massa, de negociar con Barrionuevo, de pasearse 4 a\u00f1os por todos los canales de TV limando a Macri, de mentir que Patricia Bullrich mat\u00f3 a un ni\u00f1o con una bomba y miles de cosas m\u00e1s, lo cierto es que pas\u00f3 de ser el &#8220;Demonio de Tasmania&#8221; a convertirse pr\u00e1cticamente en San Mart\u00edn.<\/em><\/p>\n<p><em>Algo no est\u00e1 bien, la mayor\u00eda por no decir todos en esta red que quer\u00edamos que Patricia sea Presidente, dec\u00edamos que Massa era Milei y que Milei era Massa y es ac\u00e1 que me pregunto, <strong>\u00bfes realmente Milei la oposici\u00f3n de Massa o es una estrategia m\u00e1s a la que nos tienen acostumbrados los pol\u00edticos,<\/strong> del yo te invento pero yo voy a la cabeza de todo?<\/em><\/p>\n<p><em>TODOS ac\u00e1 nos cansamos de decir que Milei era un invento del kirchnerismo para romper JxC, de hecho, pas\u00f3. TODOS ac\u00e1 nos cansamos de decir que gran parte de las listas de Milei, se las arm\u00f3 Massa, de hecho, pas\u00f3. TODOS ac\u00e1 nos cansamos de decir que Milei acompa\u00f1o la mayor\u00edas de leyes en el Congreso al kirchnerismo, de hecho, pas\u00f3. Y as\u00ed, muchas cosas m\u00e1s.<\/em><\/p>\n<p><em>Viviana (13-11 en su programa de TV<strong>) dej\u00f3 entrever que Milei fue para atr\u00e1s en el debate y entreg\u00f3 la Presidencia a Massa.<\/strong> \u00bfEs descabellado lo que dijo? No, de hecho con los antecedentes a la vista, para mi, es lo que pas\u00f3. Milei tuvo la oportunidad de destrozar a Massa en el debate y NO LO HIZO.<\/em><\/p>\n<p><!--more--><\/p>\n<p style=\"text-align: center;\"><strong>||||||||||||||||<\/strong><\/p>\n<p>Antes Bruzo tambi\u00e9n en la misma red social, luego de la primera ronda electoral en octubre hab\u00eda posteado:<\/p>\n<div class=\"css-1dbjc4n r-aqfbo4 r-gtdqiz r-1gn8etr r-1g40b8q\">\n<div class=\"css-1dbjc4n\">\n<div class=\"css-1dbjc4n r-1loqt21 r-136ojw6\">\n<div class=\"css-1dbjc4n r-1h3ijdo r-136ojw6\">\n<div class=\"css-1dbjc4n\">\n<div class=\"css-1dbjc4n r-1e5uvyk r-6026j r-1h3ijdo\">\n<div class=\"css-1dbjc4n r-1awozwy r-18u37iz r-1h3ijdo r-1777fci r-1jgb5lz r-1ye8kvj r-ymttw5 r-13qz1uu\">\n<div class=\"css-1dbjc4n r-16y2uox r-1wbh5a2 r-1pi2tsx r-1777fci\">\n<div class=\"css-1dbjc4n r-1habvwh\"><\/div>\n<\/div>\n<\/div>\n<\/div>\n<\/div>\n<\/div>\n<\/div>\n<\/div>\n<\/div>\n<section class=\"css-1dbjc4n\" role=\"region\" aria-labelledby=\"accessible-list-11\">\n<div class=\"css-1dbjc4n\" aria-label=\"Cronolog\u00eda: Conversaci\u00f3n\">\n<div>\n<div data-testid=\"cellInnerDiv\">\n<div class=\"css-1dbjc4n r-j5o65s r-qklmqi r-1adg3ll r-1ny4l3l\">\n<div class=\"css-1dbjc4n\">\n<article class=\"css-1dbjc4n r-18u37iz r-1ny4l3l r-1udh08x r-1qhn6m8 r-i023vh\" tabindex=\"-1\" role=\"article\" aria-labelledby=\"id__57y8exj0xhc id__0i1bg0hibdnj id__24upi0z81m8 id__i8r1mcm0y1b id__og9aqmr26j id__d31usghdt2 id__5gorul1a1c id__1nu8dmweuojg id__4jmotdj81xm id__p4qz0h8hbm id__08t9ef8067u id__90g5qgsd9ya id__3dbvojnjial id__vpagqpb5xd id__5o3paps55m3 id__qzppp50qsb id__iazfhyglnro id__1vvprywonkw id__wvsr5oncj3a\" data-testid=\"tweet\">\n<div class=\"css-1dbjc4n r-eqz5dr r-16y2uox r-1wbh5a2\">\n<div class=\"css-1dbjc4n r-16y2uox r-1wbh5a2 r-1ny4l3l\">\n<div class=\"css-1dbjc4n r-18u37iz\">\n<div class=\"css-1dbjc4n r-1awozwy r-onrtq4 r-18kxxzh r-1b7u577\">\n<div class=\"css-1dbjc4n\" data-testid=\"Tweet-User-Avatar\">\n<div class=\"css-1dbjc4n r-18kxxzh r-1wbh5a2 r-13qz1uu\">\n<div class=\"css-1dbjc4n r-1wbh5a2 r-dnmrzs\">\n<div class=\"css-1dbjc4n r-1adg3ll r-bztko3\" data-testid=\"UserAvatar-Container-gabruzo\">\n<div class=\"r-1p0dtai r-1pi2tsx r-1d2f490 r-u8s1d r-ipm5af r-13qz1uu\">\n<div class=\"css-1dbjc4n r-1adg3ll r-1pi2tsx r-1wyvozj r-bztko3 r-u8s1d r-1v2oles r-desppf r-13qz1uu\">\n<div class=\"r-1adg3ll r-13qz1uu\"><\/div>\n<\/div>\n<\/div>\n<\/div>\n<\/div>\n<\/div>\n<\/div>\n<\/div>\n<div class=\"css-1dbjc4n r-1iusvr4 r-16y2uox r-1777fci\">\n<div class=\"css-1dbjc4n r-zl2h9q\">\n<div class=\"css-1dbjc4n r-k4xj1c r-18u37iz r-1wtj0ep\">\n<div class=\"css-1dbjc4n r-1jkjb\">\n<div class=\"css-1dbjc4n r-1awozwy r-18u37iz r-1cmwbt1 r-1wtj0ep\">\n<div class=\"css-1dbjc4n r-1awozwy r-6koalj r-18u37iz\">\n<div class=\"css-1dbjc4n\">\n<div class=\"css-1dbjc4n r-18u37iz r-1h0z5md\">\n<div class=\"css-18t94o4 css-1dbjc4n r-1777fci r-bt1l66 r-1ny4l3l r-bztko3 r-lrvibr\" tabindex=\"0\" role=\"button\" aria-expanded=\"false\" aria-haspopup=\"menu\" aria-label=\"M\u00e1s opciones\" data-testid=\"caret\">\n<div class=\"css-901oao r-1awozwy r-14j79pv r-6koalj r-1qd0xha r-a023e6 r-16dba41 r-1h0z5md r-rjixqe r-bcqeeo r-o7ynqc r-clp7b1 r-3s2u2q r-qvutc0\" dir=\"ltr\">\n<div class=\"css-1dbjc4n r-xoduu5\">\n<div class=\"css-1dbjc4n r-1niwhzg r-sdzlij r-1p0dtai r-xoduu5 r-1d2f490 r-xf4iuw r-1ny4l3l r-u8s1d r-zchlnj r-ipm5af r-o7ynqc r-6416eg\"><\/div>\n<\/div>\n<\/div>\n<\/div>\n<\/div>\n<\/div>\n<\/div>\n<\/div>\n<\/div>\n<\/div>\n<\/div>\n<\/div>\n<\/div>\n<div class=\"css-1dbjc4n\">\n<div class=\"css-1dbjc4n\">\n<div class=\"css-1dbjc4n r-1s2bzr4\">\n<div id=\"id__08t9ef8067u\" class=\"css-901oao r-18jsvk2 r-1qd0xha r-1inkyih r-16dba41 r-135wba7 r-bcqeeo r-bnwqim r-qvutc0\" dir=\"auto\" lang=\"es\" data-testid=\"tweetText\"><span class=\"css-901oao css-16my406 r-poiln3 r-bcqeeo r-qvutc0\"><em>UNA JUGADA MAGISTRAL. Mientras todos compr\u00e1bamos que Milei transaba con Massa (yo compr\u00e9 aclaro), l<strong>os que realmente hicieron un PACTO BAJO LA MESA con Massa fueron: Morales, Losteau, Carri\u00f3, Larreta y muchos radicales que no militaron a Patricia en todas las Provincias.<\/strong><\/em> <\/span><\/div>\n<div dir=\"auto\" lang=\"es\" data-testid=\"tweetText\"><\/div>\n<div class=\"css-901oao r-18jsvk2 r-1qd0xha r-1inkyih r-16dba41 r-135wba7 r-bcqeeo r-bnwqim r-qvutc0\" dir=\"auto\" lang=\"es\" data-testid=\"tweetText\"><em><span class=\"css-901oao css-16my406 r-poiln3 r-bcqeeo r-qvutc0\">Todos est\u00e1bamos molestos porque Macri coqueteaba con Milei y era como que le daba poco apoyo a Patricia, se puede interpretar de varias maneras, pero de algo no tengo dudas, Macri vio la jugada que le estaban armando a sus espaldas para que la candidata a Presidente perdiera la elecci\u00f3n, de hecho, as\u00ed fue. Quienes el Domingo (22-10) abrazaban a Patricia, <strong>por la espalda le estaban clavando el pu\u00f1al y aunque no lo demostraran p\u00fablicamente, festejaban esta derrota.<\/strong><\/span><\/em><\/div>\n<div dir=\"auto\" lang=\"es\" data-testid=\"tweetText\"><\/div>\n<div class=\"css-901oao r-18jsvk2 r-1qd0xha r-1inkyih r-16dba41 r-135wba7 r-bcqeeo r-bnwqim r-qvutc0\" dir=\"auto\" lang=\"es\" data-testid=\"tweetText\"><em><span class=\"css-901oao css-16my406 r-poiln3 r-bcqeeo r-qvutc0\"><strong> Los TRAIDORES que estaban dentro del PRO y JxC pensaron que con esto se terminaba la era Macri, pero esto no fue as\u00ed.<\/strong> La diferencia del ex Presidente con los Radicales no es de ahora, es una interna de m\u00e1s de 10 a\u00f1os. Recordemos que la UCR resucita de la mano de Macri, luego de que Alfonsin entregara antes su mandato y De La Rua se vaya en helic\u00f3ptero, dos golpes duros que dejaron pr\u00e1cticamente a los Radicales sin posibilidad alguna de volver alguna vez a ocupar cargos nacionales. Y una vez volvieron a ser &#8220;alguien&#8221;, no por m\u00e9ritos propios, sino porque Macri les dio una oportunidad que a\u00f1os despu\u00e9s le pagar\u00edan con la traici\u00f3n. <\/span><\/em><\/div>\n<div dir=\"auto\" lang=\"es\" data-testid=\"tweetText\"><\/div>\n<div class=\"css-901oao r-18jsvk2 r-1qd0xha r-1inkyih r-16dba41 r-135wba7 r-bcqeeo r-bnwqim r-qvutc0\" dir=\"auto\" lang=\"es\" data-testid=\"tweetText\"><span class=\"css-901oao css-16my406 r-poiln3 r-bcqeeo r-qvutc0\"><em>La elecci\u00f3n del 22 de octubre luego de conocerse los resultados, colm\u00f3 el vaso y la fuerte discusi\u00f3n entre Patricia, Morales y Losteau dejaba a la vista lo que se pod\u00eda venir, y as\u00ed fue. No se hizo esperar, Macri convoc\u00f3 de urgencia a Milei, Patricia y Ritondo a su casa de Acassuso y puso las cartas arriba de la mesa. Nac\u00eda esa noche el acuerdo explicito de acompa\u00f1ar a Javier Milei en el ballotage.<\/em> <\/span><\/div>\n<div dir=\"auto\" lang=\"es\" data-testid=\"tweetText\"><\/div>\n<div class=\"css-901oao r-18jsvk2 r-1qd0xha r-1inkyih r-16dba41 r-135wba7 r-bcqeeo r-bnwqim r-qvutc0\" dir=\"auto\" lang=\"es\" data-testid=\"tweetText\"><em><span class=\"css-901oao css-16my406 r-poiln3 r-bcqeeo r-qvutc0\">Nac\u00eda esa noche, el fin de los TRAIDORES que eran parte del PRO y JxC. Macri, dej\u00f3 expuestos a quienes quieren realmente el fin del kirchnerismo y quienes son los que jugar\u00e1n para ellos. Es por eso, que el 19 de Noviembre es importante ir a votar para intentar sacar de una buena vez y para siempre a quienes pretenden eternizarse en el poder. Como dijo Patricia: &#8220;Cuando la Patria est\u00e1 en peligro todo est\u00e1 permitido, excepto no defenderla&#8221; Es con Milei.<\/span><\/em><\/div>\n<\/div>\n<\/div>\n<\/div>\n<\/div>\n<\/div>\n<\/article>\n<\/div>\n<\/div>\n<\/div>\n<\/div>\n<\/div>\n<\/section>\n<p>&nbsp;<\/p>\n<p>&nbsp;<\/p>\n<p><strong>\u00bfQue lectura hac\u00e9s vos?, te pregunta EPOCA.<\/strong><\/p>\n","protected":false},"excerpt":{"rendered":"<p>\u00bf Y SI TIENE RAZ\u00d3N? Sola contra todos. EN LA RECTA FINAL HACIA EL BALOTAJE.<\/p>\n","protected":false},"author":3,"featured_media":0,"comment_status":"open","ping_status":"open","sticky":false,"template":"","format":"standard","meta":{"footnotes":"","jetpack_publicize_message":"","jetpack_publicize_feature_enabled":true,"jetpack_social_post_already_shared":true,"jetpack_social_options":{"image_generator_settings":{"template":"highway","default_image_id":0,"font":"","enabled":false},"version":2}},"categories":[17],"tags":[2528,2529,1954,2278],"class_list":["post-23029","post","type-post","status-publish","format-standard","hentry","category-politica","tag-balotaje","tag-canosa","tag-massa","tag-milei"],"jetpack_publicize_connections":[],"jetpack_featured_media_url":"","jetpack_likes_enabled":true,"_links":{"self":[{"href":"https:\/\/revistaepocadigital.com.ar\/index.php?rest_route=\/wp\/v2\/posts\/23029","targetHints":{"allow":["GET"]}}],"collection":[{"href":"https:\/\/revistaepocadigital.com.ar\/index.php?rest_route=\/wp\/v2\/posts"}],"about":[{"href":"https:\/\/revistaepocadigital.com.ar\/index.php?rest_route=\/wp\/v2\/types\/post"}],"author":[{"embeddable":true,"href":"https:\/\/revistaepocadigital.com.ar\/index.php?rest_route=\/wp\/v2\/users\/3"}],"replies":[{"embeddable":true,"href":"https:\/\/revistaepocadigital.com.ar\/index.php?rest_route=%2Fwp%2Fv2%2Fcomments&post=23029"}],"version-history":[{"count":0,"href":"https:\/\/revistaepocadigital.com.ar\/index.php?rest_route=\/wp\/v2\/posts\/23029\/revisions"}],"wp:attachment":[{"href":"https:\/\/revistaepocadigital.com.ar\/index.php?rest_route=%2Fwp%2Fv2%2Fmedia&parent=23029"}],"wp:term":[{"taxonomy":"category","embeddable":true,"href":"https:\/\/revistaepocadigital.com.ar\/index.php?rest_route=%2Fwp%2Fv2%2Fcategories&post=23029"},{"taxonomy":"post_tag","embeddable":true,"href":"https:\/\/revistaepocadigital.com.ar\/index.php?rest_route=%2Fwp%2Fv2%2Ftags&post=23029"}],"curies":[{"name":"wp","href":"https:\/\/api.w.org\/{rel}","templated":true}]}}