{"id":23059,"date":"2023-11-14T23:19:42","date_gmt":"2023-11-15T02:19:42","guid":{"rendered":"https:\/\/revistaepocadigital.com.ar\/?p=23059"},"modified":"2023-11-14T23:25:09","modified_gmt":"2023-11-15T02:25:09","slug":"intendente-nanni-ante-su-segundo-periodo-se-vienen-cambios-que-tienen-que-ver-con-el-achique-del-estado-asi-lo-propone-la-economia-municipal","status":"publish","type":"post","link":"https:\/\/revistaepocadigital.com.ar\/?p=23059","title":{"rendered":"Intendente Nanni, ante su segundo per\u00edodo, &#8220;se vienen cambios que tienen que ver con el achique del estado, as\u00ed lo propone la econom\u00eda municipal&#8221;"},"content":{"rendered":"<div class=\"itemIntroText\">\n<p><strong>DIEGO NANNI ADELANT\u00d3 CAMBIOS IMPORTANTES EN SU ESTRUCTURA MUNICIPAL, CON VISTAS AL SEGUNDO PER\u00cdODO QUE VA A INICIAR EL 10 DE DICIEMBRE.<!--more--><\/strong><\/p>\n<p>El objetivo es tene<strong>r <\/strong><em><strong>\u201cmenos jerarqu\u00edas en direcciones y secretar\u00edas&#8221;<\/strong> porque apunta a \u201c<strong>tener funcionarios que est\u00e9n en la calle, con los vecinos; un gobierno, sensible, al lado de los vecinos\u201d,<\/strong><\/em> dijo al programa El Diario de la Ma\u00f1ana de Capilla Online.<\/p>\n<\/div>\n<p>Adelant\u00f3 que <strong>ya ha decidido las modificaciones<\/strong> a instrumentar,<em> \u201ctenemos cambios hechos, formalmente ser\u00e1n presentados en el momento de mi asunci\u00f3n, no antes, porque somos respetuosos, <strong>soy muy agradecido con todos los que me acompa\u00f1aron en este primer per\u00edodo y soy cuidadoso con quienes vienen a tomar el desaf\u00edo\u201d.<\/strong><\/em><\/p>\n<div class=\"itemFullText\">\n<p>Luego ampli\u00f3 al mismo medio, &#8220;<em>se vienen cambios que tienen que<strong> ver con el achique del estado, porque as\u00ed lo propone la econom\u00eda municipal<\/strong>,<strong> se viene un gobierno con menos personas<\/strong> con una jerarqu\u00eda que ven desde arriba lo que le pasa al pueblo, al vecino. Queremos funcionarios que est\u00e9n en la calle, con los vecinos, viendo la realidad de primera mano. Hace un tiempo que no tenemos Secretario de Gobierno. Cambios, hay. El jefe, va a estar en la calle. <strong>Menos jerarqu\u00edas,<\/strong> no podes tener tres jefes de un \u00e1rea y el de m\u00e1s alto rango no tiene idea lo que pasa en la calle. Lo mismo los directores, que ya lo vengo hablando\u201d.<\/em><\/p>\n<p>Por otro lado, mencion\u00f3 que el per\u00edodo de su gobierno que termina este a\u00f1o <em>\u201chemos demostrado que hemos trabajado, gestionado y materializado desde el primer d\u00eda\u201d pero que \u201cen el que viene es m\u00e1s el cara a cara, el mano a mano con la gente, porque as\u00ed lo requiere la realidad, un gobierno austero, sensible, al lado de los vecinos\u201d.<\/em><\/p>\n<p>Ante el inminente balotaje entre<strong> Sergio Massa y Javier Milei,<\/strong> consider\u00f3,<em> &#8220;nosotros hemos cumplido con nuestras rutinas de recorridas, llevando la boleta explicando un poco las diferencias entre lo que tenemos que elegir este 19 de noviembre, y para nosotros es muy importante tener un gobierno nacional que tenga las mismas prioridades que tenemos en el gobierno municipal\u201d.<\/em><\/p>\n<p>Asimismo, Nanni afirm\u00f3 que <em>\u201clas dos propuestas son muy distintas<\/em>\u201d y en eso hay que hacer hincapi\u00e9&#8221;, en las marcadas diferencias que separan a ambos candidatos a presidente, remarcando la valoraci\u00f3n n\u00edtida que hace sobre Massa respecto a Milei, a quien dijo le falta <em>&#8220;sentido com\u00fan y cordura\u201d.<\/em><\/p>\n<p><em>\u201cMassa es muy distinto en cuanto a su din\u00e1mica de trabajo, apertura al di\u00e1logo, liderazgo, muy distinto al presidente actual&#8221;,<\/em> remarc\u00f3 Nanni y despu\u00e9s apunt\u00f3 al mismo medio:<em> &#8220;yo s\u00ed creo en \u00e9l <\/em>(Massa)<em>, creo que la propuesta es sincera. No creo que un tipo con tantos a\u00f1os en la pol\u00edtica y que luch\u00f3 por ser presidente vaya a desperdiciar este momento, su momento. A nosotros nos viene exigiendo una agenda de trabajo, resultados, gesti\u00f3n, respuestas a la gente, que se condice con lo que viene diciendo\u201d.<\/em><\/p>\n<\/div>\n","protected":false},"excerpt":{"rendered":"<p>DIEGO NANNI ADELANT\u00d3 CAMBIOS IMPORTANTES EN SU ESTRUCTURA MUNICIPAL, CON VISTAS AL SEGUNDO PER\u00cdODO QUE VA A INICIAR EL 10 DE DICIEMBRE.<\/p>\n","protected":false},"author":3,"featured_media":23061,"comment_status":"open","ping_status":"open","sticky":false,"template":"","format":"standard","meta":{"footnotes":"","jetpack_publicize_message":"","jetpack_publicize_feature_enabled":true,"jetpack_social_post_already_shared":true,"jetpack_social_options":{"image_generator_settings":{"template":"highway","default_image_id":0,"font":"","enabled":false},"version":2}},"categories":[4,17],"tags":[2534,66],"class_list":["post-23059","post","type-post","status-publish","format-standard","has-post-thumbnail","hentry","category-aqui-los-cardales","category-politica","tag-cambios-segundo-periodo","tag-nanni"],"jetpack_publicize_connections":[],"jetpack_featured_media_url":"https:\/\/revistaepocadigital.com.ar\/wp-content\/uploads\/2023\/11\/nanni-mm.jpg","jetpack_likes_enabled":true,"_links":{"self":[{"href":"https:\/\/revistaepocadigital.com.ar\/index.php?rest_route=\/wp\/v2\/posts\/23059","targetHints":{"allow":["GET"]}}],"collection":[{"href":"https:\/\/revistaepocadigital.com.ar\/index.php?rest_route=\/wp\/v2\/posts"}],"about":[{"href":"https:\/\/revistaepocadigital.com.ar\/index.php?rest_route=\/wp\/v2\/types\/post"}],"author":[{"embeddable":true,"href":"https:\/\/revistaepocadigital.com.ar\/index.php?rest_route=\/wp\/v2\/users\/3"}],"replies":[{"embeddable":true,"href":"https:\/\/revistaepocadigital.com.ar\/index.php?rest_route=%2Fwp%2Fv2%2Fcomments&post=23059"}],"version-history":[{"count":0,"href":"https:\/\/revistaepocadigital.com.ar\/index.php?rest_route=\/wp\/v2\/posts\/23059\/revisions"}],"wp:featuredmedia":[{"embeddable":true,"href":"https:\/\/revistaepocadigital.com.ar\/index.php?rest_route=\/wp\/v2\/media\/23061"}],"wp:attachment":[{"href":"https:\/\/revistaepocadigital.com.ar\/index.php?rest_route=%2Fwp%2Fv2%2Fmedia&parent=23059"}],"wp:term":[{"taxonomy":"category","embeddable":true,"href":"https:\/\/revistaepocadigital.com.ar\/index.php?rest_route=%2Fwp%2Fv2%2Fcategories&post=23059"},{"taxonomy":"post_tag","embeddable":true,"href":"https:\/\/revistaepocadigital.com.ar\/index.php?rest_route=%2Fwp%2Fv2%2Ftags&post=23059"}],"curies":[{"name":"wp","href":"https:\/\/api.w.org\/{rel}","templated":true}]}}