{"id":2306,"date":"2019-05-07T15:38:19","date_gmt":"2019-05-07T18:38:19","guid":{"rendered":"https:\/\/revistaepocadigital.com.ar\/?p=2306"},"modified":"2019-05-07T15:38:19","modified_gmt":"2019-05-07T18:38:19","slug":"alta-tension-en-la-noche-que-el-hcd-cito-al-intendente","status":"publish","type":"post","link":"https:\/\/revistaepocadigital.com.ar\/?p=2306","title":{"rendered":"ALTA TENSION EN LA NOCHE QUE EL HCD CIT\u00d3 AL INTENDENTE"},"content":{"rendered":"<p><strong>LA ANUNCIADA CITACI\u00d3N AL INTENDENTE POR LAS DOS MUERTES EN EL HOSPITAL.<\/strong><!--more--><\/p>\n<p>Semejantes episodios, muy dolorosos y controversiales en cuanto a sus razones y el rol que tuvo el personal del <strong>Hospital San Jos\u00e9,<\/strong> hicieron que el clima estuviera muy tenso en la noche en que fuera citado y concurriera a una sesi\u00f3n cerrada del Concejo Deliberante, el intendente Adri\u00e1n S\u00e1nchez junto a la directora del hospital, Paola Garc\u00eda, el secretario de salud Dr. Algranatti, ahora abocado a tareas m\u00e9dicas en nuestro asistencial, el secretario de coordinaci\u00f3n Guillermo Flores, Marcela Noriega, abogada de la comuna, entre otros integrantes del staff del ejecutivo municipal<\/p>\n<p>La noche transcurri\u00f3 con evidente tensi\u00f3n y con la presencia de familiares de la ni\u00f1a fallecida y del beb\u00e9 que naciera sin vida, que tuvieron fuertes cr\u00edticas en la vereda del municipio hacia el intendente, al titular del HCD Ra\u00fal Sancho y a ediles, todos presentes en ese lugar. Los familiares tuvieron intenciones de presenciar la sesi\u00f3n, sin embargo, concejales explicaron que no era posible dada las caracter\u00edsticas fijadas para ese tipo de reuniones.<\/p>\n<p>Trascendidos recogidos, ya que se trat\u00f3 de una sesi\u00f3n plenaria cerrada como qued\u00f3 dicho, ratificaron que el clima antes del inicio, estuvo caldeado y con fuertes cruces entre concejales del oficialismo y de Cambiemos, por la situaci\u00f3n planteada minutos antes en la puerta de la municipalidad ante las familias damnificadas, que luego accedieron al despacho del intendente con el que se reunieron en privado.<\/p>\n<p>Para desarrollar la sesi\u00f3n, Sancho, titular del HCD, hab\u00eda elaborado una serie de preguntas para el intendente S\u00e1nchez y los funcionarios que lo acompa\u00f1aron, tendientes a encontrar respuestas los tan dolorosos hechos, m\u00e1s all\u00e1 de las actuaciones judiciales en curso.<\/p>\n<p>En el informe que respondi\u00f3 a las preguntas planteadas por Sancho,<strong> no aparecieron nuevos datos o revelaciones respecto a lo sucedido en el hospital,<\/strong> acentu\u00e1ndo los funcionarios que la justicia investiga para establecer, si se trat\u00f3 o no de casos de mala praxis. A su vez, se supo que el ejecutivo municipal, inici\u00f3 sumarios administrativos a los facultativos que intervinieron, que una vez resueltos, pod\u00edan determinarse sanciones, en caso de corresponder, cuando la justicia se expida.<\/p>\n<p>&nbsp;<\/p>\n","protected":false},"excerpt":{"rendered":"<p>LA ANUNCIADA CITACI\u00d3N AL INTENDENTE POR LAS DOS MUERTES EN EL HOSPITAL.<\/p>\n","protected":false},"author":4,"featured_media":2309,"comment_status":"open","ping_status":"open","sticky":false,"template":"","format":"standard","meta":{"footnotes":"","jetpack_publicize_message":"","jetpack_publicize_feature_enabled":true,"jetpack_social_post_already_shared":false,"jetpack_social_options":{"image_generator_settings":{"template":"highway","default_image_id":0,"font":"","enabled":false},"version":2}},"categories":[17],"tags":[133,320],"class_list":["post-2306","post","type-post","status-publish","format-standard","has-post-thumbnail","hentry","category-politica","tag-hospital","tag-muertes-de-chicos"],"jetpack_publicize_connections":[],"jetpack_featured_media_url":"https:\/\/revistaepocadigital.com.ar\/wp-content\/uploads\/2019\/05\/El-Intendente-Sanchez-junto-a-Raul-Sancho-02-838x10241.jpg","jetpack_likes_enabled":true,"_links":{"self":[{"href":"https:\/\/revistaepocadigital.com.ar\/index.php?rest_route=\/wp\/v2\/posts\/2306","targetHints":{"allow":["GET"]}}],"collection":[{"href":"https:\/\/revistaepocadigital.com.ar\/index.php?rest_route=\/wp\/v2\/posts"}],"about":[{"href":"https:\/\/revistaepocadigital.com.ar\/index.php?rest_route=\/wp\/v2\/types\/post"}],"author":[{"embeddable":true,"href":"https:\/\/revistaepocadigital.com.ar\/index.php?rest_route=\/wp\/v2\/users\/4"}],"replies":[{"embeddable":true,"href":"https:\/\/revistaepocadigital.com.ar\/index.php?rest_route=%2Fwp%2Fv2%2Fcomments&post=2306"}],"version-history":[{"count":0,"href":"https:\/\/revistaepocadigital.com.ar\/index.php?rest_route=\/wp\/v2\/posts\/2306\/revisions"}],"wp:featuredmedia":[{"embeddable":true,"href":"https:\/\/revistaepocadigital.com.ar\/index.php?rest_route=\/wp\/v2\/media\/2309"}],"wp:attachment":[{"href":"https:\/\/revistaepocadigital.com.ar\/index.php?rest_route=%2Fwp%2Fv2%2Fmedia&parent=2306"}],"wp:term":[{"taxonomy":"category","embeddable":true,"href":"https:\/\/revistaepocadigital.com.ar\/index.php?rest_route=%2Fwp%2Fv2%2Fcategories&post=2306"},{"taxonomy":"post_tag","embeddable":true,"href":"https:\/\/revistaepocadigital.com.ar\/index.php?rest_route=%2Fwp%2Fv2%2Ftags&post=2306"}],"curies":[{"name":"wp","href":"https:\/\/api.w.org\/{rel}","templated":true}]}}