{"id":23079,"date":"2023-11-16T17:18:18","date_gmt":"2023-11-16T20:18:18","guid":{"rendered":"https:\/\/revistaepocadigital.com.ar\/?p=23079"},"modified":"2023-11-17T17:32:27","modified_gmt":"2023-11-17T20:32:27","slug":"luis-mariano-martin-massa-es-el-indicado-tecnica-y-politicamente-para-tomar-la-conduccion-de-pais","status":"publish","type":"post","link":"https:\/\/revistaepocadigital.com.ar\/?p=23079","title":{"rendered":"Luis Mariano Mart\u00edn: &#8220;Massa es el indicado t\u00e9cnica y pol\u00edticamente para tomar la conducci\u00f3n de pa\u00eds&#8221;"},"content":{"rendered":"<p><strong>EL CONCEJAL ELECTO EN PRIMER T\u00c9RMINO POR UNI\u00d3N POR LA PATRIA. DEFINICIONES.<\/strong><!--more--><\/p>\n<p><strong>Luis Mariano Mart\u00edn<\/strong>, concejal electo en primer t\u00e9rmino por Uni\u00f3n por la Patria, se percibe, encarnar\u00e1 un rol importante en la segunda gesti\u00f3n de Diego Nanni al frente de la Municipalidad de Exaltaci\u00f3n de la Cruz. Horas antes del cierre de la campa\u00f1a electoral con vistas al crucial balotaje donde los argentinos votan entre Sergio Massa y Javier Milei, como candidatos a presidente habl\u00f3 con EPOCA. Ac\u00e1 lo que dijo, para tener en cuenta y analizar.<\/p>\n<p><strong>DESPU\u00c9S DE LAS PASO, DESPU\u00c9S DE LAS ELECCIONES GENERALES.<\/strong><\/p>\n<p><em>&#8220;Las PASO representaron para nosotros un encuesta real de lo que pensaba la gente de Exaltaci\u00f3n de la Cruz, y que luego corroboramos en las elecciones generales. Los vecinos nos han reconocido mucho el trabajo efectuado, que estuvo basado en tantas obras concretadas y en el contacto directo con la gente. Diego Nanni atendi\u00f3 a todo el mundo y siempre estuvo presente. Reclamos?, puntualmente no hemos tenido demasiados, desde ya desde barrios m\u00e1s alejados por ejemplo, piden por m\u00e1s asfalto, agua, y en eso estaremos&#8221;.<\/em><\/p>\n<figure id=\"attachment_23083\" aria-describedby=\"caption-attachment-23083\" style=\"width: 192px\" class=\"wp-caption alignleft\"><img loading=\"lazy\" decoding=\"async\" class=\"size-medium wp-image-23083\" src=\"https:\/\/revistaepocadigital.com.ar\/wp-content\/uploads\/2023\/11\/martin-mmmluisma11-jura-osa-192x300.jpg\" alt=\"\" width=\"192\" height=\"300\" srcset=\"https:\/\/revistaepocadigital.com.ar\/wp-content\/uploads\/2023\/11\/martin-mmmluisma11-jura-osa-192x300.jpg 192w, https:\/\/revistaepocadigital.com.ar\/wp-content\/uploads\/2023\/11\/martin-mmmluisma11-jura-osa.jpg 229w\" sizes=\"auto, (max-width: 192px) 100vw, 192px\" \/><figcaption id=\"caption-attachment-23083\" class=\"wp-caption-text\">El 8 de diciembre la jura junto a los nuevos concejales (foto archivo EPOCA)<\/figcaption><\/figure>\n<p><strong>EL BALOTAJE.<\/strong><\/p>\n<p><em>&#8220;Confi\u00e1bamos en que Sergio Massa estuviera en el balotaje, estamos convencidos que a\u00fan con errores en la gesti\u00f3n presidencial actual y cuestiones tantas por resolver, Sergio har\u00e1 que nos mantengamos todos unidos los argentinos, a diferencia del ejemplo que no dej\u00f3 la oposici\u00f3n como Juntos por el Cambio que se pelearon a m\u00e1s no podere, por la ambici\u00f3n de llegar al poder y la gente en general entendi\u00f3 que no era por ah\u00ed el cambio, vio una gran dispersi\u00f3n&#8221;.<\/em><\/p>\n<p><strong>MASSA PROPONE ALGO DISTINTO<\/strong>.<\/p>\n<p><em>&#8220;Massa cambio dentro de la contienda general, con propuestas para una nueva forma de hacer pol\u00edtica, como lo coment\u00f3 intentando a hacer desde 2015 con el Frente Renovador y no se pudo. Entiendo el enojo de la gente por la situaci\u00f3n econ\u00f3mica actual pero a la vez, considero que el es el indicado t\u00e9cnica y pol\u00edticamente para tomar la conducci\u00f3n de pa\u00eds, alcanzar consensos y llevarnos adelante&#8221;.<\/em><\/p>\n<p><strong>MILEI UN PERSONAJE DIVERTIDO SIN CONOCIMIENTO.<\/strong><\/p>\n<p><em>&#8220;Del otro lado en el balotaje est\u00e1 Javier Milei, un personaje divertido al comienzo que despu\u00e9s fue dando muestras de mucha incertidumbre para la gente. No tiene el conocimiento ni el profesionalismo ni la templanza, para conducir un pa\u00eds como la Argentino. Yo no le pedir\u00eda que llevara a mi hijo en su auto a la casa de un amigo&#8230;<\/em><br \/>\n<em>Milei no tiene idea de que los privados solamente, no pueden hacer acuerdos con otros pa\u00edses, sin tener en cuenta los marcos establecidos por los gobiernos. Dice que no comerciar\u00e1 ni con Brasil y China, sin darse cuenta de la importancia que tienen esos mercados para nuestro pa\u00eds. Tambi\u00e9n ha reiterado con el tema de la dolarizaci\u00f3n, algo tan controvertido, y no contempla que para hacerlo en tal caso primero hay que equilibrar ingresos, gastos y no se podr\u00e1n emitir d\u00f3lares desde ya porque no es nuestra moneda, a lo que hay que llegar es al equilibrio fiscal, muchos se creen que la dolarizaci\u00f3n har\u00e1 que vuelva el 1 a 1 de d\u00e9cadas atr\u00e1s, y no es as\u00ed en absoluto!, adem\u00e1s hay que recordar como termin\u00f3 aquel proceso que hizo crecer empresas de servicios pero las industrias terminaron fundidas!&#8221;.<\/em><\/p>\n<p><strong>PORQUE SURGI\u00d3 MILEI<\/strong><\/p>\n<p><em>&#8220;Desde ya tuvo mucho que ver que ese sector pol\u00edtica, en muchos casos encarnado por una derecha muy clara, se fue inclinando hacia Milei dado que la feroz interna que se dio en Juntos por el Cambio, destroz\u00f3 esa opci\u00f3n y Milei entonces concentra la bronca de mucha gente. Un 30% fue variando y se vio atra\u00edda por las propuestas fantasiosas de Milei que sumado al enojo los llev\u00f3 a inclinarse hacia su sector as\u00ed se hizo notar en las PASO y en las elecciones generales, pero entre una y otra no hubo un crecimiento&#8221;.<\/em><\/p>\n<p><strong>A QUE APUNTAR\u00c1 MASSA SI ES ELEGIDO PRESIDENTE.<\/strong><\/p>\n<p><em>&#8220;B\u00e1sicamente a conseguir consensos pol\u00edticos con la oposici\u00f3n y otros sectores importantes del pa\u00eds, adem\u00e1s abocarse en ese marco, a temas relevantes como son los econ\u00f3micos, los gastos del estado, la inseguridad. Hasta 2025 vamos a vivir un par de a\u00f1os duros, hasta arribar a coincidencias y acuerdos para direccionar al pa\u00eds con reglas claras y pol\u00edticas definitivas para conseguir el pa\u00eds que merecemos&#8221;<\/em>.<\/p>\n<p><strong>MACRI LE DIO CIERTO AIRE A MILEI<\/strong><\/p>\n<p><em>&#8220;Mauricio Macri al anunciar que apoyaba la candidatura de Milei, le dio cierto aire, sin embargo Macri est\u00e1 muy cuestionado y ese apoyo, no lo ayudar\u00e1 como espera Milei en las urnas&#8221;.<\/em><\/p>\n<p><strong>\u00bfDOS A\u00d1OS DE NANNI EN LA INTENDENCIA Y LUEGO ASUME MARTIN COMO INTENDENTE?<\/strong><\/p>\n<p><em>&#8220;A esto que me pregunta, lo que respondo es que no existe esa idea en lo m\u00e1s m\u00ednimo; ocurri\u00f3 en el a\u00f1o 2000 cuando Ricardo Bozzani pas\u00f3 de la intendencia al \u00e1mbito de la provincia. Pero este no es el mismo caso, las circunstancias son otras. Adem\u00e1s insisto, no hay nada en carpeta, nada hablado. A Diego lo veo con la misma fuerza, para continuar gestionando en su segundo per\u00edodo como intendente, manteniendo permanente reuniones con organismos del gobierno nacional y provincial como hasta el momento.<\/em><br \/>\n<em>\u00bfSi Diego Nanni es el mejor intendente de la historia de Exaltaci\u00f3n de la Cruz?. A ver, si tomamos esta pregunta con relaci\u00f3n a la gesti\u00f3n de Bozzani, lo que hay que decir que fueron dos etapas diferentes; Ricardo comenz\u00f3 con una transformaci\u00f3n en Exaltaci\u00f3n de la Cruz, a la que luego como jefes comunales acompa\u00f1aron Adri\u00e1n S\u00e1nchez y el Vasco Errazu. Y en cuanto a la gesti\u00f3n de Diego, claramente, ha llevado adelante un trabajo de tremenda importancia y que por su personalidad y carisma, ha conseguido afianzar su espacio propio con tantos vecinos que lo siguen y apoyan en forma incondicional. Y si hablamos en la importancia y en cantidad de obras conseguidos para nuestro distrito, sin dudas, es quien m\u00e1s las concret\u00f3, sin dejar de lado los dos a\u00f1os de pandemia que debimos padecer&#8221;.<\/em><\/p>\n<p><strong>LO QUE VIENE EN EL DISTRITO.<\/strong><\/p>\n<p><em>&#8220;Hay gente que quiz\u00e1 no perciba el notorio crecimiento que se ha venido dando en Exaltaci\u00f3n de la Cruz, en los \u00faltimos a\u00f1os; muy importante sin dudas. Nuestro distrito entre los a\u00f1os 2000 y 2010 creci\u00f3 un 20%, mientras que m\u00e1s cercano, entre 2020 y 2022 creci\u00f3 un 30%, en tanto que la media en la provincia de Buenos Aires fue del 12%. Exaltaci\u00f3n de la Cruz cuenta con 39.700 habitantes, a los que hay que darles respuestas en forma permanente. Y para eso en la segunda gesti\u00f3n de Diego, habr\u00e1 prioridades como continuar con las obras p\u00fablicas en particular en barrios del distrito, adem\u00e1s optimizaci\u00f3n del funcionamiento de \u00e1reas del municipio y conseguir una fuerte recomposici\u00f3n salarial para el personal del municipio, poniendo \u00e9nfasis en el personal de Salud, un \u00e1rea vital&#8221;.<\/em><\/p>\n<p><strong>\u00bfPRESIDENTE DEL CONCEJO DELIBERANTE?<\/strong><\/p>\n<p><em>&#8220;La presidencia del Concejo Deliberante para el pr\u00f3ximo per\u00edodo, deber\u00e1 surgir del consenso arribado entre los espacios pol\u00edticos que lo componen. La asunci\u00f3n de los nuevos concejales, entiendo que es el 8 de diciembre, una vez asumidos, la sesi\u00f3n inaugural la presidir\u00e9 como el concejal representante de Uni\u00f3n por la Patria, ganador de las elecciones. Ahora bien, luego la designaci\u00f3n del presidente formal del Concejo, surgir\u00e1 a continuaci\u00f3n. \u00bfQue propondr\u00eda en caso que yo resultara elegido?, algo para m\u00ed muy importante y tiene que ver con la relaci\u00f3n entre el oficialismo y la oposici\u00f3n, trabajar duro para que en el HDC se llegue a consensos y con un tono contemporizador; hablar con todos, entre todos, pero sin confrontar ni con chicanas de por medio&#8221;.<\/em><\/p>\n<p>&nbsp;<\/p>\n","protected":false},"excerpt":{"rendered":"<p>EL CONCEJAL ELECTO EN PRIMER T\u00c9RMINO POR UNI\u00d3N POR LA PATRIA. DEFINICIONES.<\/p>\n","protected":false},"author":4,"featured_media":23080,"comment_status":"open","ping_status":"open","sticky":false,"template":"","format":"standard","meta":{"footnotes":"","jetpack_publicize_message":"","jetpack_publicize_feature_enabled":true,"jetpack_social_post_already_shared":true,"jetpack_social_options":{"image_generator_settings":{"template":"highway","default_image_id":0,"font":"","enabled":false},"version":2}},"categories":[17],"tags":[2536,313],"class_list":["post-23079","post","type-post","status-publish","format-standard","has-post-thumbnail","hentry","category-politica","tag-concejal-electo","tag-martin"],"jetpack_publicize_connections":[],"jetpack_featured_media_url":"https:\/\/revistaepocadigital.com.ar\/wp-content\/uploads\/2023\/11\/MARTIN-LUISM.jpg","jetpack_likes_enabled":true,"_links":{"self":[{"href":"https:\/\/revistaepocadigital.com.ar\/index.php?rest_route=\/wp\/v2\/posts\/23079","targetHints":{"allow":["GET"]}}],"collection":[{"href":"https:\/\/revistaepocadigital.com.ar\/index.php?rest_route=\/wp\/v2\/posts"}],"about":[{"href":"https:\/\/revistaepocadigital.com.ar\/index.php?rest_route=\/wp\/v2\/types\/post"}],"author":[{"embeddable":true,"href":"https:\/\/revistaepocadigital.com.ar\/index.php?rest_route=\/wp\/v2\/users\/4"}],"replies":[{"embeddable":true,"href":"https:\/\/revistaepocadigital.com.ar\/index.php?rest_route=%2Fwp%2Fv2%2Fcomments&post=23079"}],"version-history":[{"count":0,"href":"https:\/\/revistaepocadigital.com.ar\/index.php?rest_route=\/wp\/v2\/posts\/23079\/revisions"}],"wp:featuredmedia":[{"embeddable":true,"href":"https:\/\/revistaepocadigital.com.ar\/index.php?rest_route=\/wp\/v2\/media\/23080"}],"wp:attachment":[{"href":"https:\/\/revistaepocadigital.com.ar\/index.php?rest_route=%2Fwp%2Fv2%2Fmedia&parent=23079"}],"wp:term":[{"taxonomy":"category","embeddable":true,"href":"https:\/\/revistaepocadigital.com.ar\/index.php?rest_route=%2Fwp%2Fv2%2Fcategories&post=23079"},{"taxonomy":"post_tag","embeddable":true,"href":"https:\/\/revistaepocadigital.com.ar\/index.php?rest_route=%2Fwp%2Fv2%2Ftags&post=23079"}],"curies":[{"name":"wp","href":"https:\/\/api.w.org\/{rel}","templated":true}]}}