{"id":23093,"date":"2023-11-20T00:37:07","date_gmt":"2023-11-20T03:37:07","guid":{"rendered":"https:\/\/revistaepocadigital.com.ar\/?p=23093"},"modified":"2023-11-20T00:37:07","modified_gmt":"2023-11-20T03:37:07","slug":"una-nueva-argentina-cargada-de-desafios-de-la-mano-de-las-ideas-de-la-libertad","status":"publish","type":"post","link":"https:\/\/revistaepocadigital.com.ar\/?p=23093","title":{"rendered":"Una nueva Argentina cargada de desaf\u00edos de la mano de las ideas de la libertad"},"content":{"rendered":"<header class=\"article-header-wrapper\">\n<div class=\"article-header \">\n<h4 class=\"article-subheadline left \">La Argentina entra en una nueva etapa que intentar\u00e1 alejarse de un esquema populista que la ha hundido en una de sus peores crisis econ\u00f3micas de su historia. Nota publicada por Manuel Adorni en Infobae.com<\/h4>\n<div class=\"byline\">\n<div class=\"byline-image-ctn\">\n<div class=\"author-image-header\"><\/div>\n<\/div>\n<p class=\"authors-name-txt-ctn\"><img loading=\"lazy\" decoding=\"async\" class=\" lazyload\" src=\"https:\/\/www.infobae.com\/new-resizer\/K0zVyRHrtdXp8CpGoqufG3RZH1w=\/420x280\/filters:format(webp):quality(85)\/cloudfront-us-east-1.images.arcpublishing.com\/infobae\/XQ3I2XYLMRDNPCZW6U44SPN3CM.jpg%20420w\" sizes=\"auto, (min-width: 1560px) 856px, (min-width: 1000px) calc(74.63vw - 293px), (min-width: 780px) calc(100vw - 376px), (min-width: 580px) calc(100vw - 32px), 100vw\" srcset=\"https:\/\/www.infobae.com\/new-resizer\/K0zVyRHrtdXp8CpGoqufG3RZH1w=\/420x280\/filters:format(webp):quality(85)\/cloudfront-us-east-1.images.arcpublishing.com\/infobae\/XQ3I2XYLMRDNPCZW6U44SPN3CM.jpg 420w,https:\/\/www.infobae.com\/new-resizer\/5IXF5T9bWHRaSkMCQfV05-sXayA=\/768x512\/filters:format(webp):quality(85)\/cloudfront-us-east-1.images.arcpublishing.com\/infobae\/XQ3I2XYLMRDNPCZW6U44SPN3CM.jpg 768w,https:\/\/www.infobae.com\/new-resizer\/iWVJcAXHdAEggCa3CHVAAbpgsOg=\/992x661\/filters:format(webp):quality(85)\/cloudfront-us-east-1.images.arcpublishing.com\/infobae\/XQ3I2XYLMRDNPCZW6U44SPN3CM.jpg 992w,https:\/\/www.infobae.com\/new-resizer\/vuv0kSps4phlaLoVeDMuSnOtg4c=\/1200x800\/filters:format(webp):quality(85)\/cloudfront-us-east-1.images.arcpublishing.com\/infobae\/XQ3I2XYLMRDNPCZW6U44SPN3CM.jpg 1200w,https:\/\/www.infobae.com\/new-resizer\/awWmLoC7ij_tuNcLKlpiiClE258=\/1440x960\/filters:format(webp):quality(85)\/cloudfront-us-east-1.images.arcpublishing.com\/infobae\/XQ3I2XYLMRDNPCZW6U44SPN3CM.jpg 1440w\" alt=\"Javier Milei antes de emitir su voto. EFE\/ Enrique Garcia Medina\n\" width=\"8051\" height=\"5367\" data-src=\"https:\/\/www.infobae.com\/new-resizer\/K0zVyRHrtdXp8CpGoqufG3RZH1w=\/420x280\/filters:format(webp):quality(85)\/cloudfront-us-east-1.images.arcpublishing.com\/infobae\/XQ3I2XYLMRDNPCZW6U44SPN3CM.jpg 420w\" \/><\/p>\n<\/div>\n<\/div>\n<\/header>\n<article class=\"article\">\n<div class=\"body-article\">\n<div class=\"visual__image\">Javier Milei antes de emitir su voto. EFE\/ Enrique Garcia Medina<\/div>\n<p>&nbsp;<\/p>\n<p class=\"paragraph\">Una nueva Argentina comienza de la mano de Javier Gerardo Milei. Las ideas de la libertad, el deseo de un cambio radical y lo que puede ser el comienzo del fin del populismo triunfaron ante un pa\u00eds que no da m\u00e1s.<\/p>\n<p class=\"paragraph\">El camino parece claro: evitar que la hiperinflaci\u00f3n se transforme en una realidad mientras se desarrolle una transici\u00f3n que apuesta a ser inminente. Se iran confirmando los nombres de los diferentes Ministros todo deber\u00e1 estar listo para un 10 de Diciembre que parece estar todav\u00eda algo lejano.<\/p>\n<div class=\"inline ad-wrapper\">\n<div class=\"dfpAd ad-inline\">\n<div id=\"infobae\/opinion\/nota\/inline\" class=\"infobae\/opinion\/nota\/inline arcad\" data-google-query-id=\"CJqh6O7Q0YIDFeJRuAQdDOMLZQ\">\n<div id=\"google_ads_iframe_\/1058609\/infobae\/opinion\/nota\/inline_0__container__\">La reforma monetaria ha sido una de las grandes promesas de campa\u00f1a. Un Peso que esta al borde de su desaparici\u00f3n y una dolarizaci\u00f3n que comienza su gestaci\u00f3n sin fecha de parto.<\/div>\n<\/div>\n<\/div>\n<\/div>\n<div class=\"blockquote\">\n<blockquote class=\"color_figcaption\"><p>La reestructuraci\u00f3n del Estado, el achicamiento de los gastos y la modificaci\u00f3n del perverso sistema tributario argentino ser\u00e1 parte de la agenda que viene<\/p><\/blockquote>\n<\/div>\n<p class=\"paragraph\">Las reuniones en el Banco Central est\u00e1n pautadas para dentro de algunas horas. El gobierno parece tener en claro que el martes pr\u00f3ximo (con un feriado que parece darle a la situaci\u00f3n algo de respiro) los mercados pueden pasar factura por la incertidumbre de lo que viene. Todo depender\u00e1 de lo que la realidad pol\u00edtica ponga sobre la mesa.<\/p>\n<div class=\"recommended-card__info\">\n<div class=\"recommended-card__info-button recommended-card__info-button--infobae\">Los desaf\u00edos son infinitos. La reforma monetaria urge, pero tambi\u00e9n la reforma fiscal. La reestructuraci\u00f3n del Estado, el achicamiento de los gastos y la modificaci\u00f3n del perverso sistema tributario argentino ser\u00e1 tambi\u00e9n parte de la agenda de las pr\u00f3ximas semanas y parte de la discusi\u00f3n de lo que viene.<\/div>\n<\/div>\n<p class=\"paragraph\">La Argentina entra en una nueva etapa que intentar\u00e1 alejarse de un esquema populista que la ha hundido en una de sus peores crisis econ\u00f3micas de su historia, con niveles de pobreza r\u00e9cords, una inflaci\u00f3n descontrolada y una sociedad que ha dicho basta.<\/p>\n<p class=\"paragraph\">Por lo pronto solo queda esperar los primeros movimientos del electo Presidente, en lo que parece ser una reconfiguraci\u00f3n no solo del camino que va a transitar la Argentina sino tambi\u00e9n de un sistema pol\u00edtico que parece agotado. Por ahora, todo est\u00e1 por verse.<\/p>\n<div class=\"article-tags-container\">\n<div class=\"article-tags-headline\"><\/div>\n<\/div>\n<\/div>\n<div class=\"feed-list-wrapper\">\n<div class=\"col1\">\n<div class=\"deck\"><\/div>\n<\/div>\n<\/div>\n<\/article>\n","protected":false},"excerpt":{"rendered":"<p>La Argentina entra en una nueva etapa que intentar\u00e1 alejarse de un esquema populista que la ha hundido en una de sus peores crisis econ\u00f3micas de su historia. Nota publicada por Manuel Adorni en Infobae.com Javier Milei antes de emitir su voto. EFE\/ Enrique Garcia Medina &nbsp; Una nueva Argentina comienza de la mano de [&hellip;]<\/p>\n","protected":false},"author":3,"featured_media":23095,"comment_status":"open","ping_status":"open","sticky":false,"template":"","format":"standard","meta":{"footnotes":"","jetpack_publicize_message":"","jetpack_publicize_feature_enabled":true,"jetpack_social_post_already_shared":true,"jetpack_social_options":{"image_generator_settings":{"template":"highway","default_image_id":0,"font":"","enabled":false},"version":2}},"categories":[17],"tags":[2152,2537],"class_list":["post-23093","post","type-post","status-publish","format-standard","has-post-thumbnail","hentry","category-politica","tag-2152","tag-milei-presidente"],"jetpack_publicize_connections":[],"jetpack_featured_media_url":"https:\/\/revistaepocadigital.com.ar\/wp-content\/uploads\/2023\/11\/images-3.jpeg","jetpack_likes_enabled":true,"_links":{"self":[{"href":"https:\/\/revistaepocadigital.com.ar\/index.php?rest_route=\/wp\/v2\/posts\/23093","targetHints":{"allow":["GET"]}}],"collection":[{"href":"https:\/\/revistaepocadigital.com.ar\/index.php?rest_route=\/wp\/v2\/posts"}],"about":[{"href":"https:\/\/revistaepocadigital.com.ar\/index.php?rest_route=\/wp\/v2\/types\/post"}],"author":[{"embeddable":true,"href":"https:\/\/revistaepocadigital.com.ar\/index.php?rest_route=\/wp\/v2\/users\/3"}],"replies":[{"embeddable":true,"href":"https:\/\/revistaepocadigital.com.ar\/index.php?rest_route=%2Fwp%2Fv2%2Fcomments&post=23093"}],"version-history":[{"count":0,"href":"https:\/\/revistaepocadigital.com.ar\/index.php?rest_route=\/wp\/v2\/posts\/23093\/revisions"}],"wp:featuredmedia":[{"embeddable":true,"href":"https:\/\/revistaepocadigital.com.ar\/index.php?rest_route=\/wp\/v2\/media\/23095"}],"wp:attachment":[{"href":"https:\/\/revistaepocadigital.com.ar\/index.php?rest_route=%2Fwp%2Fv2%2Fmedia&parent=23093"}],"wp:term":[{"taxonomy":"category","embeddable":true,"href":"https:\/\/revistaepocadigital.com.ar\/index.php?rest_route=%2Fwp%2Fv2%2Fcategories&post=23093"},{"taxonomy":"post_tag","embeddable":true,"href":"https:\/\/revistaepocadigital.com.ar\/index.php?rest_route=%2Fwp%2Fv2%2Ftags&post=23093"}],"curies":[{"name":"wp","href":"https:\/\/api.w.org\/{rel}","templated":true}]}}